{"id":13259,"date":"2021-08-04T13:53:06","date_gmt":"2021-08-04T20:53:06","guid":{"rendered":"https:\/\/vccf.org\/?p=13259"},"modified":"2025-01-29T07:47:42","modified_gmt":"2025-01-29T07:47:42","slug":"because-you-gave-vccf-2021-scholarship-recipients","status":"publish","type":"post","link":"https:\/\/vccf.org\/da\/because-you-gave-vccf-2021-scholarship-recipients\/","title":{"rendered":"Fordi du gav, VCCF 2021-stipendiemodtagere"},"content":{"rendered":"<p>Endnu en gang forhindrede COVID-19-pandemien os i at fejre og h\u00e6dre VCCF-stipendiemodtagerne i 2021 ved vores \u00e5rlige VCCF-stipendiereception. Selvom vi er skuffede over at g\u00e5 glip af endnu et \u00e5r, hvor vi samles personligt, er vores studerendes og donorers sundhed og velv\u00e6re vores prioritet. Da 2020-kampagnen #BecauseYouGave var s\u00e5 vellykket, valgte vi at forts\u00e6tte kampagnen med 2021-modtagerne.<\/p>\n<p>Vores studerende har indsendt vidunderlige historier og billeder af, hvordan VCCF-stipendier p\u00e5virker deres familier, deres uddannelse og deres fremtid. Klik nedenfor for at se de r\u00f8rende historier om vores 2021 VCCF-stipendiemodtagere.<\/p>\n<h3 id=\"student-thank-you\" class=\"already_translated\" style=\"text-align: center;\"><span class=\"already_translated\"><strong data-uw-styling-context=\"true\">TIL VORES K\u00c6RE STIPENDIEDONORER<\/strong><\/span><\/h3>\n<p class=\"already_translated\" data-uw-styling-context=\"true\">Endnu en gang tusind tak for jeres fortsatte engagement og dedikation til vores studerende i Ventura County. Jeres fortsatte st\u00f8tte gennem midlerne fra jeres stipendier skaber virkelig en meningsfuld forandring for disse studerende og er en investering tilbage i vores samfund.<\/p>\n<p class=\"already_translated\" data-uw-styling-context=\"true\">Vi ville gerne finde en m\u00e5de at takke jer for alt det, I g\u00f8r for at g\u00f8re uddannelsesdr\u00f8mme til virkelighed for s\u00e5 mange studerende, og vi mener, at det bedste \"tak\" er at h\u00f8re det direkte fra de studerende selv. Som du kan se i videoen, er din gener\u00f8sitet virkelig med til at \u00e6ndre livet for s\u00e5 mange studerende!<\/p>\n<p><\/p>\n<h3 id=\"student-thank-you\" class=\"already_translated\" style=\"text-align: center;\"><strong>EN BESKED TIL VORES STIPENDIEMODTAGERE<\/strong><\/h3>\n<section class=\"elementor-section elementor-top-section elementor-element elementor-element-6f7a7d4 elementor-section-boxed elementor-section-height-default elementor-section-height-default\" data-id=\"6f7a7d4\" data-element_type=\"section\">\n<div class=\"elementor-container elementor-column-gap-default\">\n<div class=\"elementor-row\">\n<div class=\"elementor-column elementor-col-100 elementor-top-column elementor-element elementor-element-c4a0831\" data-id=\"c4a0831\" data-element_type=\"column\">\n<div class=\"elementor-column-wrap elementor-element-populated\">\n<div class=\"elementor-widget-wrap\">\n<div class=\"elementor-element elementor-element-b6496e3 elementor-widget elementor-widget-text-editor\" data-id=\"b6496e3\" data-element_type=\"widget\" data-widget_type=\"text-editor.default\">\n<div class=\"elementor-widget-container\">\n<div class=\"elementor-text-editor elementor-clearfix\">\n<p class=\"already_translated\" data-uw-styling-context=\"true\">Vi er s\u00e5 stolte af dig og alt dit h\u00e5rde arbejde. Jeres ukuelighed inspirerer os alle! Selv gennem en global pandemi lykkedes det dig at trives med din uddannelse og forblive engageret i at forbedre dit samfund. Vi er taknemmelige for at kunne st\u00f8tte dig p\u00e5 din rejse takket v\u00e6re de gener\u00f8se bidrag fra vores VCCF-stipendiedonorer.<\/p>\n<p class=\"already_translated\" data-uw-styling-context=\"true\">Klik nedenfor for at f\u00e5 en besked fra Leah Lacayo, medlem af VCCF's bestyrelse, medlem af VCCF's stipendieudvalg og indehaver af Destino-stipendiet og din VCCF-stipendiedirekt\u00f8r, Dr. Cristina Miranda.<\/p>\n<p class=\"already_translated\"><strong data-uw-styling-context=\"true\">Endnu en gang er vi s\u00e5 utroligt stolte af alt det, du har opn\u00e5et, og vi kan ikke vente med at se, hvad du vil g\u00f8re n\u00e6ste gang!<\/strong><\/p>\n<\/div>\n<\/div>\n<\/div>\n<\/div>\n<\/div>\n<\/div>\n<\/div>\n<\/div>\n<\/section>\n<p><\/p>\n<h3 id=\"student-thank-you\" class=\"already_translated\" style=\"text-align: center;\"><strong>TIL VORES UDV\u00c6LGELSESKOMIT\u00c9<\/strong><\/h3>\n<section class=\"elementor-section elementor-top-section elementor-element elementor-element-6f7a7d4 elementor-section-boxed elementor-section-height-default elementor-section-height-default\" data-id=\"6f7a7d4\" data-element_type=\"section\">\n<div class=\"elementor-container elementor-column-gap-default\">\n<div class=\"elementor-row\">\n<div class=\"elementor-column elementor-col-100 elementor-top-column elementor-element elementor-element-c4a0831\" data-id=\"c4a0831\" data-element_type=\"column\">\n<div class=\"elementor-column-wrap elementor-element-populated\">\n<div class=\"elementor-widget-wrap\">\n<div class=\"elementor-element elementor-element-b6496e3 elementor-widget elementor-widget-text-editor\" data-id=\"b6496e3\" data-element_type=\"widget\" data-widget_type=\"text-editor.default\">\n<div class=\"elementor-widget-container\">\n<div class=\"elementor-text-editor elementor-clearfix\">\n<p>Vi kan ikke takke jer nok for den tid, I har brugt p\u00e5 at gennemg\u00e5 VCCF's stipendier i \u00e5r. VCCF modtog n\u00e6sten 3000 legatans\u00f8gninger, og vi ville p\u00e5 ingen m\u00e5de have v\u00e6ret i stand til at gennemg\u00e5 dem alle uden jer!<\/p>\n<p><strong>Tak for din fortsatte st\u00f8tte til VCCF's stipendieprogram og vores studerende i Ventura County. Vi kunne ikke g\u00f8re dette arbejde uden dig eller vores donorer!<\/strong><\/p>\n<\/div>\n<\/div>\n<\/div>\n<\/div>\n<\/div>\n<\/div>\n<\/div>\n<\/div>\n<\/section>\n<p><\/p>\n<h3 id=\"student-thank-you\" class=\"already_translated\" style=\"text-align: center;\"><strong>EN BESKED FRA VORES DRIFTSCHEF<\/strong><\/h3>\n<section class=\"elementor-section elementor-top-section elementor-element elementor-element-6f7a7d4 elementor-section-boxed elementor-section-height-default elementor-section-height-default\" data-id=\"6f7a7d4\" data-element_type=\"section\">\n<div class=\"elementor-container elementor-column-gap-default\">\n<div class=\"elementor-row\">\n<div class=\"elementor-column elementor-col-100 elementor-top-column elementor-element elementor-element-c4a0831\" data-id=\"c4a0831\" data-element_type=\"column\">\n<div class=\"elementor-column-wrap elementor-element-populated\">\n<div class=\"elementor-widget-wrap\">\n<div class=\"elementor-element elementor-element-b6496e3 elementor-widget elementor-widget-text-editor\" data-id=\"b6496e3\" data-element_type=\"widget\" data-widget_type=\"text-editor.default\">\n<div class=\"elementor-widget-container\">\n<div class=\"elementor-text-editor elementor-clearfix\">\n<p><img loading=\"lazy\" decoding=\"async\" class=\"wp-image-11234 alignleft\" src=\"https:\/\/vccf.org\/wp-content\/uploads\/2021\/01\/jeffrey-lambert.jpg\" alt=\"\" width=\"250\" height=\"333\" srcset=\"https:\/\/vccf.org\/wp-content\/uploads\/2021\/01\/jeffrey-lambert.jpg 300w, https:\/\/vccf.org\/wp-content\/uploads\/2021\/01\/jeffrey-lambert-225x300.jpg 225w, https:\/\/vccf.org\/wp-content\/uploads\/2021\/01\/jeffrey-lambert-9x12.jpg 9w\" sizes=\"auto, (max-width: 250px) 100vw, 250px\" \/>Som Chief Operating Officer for Ventura County Community Foundation er jeg be\u00e6ret over at arbejde sammen med et enest\u00e5ende team af talentfulde og passionerede fagfolk som vores Scholarship Director Cristina Miranda.<\/p>\n<p>Vi ville ikke v\u00e6re i stand til at udf\u00f8re dette vigtige arbejde uden VCCF's stipendiekomit\u00e9. Disse frivillige gjorde det muligt for VCCF og vores donorer at uddele mere end $1,1 millioner i stipendier til vores lokale studerende. Disse stipendier er et budskab til vores unge om, at vi tror p\u00e5 dem og deres fremtid, og det er tydeligt, at denne \u00f8konomiske og f\u00f8lelsesm\u00e6ssige st\u00f8tte vil sende dem ud i verden med selvtillid til at f\u00e5 succes.<\/p>\n<p>Den bedste,<br \/>\nJeffrey Lambert<\/p>\n<\/div>\n<\/div>\n<\/div>\n<\/div>\n<\/div>\n<\/div>\n<\/div>\n<\/div>\n<\/section>\n<p><\/p>","protected":false},"excerpt":{"rendered":"<p>Once again, the COVID-19 Pandemic prevented us from celebrating and honoring the 2021 VCCF scholarship recipients at our annual VCCF scholarship reception. Although we are disappointed to miss another year&hellip;<\/p>","protected":false},"author":3,"featured_media":13175,"comment_status":"closed","ping_status":"closed","sticky":false,"template":"","format":"standard","meta":{"_acf_changed":false,"give_campaign_id":0,"footnotes":""},"categories":[24],"tags":[],"class_list":["post-13259","post","type-post","status-publish","format-standard","has-post-thumbnail","hentry","category-newsletters"],"acf":[],"_links":{"self":[{"href":"https:\/\/vccf.org\/da\/wp-json\/wp\/v2\/posts\/13259","targetHints":{"allow":["GET"]}}],"collection":[{"href":"https:\/\/vccf.org\/da\/wp-json\/wp\/v2\/posts"}],"about":[{"href":"https:\/\/vccf.org\/da\/wp-json\/wp\/v2\/types\/post"}],"author":[{"embeddable":true,"href":"https:\/\/vccf.org\/da\/wp-json\/wp\/v2\/users\/3"}],"replies":[{"embeddable":true,"href":"https:\/\/vccf.org\/da\/wp-json\/wp\/v2\/comments?post=13259"}],"version-history":[{"count":0,"href":"https:\/\/vccf.org\/da\/wp-json\/wp\/v2\/posts\/13259\/revisions"}],"wp:featuredmedia":[{"embeddable":true,"href":"https:\/\/vccf.org\/da\/wp-json\/wp\/v2\/media\/13175"}],"wp:attachment":[{"href":"https:\/\/vccf.org\/da\/wp-json\/wp\/v2\/media?parent=13259"}],"wp:term":[{"taxonomy":"category","embeddable":true,"href":"https:\/\/vccf.org\/da\/wp-json\/wp\/v2\/categories?post=13259"},{"taxonomy":"post_tag","embeddable":true,"href":"https:\/\/vccf.org\/da\/wp-json\/wp\/v2\/tags?post=13259"}],"curies":[{"name":"wp","href":"https:\/\/api.w.org\/{rel}","templated":true}]}}