{"id":15287,"date":"2022-04-26T12:19:46","date_gmt":"2022-04-26T19:19:46","guid":{"rendered":"https:\/\/vccf.org\/?p=15287"},"modified":"2025-03-03T05:55:08","modified_gmt":"2025-03-03T13:55:08","slug":"vccf-donor-spotlight-interview-with-terri-ferro","status":"publish","type":"post","link":"https:\/\/vccf.org\/da\/vccf-donor-spotlight-interview-with-terri-ferro\/","title":{"rendered":"VCCF Donor Spotlight: Interview med Terri Ferro"},"content":{"rendered":"<p><img loading=\"lazy\" decoding=\"async\" class=\"aligncenter wp-image-22653 size-full\" src=\"https:\/\/vccf.org\/wp-content\/uploads\/2022\/04\/terri-ferro-header-scaled-2.jpg\" alt=\"\" width=\"1920\" height=\"1091\" srcset=\"https:\/\/vccf.org\/wp-content\/uploads\/2022\/04\/terri-ferro-header-scaled-2.jpg 1920w, https:\/\/vccf.org\/wp-content\/uploads\/2022\/04\/terri-ferro-header-scaled-2-300x170.jpg 300w, https:\/\/vccf.org\/wp-content\/uploads\/2022\/04\/terri-ferro-header-scaled-2-1024x582.jpg 1024w, https:\/\/vccf.org\/wp-content\/uploads\/2022\/04\/terri-ferro-header-scaled-2-768x436.jpg 768w, https:\/\/vccf.org\/wp-content\/uploads\/2022\/04\/terri-ferro-header-scaled-2-1536x873.jpg 1536w, https:\/\/vccf.org\/wp-content\/uploads\/2022\/04\/terri-ferro-header-scaled-2-18x10.jpg 18w\" sizes=\"auto, (max-width: 1920px) 100vw, 1920px\" \/><\/p>\n<p style=\"text-align: center;\"><em>Terri Ferro, til h\u00f8jre i billedet, p\u00e5 bes\u00f8g i City Center i Ventura.<\/em><\/p>\n<p><span data-contrast=\"none\">VCCF's praktikant Daniel Whitworth fik for nylig mulighed for at l\u00e6re mere om VCCF's donorkunde Terri Ferro. Terri f\u00f8rer tilsyn med Ferro Fund, som oprindeligt blev oprettet af hendes svigerfar Fred Ferro, for at st\u00f8tte kvalificerede nonprofitorganisationer, der tjener og skaber muligheder for undervurderede unge i Ventura County. Ved udgangen af 2021 uddelte Ferro Fund $300.000 til lokale nonprofitorganisationer som The City Center Transitional Living, flere Ventura County Boys &amp; Girls Clubs, YMCA Southeast Ventura County og Poder Popular. Terri er en pensioneret geolog, som nyder at rejse og v\u00e6re aktiv. Hun beskrev, hvordan hun oprindeligt blev involveret i fonden, og sagde: \"A<\/span><span data-contrast=\"none\">P\u00e5 det tidspunkt var jeg g\u00e5et p\u00e5 pension og lavede ikke rigtig noget, og det var en anledning til, at min mand overlod tingene til mig. Pludselig blev jeg kastet ind i en position, hvor jeg kunne g\u00f8re gode ting for andre mennesker, og det er en fed ting.<\/span><span data-contrast=\"none\">\"<\/span><\/p>\n<p><strong>Beskriv din f\u00f8rste gang, du gav noget tilbage til dit lokalsamfund, hvad enten det var filantropi, frivilligt arbejde eller andet.<\/strong><\/p>\n<p><span data-contrast=\"none\">Jeg har lavet noget frivilligt arbejde her og der. Det er egentlig bare, n\u00e5r mulighederne byder sig. Jeg ved, at vi med denne fond, gennem Fred Ferro, finansierede et herberg for hjeml\u00f8se i Ventura County. De var ved at bygge et l\u00e6ringscenter, og vi gav dem nogle penge til at hj\u00e6lpe med at finansiere bygningen af det. P\u00e5 det tidspunkt sagde jeg til direkt\u00f8ren: \"N\u00e5r du starter dit mentorprogram, s\u00e5 ring til mig, for det kunne jeg godt t\u00e6nke mig at g\u00f8re.\" S\u00e5 det er den slags ting, hvor jeg, n\u00e5r der kommer en mulighed, siger: \"\u00c5h, det kan jeg g\u00f8re eller hj\u00e6lpe med.\"<\/span><\/p>\n<p><strong>Hvad er Ferro-fonden?\u00a0<\/strong><\/p>\n<p><span data-contrast=\"none\">Min svigerfar, Fred Ferro, havde en fond, som han styrede til fordel for uddannelse af udsatte b\u00f8rn i Ventura County. S\u00e5 det var s\u00e5dan, det startede. For mit eget vedkommende er en af de m\u00e5der, familien har arbejdet og tjent penge p\u00e5, at de er i landbruget. Og hvis man ser p\u00e5 det samfund, der omgiver landbruget, er der meget ofte tale om indvandrere, f\u00f8rste generation og folk, der arbejder meget h\u00e5rdt for at tjene penge. Og derfor har deres b\u00f8rn ogs\u00e5 brug for st\u00f8tte. De b\u00f8rn har brug for tjenester som Boys &amp; Girls Club eller tjenester, der er direkte relateret til det at arbejde p\u00e5 en g\u00e5rd. Men jeg f\u00f8ler, at det specifikt er noget, jeg gerne vil se, fordi det er noget, der har bragt mig derhen, hvor jeg er. Nogle af de gode programmer derude, som Boys &amp; Girls Clubs, har faciliteter til lektiehj\u00e6lp og vejledning.<\/span><span data-contrast=\"none\">,<\/span><span data-contrast=\"none\"> og Ferro-fonden arbejder for at st\u00f8tte disse fantastiske programmer.<\/span><\/p>\n<p><strong>Hvordan var din oplevelse med Fred Ferro Fund 2021 ved \u00e5rets udgang?\u00a0<\/strong><\/p>\n<p><span data-contrast=\"none\">Det f\u00f8rste \u00e5r, jeg var involveret i det, gav vi nogle penge til Boys &amp; Girls Club of Santa Clara Valley. Der var en hel del penge, der kunne udbetales ved udgangen af 2021. S\u00e5 jeg bad organisationer om at give mig flere muligheder for, hvad de kunne g\u00f8re med forskellige bel\u00f8b. S\u00e5 fik vi kontakt med en person, en ven af familien, tror jeg, som havde forbindelse til et herberg for hjeml\u00f8se og et midlertidigt opholdssted i Ventura. <\/span><\/p>\n<p><span data-contrast=\"none\">Et af de projekter, jeg var s\u00e6rligt interesseret i, var et, der var specielt til b\u00f8rn med autisme, n\u00e5r de g\u00e5r p\u00e5 et sted som en efterskole. Jeg havde set dem f\u00f8r, fordi jeg har en nev\u00f8 med autisme, og den skole, han g\u00e5r p\u00e5, har et sanserum. Det var meget sp\u00e6ndende at h\u00f8re, at der var behov for s\u00e5dan et. Det var rart at f\u00e5 lidt personlig viden og have en forbindelse til det. Det er klart, at alt det, vi har v\u00e6ret med til at finansiere, er det hele v\u00e6rd, men det er rart, n\u00e5r man f\u00e5r den ene ting, hvor det er s\u00e5dan<\/span><span data-contrast=\"none\">,<\/span><span data-contrast=\"none\"> \"Jeg ved, hvad det er; det vil jeg gerne hj\u00e6lpe med.\" Jeg forst\u00e5r, hvor vigtigt det er for et barn, der har nogle sensoriske problemer i sit liv.<\/span><\/p>\n<p><strong>Hvordan h\u00e5ber du, at din donation p\u00e5virker samfundet?<\/strong><\/p>\n<p><span data-contrast=\"none\">Jeg pr\u00f8ver at lede efter programmer, som jeg m\u00e5ske kan f\u00e6rdigg\u00f8re. For eksempel havde bycentret brug for X antal dollars for at blive f\u00e6rdige, og s\u00e5 kunne de g\u00e5 videre med planerne om at starte l\u00e6ringscentret der. Jeg ved, at Boys &amp; Girls Club of Santa Clara Valley p\u00e5 et tidspunkt, sikkert for et par \u00e5r siden, havde brug for en varevogn. Jeg kan virkelig godt lide at s\u00e6tte tal p\u00e5: \"Hvis du giver mig s\u00e5 mange penge, er det pr\u00e6cis det her, jeg kan g\u00f8re med dem. S\u00e5 vil jeg v\u00e6re fuldt finansieret til at g\u00f8re, hvad det end er.\" Og det er selvf\u00f8lgelig ikke altid muligt, da det afh\u00e6nger af projektet.<\/span> <span data-contrast=\"none\">Nu hvor du har din varevogn, kan du for eksempel transportere b\u00f8rn til andre steder og forbedre deres uddannelsesmuligheder, fordi du kan tage dem med et sted hen. Endnu en gang er selve fonden rettet mod uddannelsesmuligheder i det underforsynede samfund. Det, jeg i sidste ende h\u00e5ber, er, at den del af deres uddannelse har betydet noget for en r\u00e6kke b\u00f8rn og givet dem mulighed for at komme videre, noget de umuligt kunne have gjort uden.<\/span><\/p>\n<p><strong>Hvad er dit bedste r\u00e5d til andre, der gerne vil g\u00f8re en forskel?\u00a0<\/strong><\/p>\n<p><span data-contrast=\"none\">Et af de r\u00e5d, jeg vil give, og som virkelig gjorde en forskel for mig med VCCF, er at tage en samtale med din lokale fond og fort\u00e6lle dem, hvad du pr\u00e6cist \u00f8nsker at se, at arbejde t\u00e6t sammen med et sted som VCCF og arbejde t\u00e6t sammen med deres medarbejdere, fordi jeg kan s\u00e6tte ord p\u00e5 tingene sammen med dem. Hvert \u00e5r, n\u00e5r jeg ringer, vil den, jeg taler med, sige: \"\u00c5h, jeg ved noget specifikt, der er kommet op, som du m\u00e5ske er interesseret i.\" Det er en dejlig samarbejdsposition at v\u00e6re i. Alle i fonden var meget lydh\u00f8re over for, hvad fonden skulle bruges til, og hvordan den var sat sammen. Generelt klarer man sig ikke s\u00e5 godt, hvis man ikke s\u00e6tter sig ned og har den indledende samtale om, hvad man har t\u00e6nkt sig.<\/span><span data-ccp-props=\"{&quot;201341983&quot;:0,&quot;335559739&quot;:160,&quot;335559740&quot;:259}\">\u00a0<\/span><\/p>\n<p style=\"text-align: left;\"><em>Hvis du er interesseret i at starte en fond hos VCCF, <a href=\"https:\/\/vccf.org\/da\/donors\/#start-a-fund\">Klik her for at f\u00e5 mere at vide<\/a> eller send en e-mail til Calleen Pardinas p\u00e5 <a href=\"mailto:cpardinas@vccf.org\">cpardinas@vccf.org<\/a>.<\/em><\/p>\n<p><\/p>","protected":false},"excerpt":{"rendered":"<p>Terri Ferro, pictured right, visiting the City Center in Ventura. VCCF intern Daniel Whitworth recently had the chance to learn more about VCCF donor client Terri Ferro. Terri oversees the&hellip;<\/p>","protected":false},"author":3,"featured_media":15288,"comment_status":"closed","ping_status":"closed","sticky":false,"template":"","format":"standard","meta":{"_acf_changed":false,"give_campaign_id":0,"footnotes":""},"categories":[27],"tags":[],"class_list":["post-15287","post","type-post","status-publish","format-standard","has-post-thumbnail","hentry","category-blog-posts"],"acf":[],"_links":{"self":[{"href":"https:\/\/vccf.org\/da\/wp-json\/wp\/v2\/posts\/15287","targetHints":{"allow":["GET"]}}],"collection":[{"href":"https:\/\/vccf.org\/da\/wp-json\/wp\/v2\/posts"}],"about":[{"href":"https:\/\/vccf.org\/da\/wp-json\/wp\/v2\/types\/post"}],"author":[{"embeddable":true,"href":"https:\/\/vccf.org\/da\/wp-json\/wp\/v2\/users\/3"}],"replies":[{"embeddable":true,"href":"https:\/\/vccf.org\/da\/wp-json\/wp\/v2\/comments?post=15287"}],"version-history":[{"count":0,"href":"https:\/\/vccf.org\/da\/wp-json\/wp\/v2\/posts\/15287\/revisions"}],"wp:featuredmedia":[{"embeddable":true,"href":"https:\/\/vccf.org\/da\/wp-json\/wp\/v2\/media\/15288"}],"wp:attachment":[{"href":"https:\/\/vccf.org\/da\/wp-json\/wp\/v2\/media?parent=15287"}],"wp:term":[{"taxonomy":"category","embeddable":true,"href":"https:\/\/vccf.org\/da\/wp-json\/wp\/v2\/categories?post=15287"},{"taxonomy":"post_tag","embeddable":true,"href":"https:\/\/vccf.org\/da\/wp-json\/wp\/v2\/tags?post=15287"}],"curies":[{"name":"wp","href":"https:\/\/api.w.org\/{rel}","templated":true}]}}