{"id":16393,"date":"2022-08-31T12:23:21","date_gmt":"2022-08-31T19:23:21","guid":{"rendered":"https:\/\/vccf.org\/?p=16393"},"modified":"2025-03-05T00:55:16","modified_gmt":"2025-03-05T08:55:16","slug":"power-of-purpose-august-31-2022","status":"publish","type":"post","link":"https:\/\/vccf.org\/da\/power-of-purpose-august-31-2022\/","title":{"rendered":"Power of Purpose - 31. august 2022"},"content":{"rendered":"<p><img loading=\"lazy\" decoding=\"async\" class=\"size-full wp-image-14303 aligncenter\" src=\"https:\/\/vccf.org\/wp-content\/uploads\/2021\/12\/0ea2f070-926c-4b9e-fc28-bf93f02f9fe2.png\" alt=\"\" width=\"600\" height=\"301\" srcset=\"https:\/\/vccf.org\/wp-content\/uploads\/2021\/12\/0ea2f070-926c-4b9e-fc28-bf93f02f9fe2.png 600w, https:\/\/vccf.org\/wp-content\/uploads\/2021\/12\/0ea2f070-926c-4b9e-fc28-bf93f02f9fe2-300x151.png 300w, https:\/\/vccf.org\/wp-content\/uploads\/2021\/12\/0ea2f070-926c-4b9e-fc28-bf93f02f9fe2-18x9.png 18w\" sizes=\"auto, (max-width: 600px) 100vw, 600px\" \/><\/p>\n<p>K\u00e6re Ventura County Community Foundation-familie,<\/p>\n<p>Jeg har reflekteret meget over, hvad der kendetegner godt lederskab i de seneste uger. Det er sket, efter at jeg har mistet en k\u00e6r ven og lokal helt. Carmen Ramirez var uden sammenligning en af de mest inspirerende ledere, jeg nogensinde har kendt, og jeg savner hende s\u00e5 meget, at det f\u00f8les sv\u00e6rt at tr\u00e6kke vejret.<\/p>\n<p>Carmen var en kvinde, der omfavnede det sv\u00e6re - hun var ikke bange for nogen udfordring og klarede enhver situation med en styrke og ynde, der betog dem omkring hende.<\/p>\n<p>Nietzsche siger: \"Den, der har et hvorfor at leve, kan b\u00e6re n\u00e6sten ethvert hvordan.\" Carmen var en kvinde med et form\u00e5l, og hendes engagement i lighed og retf\u00e6rdighed var s\u00e5 st\u00e6rkt, at tilbageslag bare var sm\u00e5 bump p\u00e5 vejen. Hun p\u00e5virkede tusinder og atter tusinder af liv i vores samfund.<\/p>\n<p>Carmen, et mange\u00e5rigt tidligere bestyrelsesmedlem i jeres fond, vores medformand for Ventura County Highest Quality Early Childhood Education Initiative og en v\u00e6rdsat strategisk tankepartner, vil blive savnet meget. Vores k\u00e6re ven udstr\u00e5lede gl\u00e6de og lyste op med et indre lys, som fortsat vil skinne gennem alle, der kendte hende.<\/p>\n<p>I solidaritet,<br \/>\nVanessa<br \/>\n<em>Vanessa Bechtel, VCCF's pr\u00e6sident og CEO<\/em><\/p>\n<p><\/p>\n<h2 style=\"text-align: center;\">VCCF fejrer Carmen Ramirez' liv<\/h2>\n<p><img loading=\"lazy\" decoding=\"async\" class=\"alignleft wp-image-16354 size-medium\" src=\"https:\/\/vccf.org\/wp-content\/uploads\/2022\/08\/carmen-ramirez-300x300.jpeg\" alt=\"\" width=\"300\" height=\"300\" srcset=\"https:\/\/vccf.org\/wp-content\/uploads\/2022\/08\/carmen-ramirez-300x300.jpeg 300w, https:\/\/vccf.org\/wp-content\/uploads\/2022\/08\/carmen-ramirez-150x150.jpeg 150w, https:\/\/vccf.org\/wp-content\/uploads\/2022\/08\/carmen-ramirez-12x12.jpeg 12w, https:\/\/vccf.org\/wp-content\/uploads\/2022\/08\/carmen-ramirez.jpeg 730w\" sizes=\"auto, (max-width: 300px) 100vw, 300px\" \/>Ventura County Community Foundation s\u00f8rger over tabet af <strong>Carmen Ramirez<\/strong>Hun var en helt og en pioner i lokalsamfundet. Blandt hendes aktivisme og tjenester i hele amtet var hun medformand for Early Childhood Education Initiative i Ventura County og tidligere medlem af VCCF's bestyrelse. <strong>Vi vil virkelig savne hende og fejre hendes utr\u00e6ttelige arbejde for at opn\u00e5 lighed for alle i vores samfund.<\/strong>L\u00e6s mere<\/p>\n<h2 style=\"text-align: center;\">#BecauseYouGave<\/h2>\n<p><a href=\"https:\/\/vimeo.com\/724071449\/4c7a3af7e4\" target=\"_blank\" rel=\"noopener\"><img loading=\"lazy\" decoding=\"async\" class=\"aligncenter wp-image-16395\" src=\"https:\/\/vccf.org\/wp-content\/uploads\/2022\/08\/byg-thumbnail-email-2.png\" alt=\"\" width=\"600\" height=\"449\" srcset=\"https:\/\/vccf.org\/wp-content\/uploads\/2022\/08\/byg-thumbnail-email-2.png 700w, https:\/\/vccf.org\/wp-content\/uploads\/2022\/08\/byg-thumbnail-email-2-300x225.png 300w, https:\/\/vccf.org\/wp-content\/uploads\/2022\/08\/byg-thumbnail-email-2-16x12.png 16w\" sizes=\"auto, (max-width: 600px) 100vw, 600px\" \/><\/a><\/p>\n<p>I \u00e5r, <strong>VCCF vil uddele over $1.4 MILLIONER i stipendier<\/strong> til mere end <strong>300 inspirerende lokale studerende<\/strong>! Vi har fortsat vores tradition gennem hele Covid-19-pandemien med at fejre vores 2022 VCCF-stipendiemodtagere gennem vores <strong>#BecauseYouGave-kampagnevideo<\/strong>Vi vil gerne takke vores donorer for deres gener\u00f8sitet og fremh\u00e6ve vores studerendes h\u00e5rde arbejde og dr\u00f8mme.<\/p>\n<p>Vi inviterer dig til at <strong>Se videoen og bliv inspireret <\/strong>af kraften i at give og udholdenheden hos de utrolige studerende i vores samfund. Vores studerende delte deres opl\u00f8ftende historier og billeder af, hvordan <strong>VCCF-stipendier p\u00e5virker deres familier, deres uddannelse og deres fremtid<\/strong>L\u00e6s mere<\/p>\n<h2 style=\"text-align: center;\">M\u00f8d Larry Hines - Donor Feature<\/h2>\n<p><img loading=\"lazy\" decoding=\"async\" class=\"aligncenter wp-image-22639 size-full\" src=\"https:\/\/vccf.org\/wp-content\/uploads\/2022\/08\/larry-hines-scaled-2.jpg\" alt=\"\" width=\"1920\" height=\"1278\" srcset=\"https:\/\/vccf.org\/wp-content\/uploads\/2022\/08\/larry-hines-scaled-2.jpg 1920w, https:\/\/vccf.org\/wp-content\/uploads\/2022\/08\/larry-hines-scaled-2-300x200.jpg 300w, https:\/\/vccf.org\/wp-content\/uploads\/2022\/08\/larry-hines-scaled-2-1024x682.jpg 1024w, https:\/\/vccf.org\/wp-content\/uploads\/2022\/08\/larry-hines-scaled-2-768x511.jpg 768w, https:\/\/vccf.org\/wp-content\/uploads\/2022\/08\/larry-hines-scaled-2-1536x1022.jpg 1536w, https:\/\/vccf.org\/wp-content\/uploads\/2022\/08\/larry-hines-scaled-2-18x12.jpg 18w\" sizes=\"auto, (max-width: 1920px) 100vw, 1920px\" \/><\/p>\n<p>VCCF har talt med <strong>Larry Hines <\/strong>til denne m\u00e5neds interview med en donorklient. F\u00e5 mere at vide om hans nonprofit-organisation, The <a href=\"https:\/\/vccf.us19.list-manage.com\/track\/click?u=c9b2623ed494d61a163dd363c&amp;id=1ad07ef14c&amp;e=fa866f741a\" target=\"_blank\" rel=\"noopener\"><strong>Nadine Griffey Academy of Kenya<\/strong><\/a>der blev oprettet til \u00e6re for hans afd\u00f8de kone, og hvordan dette akademi er\u00a0<strong>Bryd fattigdomscirklen gennem uddannelse af for\u00e6ldrel\u00f8se b\u00f8rn i Kenya<\/strong>L\u00e6s mere<\/p>\n<h2 style=\"text-align: center;\">Tillykke, Ventura College!<\/h2>\n<p><img loading=\"lazy\" decoding=\"async\" class=\"aligncenter wp-image-16396\" src=\"https:\/\/vccf.org\/wp-content\/uploads\/2022\/08\/ventura-college.jpg\" alt=\"\" width=\"600\" height=\"400\" srcset=\"https:\/\/vccf.org\/wp-content\/uploads\/2022\/08\/ventura-college.jpg 1773w, https:\/\/vccf.org\/wp-content\/uploads\/2022\/08\/ventura-college-300x200.jpg 300w, https:\/\/vccf.org\/wp-content\/uploads\/2022\/08\/ventura-college-1024x683.jpg 1024w, https:\/\/vccf.org\/wp-content\/uploads\/2022\/08\/ventura-college-768x512.jpg 768w, https:\/\/vccf.org\/wp-content\/uploads\/2022\/08\/ventura-college-1536x1024.jpg 1536w, https:\/\/vccf.org\/wp-content\/uploads\/2022\/08\/ventura-college-18x12.jpg 18w\" sizes=\"auto, (max-width: 600px) 100vw, 600px\" \/><\/p>\n<p>Siden starten af efter\u00e5rssemesteret 2021 og frem til nu, <strong>Ventura College<\/strong> har modtaget mange prestigefyldte priser, udm\u00e6rkelser og tilskud, som de er ekstremt stolte af, og de str\u00e6ber efter at holde dette momentum k\u00f8rende. Senest har <strong>College fik tildelt $62 millioner til at finansiere billige boliger til studerende<\/strong> der vil bidrage med h\u00e5rdt tiltr\u00e6ngte overkommelige priser <strong>boliger til vores mest s\u00e5rbare studerende<\/strong>. Ventura College blev ogs\u00e5 tildelt prisen <strong>Aspen Prize for Community College Excellence<\/strong> og de rangerede <strong>22. plads blandt de 100 bedste colleges og universiteter for latinamerikanere<\/strong> af <a href=\"https:\/\/vccf.us19.list-manage.com\/track\/click?u=c9b2623ed494d61a163dd363c&amp;id=6e226ce68c&amp;e=fa866f741a\" target=\"_blank\" rel=\"noopener\">Hispanic Outlook on Education Magazine<\/a>. I oktober 2021 blev VC tildelt en <strong>$5 millioner i tilskud til at finansiere Project S:AIL in STEM<\/strong> som forbedrer Ventura Colleges Hispanic Serving Institution (HSI)-betegnelse ved at transformere institutionelle strukturer og kultur til at omfatte en tjenende campus, der centrerer og bygger p\u00e5 de kulturelle og intellektuelle aktiver hos latinamerikanske\/a\/o STEM-studerende.l\u00e6s mere<\/p>\n<h2 style=\"text-align: center;\">VCCF Virtual Donor Lunch &amp; Learns - optagelser fra juli og august<\/h2>\n<p><img loading=\"lazy\" decoding=\"async\" class=\"size-full wp-image-16397 aligncenter\" src=\"https:\/\/vccf.org\/wp-content\/uploads\/2022\/08\/dpn-email-header-3.png\" alt=\"\" width=\"600\" height=\"340\" srcset=\"https:\/\/vccf.org\/wp-content\/uploads\/2022\/08\/dpn-email-header-3.png 600w, https:\/\/vccf.org\/wp-content\/uploads\/2022\/08\/dpn-email-header-3-300x170.png 300w, https:\/\/vccf.org\/wp-content\/uploads\/2022\/08\/dpn-email-header-3-18x10.png 18w\" sizes=\"auto, (max-width: 600px) 100vw, 600px\" \/><\/p>\n<p>VCCF's<strong>\u00a0Virtuel frokost og l\u00e6ring for donorer<\/strong> udstillet <strong>Canterbury R\u00e5dgivning <\/strong>i juli, hvor han pr\u00e6senterede <strong>nuv\u00e6rende finansielle marked<\/strong> og <strong>VCCF's investeringsportef\u00f8lje, <\/strong>og <strong>John's Healthcare Foundation <\/strong>og <strong>Make-A-Wish Tri-Counties<\/strong> fort\u00e6lle om deres arbejde med en opdatering p\u00e5 <strong>VCCF's initiativ for p\u00e5r\u00f8rende<\/strong> i august. Se optagelserne fra disse sessioner eller se vores kommende talere ved at klikke p\u00e5 knappen nedenfor.L\u00e6s mere<\/p>\n<h2 style=\"text-align: center;\">F\u00e6lles v\u00e5genat for Mark &amp; Jacob Iskander<\/h2>\n<p><img loading=\"lazy\" decoding=\"async\" class=\"wp-image-13472 aligncenter\" src=\"https:\/\/vccf.org\/wp-content\/uploads\/2021\/09\/iskander-photo.jpg\" alt=\"\" width=\"600\" height=\"384\" srcset=\"https:\/\/vccf.org\/wp-content\/uploads\/2021\/09\/iskander-photo.jpg 750w, https:\/\/vccf.org\/wp-content\/uploads\/2021\/09\/iskander-photo-300x192.jpg 300w, https:\/\/vccf.org\/wp-content\/uploads\/2021\/09\/iskander-photo-18x12.jpg 18w\" sizes=\"auto, (max-width: 600px) 100vw, 600px\" \/><\/p>\n<p>Saml dig med andre medlemmer af f\u00e6llesskabet til en <strong>V\u00e5genat til \u00e6re for mindet om Mark og Jacob Iskander<\/strong> den 29. september kl. 16.00. V\u00e5genatten markerer to\u00e5rsdagen for drengenes d\u00f8d og vil blive afholdt p\u00e5 legepladsen i deres kvarter, Three Springs Park. <strong>VCCF vil v\u00e6re til stede ved arrangementet for at give st\u00f8tte til lokalsamfundet og indsamle donationer til Mark &amp; Jacob Iskander Foundation.<\/strong>en nonprofit-organisation, der er oprettet i deres navn for at hj\u00e6lpe udsatte b\u00f8rn i Ventura County og rundt om i verden. <strong>Der opfordres til at svare p\u00e5 invitationen.<\/strong>L\u00e6s mere og svar p\u00e5 invitationen<\/p>\n<h2 style=\"text-align: center;\">Kraften i f\u00e6llesskabet<\/h2>\n<h3 style=\"text-align: center;\"><strong>Gode nyheder fra dit Ventura-samfund<\/strong><\/h3>\n<p><img loading=\"lazy\" decoding=\"async\" class=\"size-full wp-image-14498 aligncenter\" src=\"https:\/\/vccf.org\/wp-content\/uploads\/2021\/12\/power-of-community.png\" alt=\"\" width=\"820\" height=\"312\" srcset=\"https:\/\/vccf.org\/wp-content\/uploads\/2021\/12\/power-of-community.png 820w, https:\/\/vccf.org\/wp-content\/uploads\/2021\/12\/power-of-community-300x114.png 300w, https:\/\/vccf.org\/wp-content\/uploads\/2021\/12\/power-of-community-768x292.png 768w, https:\/\/vccf.org\/wp-content\/uploads\/2021\/12\/power-of-community-18x7.png 18w\" sizes=\"auto, (max-width: 820px) 100vw, 820px\" \/><\/p>\n<h3 style=\"text-align: center;\"><strong>Nyeland Promises cykelrodeo<\/strong><\/h3>\n<p style=\"text-align: center;\"><img loading=\"lazy\" decoding=\"async\" class=\"aligncenter wp-image-22638 size-full\" src=\"https:\/\/vccf.org\/wp-content\/uploads\/2022\/08\/bike-1-scaled-2.jpg\" alt=\"\" width=\"1920\" height=\"1082\" srcset=\"https:\/\/vccf.org\/wp-content\/uploads\/2022\/08\/bike-1-scaled-2.jpg 1920w, https:\/\/vccf.org\/wp-content\/uploads\/2022\/08\/bike-1-scaled-2-300x169.jpg 300w, https:\/\/vccf.org\/wp-content\/uploads\/2022\/08\/bike-1-scaled-2-1024x577.jpg 1024w, https:\/\/vccf.org\/wp-content\/uploads\/2022\/08\/bike-1-scaled-2-768x433.jpg 768w, https:\/\/vccf.org\/wp-content\/uploads\/2022\/08\/bike-1-scaled-2-1536x866.jpg 1536w, https:\/\/vccf.org\/wp-content\/uploads\/2022\/08\/bike-1-scaled-2-18x10.jpg 18w\" sizes=\"auto, (max-width: 1920px) 100vw, 1920px\" \/><\/p>\n<p>De afrunder deres travle sommer med service, inden skole\u00e5ret begynder, <strong>Nyeland Promise var v\u00e6rt for cykelrodeo<\/strong>en familievenlig begivenhed for at uddanne b\u00f8rn i cykelsikkerhed. B\u00f8rnene fik mulighed for at afpr\u00f8ve deres nyl\u00e6rte f\u00e6rdigheder ved at tage p\u00e5 en sjov cykeltur rundt i Nyeland Acres eskorteret af Ventura County Sheriff og Oxnard Police Department. Nyeland Promise uddelte over <strong>300 hjelme <\/strong>til b\u00f8rn, der deltog i arrangementet, og udloddede <strong>40 helt nye cykler<\/strong>.<\/p>\n<p>Cykelrodeoen var en del af <strong>Safe Travels\/Viajes Seguros flersproget program<\/strong>et Mini-Grants-program med Southern California Association of Governments udviklet til at <strong>\u00f8ge samfundets intelligens og reducere angsten for fodg\u00e6ngere, cyklister og b\u00f8rn <\/strong>n\u00e5r du g\u00e5r i og omkring gaderne.<\/p>\n<p>Vi vil ogs\u00e5 gerne lyk\u00f8nske Nyeland Promise med at have modtaget <strong>\u00c5rets nonprofit-pris <\/strong>fra West Ventura County Business Alliance!<\/p>\n<h2 style=\"text-align: center;\">Begivenhedskalender<\/h2>\n<p><strong>At arbejde sammen for transformativ forandring: Vores nonprofitsektors rolle i at fremme regional lighed, del 2<\/strong><br \/>\n<em>Onsdag den 31. august kl. 12.30-14.00 (virtuel)<\/em><br \/>\nI en \u00e5nd af nysgerrighed og deling af samfundets visdom inviterer Nonprofit Resource Network og The Fund for Santa Barbara dig til at deltage i en samfundssamtale med organisationer, der arbejder med ligestilling, for at diskutere, hvordan vi aktivt kan forandre sektoren og vores region. Med udgangspunkt i rammerne for Central Coast Regional Equity Initiative vil denne samfundsdiskussion indeholde perspektiver fra Santa Barbara Tenants Union, Ventura County Community Foundation og Women's Economic Ventures, der taler om lighed i organisering, finansiering og direkte serviceorganisationer, samt en mulighed for medlemmer af samfundet til i f\u00e6llesskab at diskutere, hvordan transformativ lighed kan se ud i vores region. <a href=\"https:\/\/vccf.us19.list-manage.com\/track\/click?u=c9b2623ed494d61a163dd363c&amp;id=1244d52931&amp;e=fa866f741a\" target=\"_blank\" rel=\"noopener\">Klik her for at l\u00e6se mere<\/a>.<\/p>\n<p><strong>VCCF Coffee &amp; Connections - Navigering i bestyrelsesudbr\u00e6ndthed og -overgang<\/strong><br \/>\n<em>Onsdag den 7. september kl. 9-10 (virtuel)<\/em><br \/>\nDeltag i faciliterede samtaler med lokale nonprofitorganisationer for at dele missioner, tale om udfordringer og succeser og give en dybere forst\u00e5else af vores samfund og dets behov. Coffee &amp; Connections er en vidunderlig mulighed for at m\u00f8de og komme i kontakt med andre nonprofitorganisationer og l\u00e6re sammen gennem f\u00e6lles erfaringer og diskussioner, der fokuserer p\u00e5 l\u00f8sninger, samtidig med at der opbygges l\u00f8bende partnerskaber i lokalsamfundet. <a href=\"https:\/\/vccf.us19.list-manage.com\/track\/click?u=c9b2623ed494d61a163dd363c&amp;id=607853129c&amp;e=fa866f741a\" target=\"_blank\" rel=\"noopener\">L\u00e6s mere og tilmeld dig.<\/a><\/p>\n<p><strong>Ventura County Funders Forum<\/strong><br \/>\n<em>Mandag den 12. september kl. 12-13.30 (Hybrid, Zoom &amp; VCCF Nonprofit Center)<\/em><br \/>\nKom med til det n\u00e6ste m\u00f8de i Ventura County Funders Forum! <strong>Ventura County Funders Forum er et forum for fonde, bevillingsgivere og bidragsydere, der st\u00f8tter velg\u00f8rende organisationer i Ventura County og fremmer det almene vel og de almennyttige organisationers arbejde.<\/strong> Alle organisationer, der giver tilskud til nonprofitorganisationer i Ventura County, er velkomne til at deltage i et forum, der er designet til at uddanne, informere, dele og samarbejde, hvor lignende m\u00e5l, velg\u00f8rende hensigter, flere visioner, dedikeret filantropi og velinformeret erfaring kan finde f\u00e6lles fodslag. <a href=\"https:\/\/vccf.us19.list-manage.com\/track\/click?u=c9b2623ed494d61a163dd363c&amp;id=9e96d76751&amp;e=fa866f741a\" target=\"_blank\" rel=\"noopener\">F\u00e5 mere at vide og tilmeld dig<\/a>.<\/p>","protected":false},"excerpt":{"rendered":"<p>Dear Ventura County Community Foundation Family, I\u2019ve been reflecting so much on the characteristics of great leadership these past weeks. This has come after losing such a dear friend and&hellip;<\/p>","protected":false},"author":3,"featured_media":16354,"comment_status":"closed","ping_status":"closed","sticky":false,"template":"","format":"standard","meta":{"_acf_changed":false,"give_campaign_id":0,"footnotes":""},"categories":[24],"tags":[],"class_list":["post-16393","post","type-post","status-publish","format-standard","has-post-thumbnail","hentry","category-newsletters"],"acf":[],"_links":{"self":[{"href":"https:\/\/vccf.org\/da\/wp-json\/wp\/v2\/posts\/16393","targetHints":{"allow":["GET"]}}],"collection":[{"href":"https:\/\/vccf.org\/da\/wp-json\/wp\/v2\/posts"}],"about":[{"href":"https:\/\/vccf.org\/da\/wp-json\/wp\/v2\/types\/post"}],"author":[{"embeddable":true,"href":"https:\/\/vccf.org\/da\/wp-json\/wp\/v2\/users\/3"}],"replies":[{"embeddable":true,"href":"https:\/\/vccf.org\/da\/wp-json\/wp\/v2\/comments?post=16393"}],"version-history":[{"count":0,"href":"https:\/\/vccf.org\/da\/wp-json\/wp\/v2\/posts\/16393\/revisions"}],"wp:featuredmedia":[{"embeddable":true,"href":"https:\/\/vccf.org\/da\/wp-json\/wp\/v2\/media\/16354"}],"wp:attachment":[{"href":"https:\/\/vccf.org\/da\/wp-json\/wp\/v2\/media?parent=16393"}],"wp:term":[{"taxonomy":"category","embeddable":true,"href":"https:\/\/vccf.org\/da\/wp-json\/wp\/v2\/categories?post=16393"},{"taxonomy":"post_tag","embeddable":true,"href":"https:\/\/vccf.org\/da\/wp-json\/wp\/v2\/tags?post=16393"}],"curies":[{"name":"wp","href":"https:\/\/api.w.org\/{rel}","templated":true}]}}