{"id":16635,"date":"2022-10-11T11:55:11","date_gmt":"2022-10-11T18:55:11","guid":{"rendered":"https:\/\/vccf.org\/?p=16635"},"modified":"2025-01-29T07:47:12","modified_gmt":"2025-01-29T07:47:12","slug":"vigil-honors-iskander-brothers-on-2nd-anniversary-of-fatal-westlake-village-crash","status":"publish","type":"post","link":"https:\/\/vccf.org\/da\/vigil-honors-iskander-brothers-on-2nd-anniversary-of-fatal-westlake-village-crash\/","title":{"rendered":"Vagt til \u00e6re for Iskander-br\u00f8drene p\u00e5 2-\u00e5rsdagen for d\u00f8dsulykken i Westlake Village"},"content":{"rendered":"<p>To \u00e5r efter at br\u00f8drene Mark og Jacob Iskander blev dr\u00e6bt, da de krydsede en gade i Westlake Village, samledes snesevis af hvidkl\u00e6dte naboer, venner og familie til en v\u00e5genat torsdag for at \u00e6re deres minde.<\/p>\n<p>Den 29. september 2020 havde Mark, 11, og Jacob, 8, fors\u00f8gt at krydse Triunfo Canyon Road ved Saddle Mountain Drive, da de blev ramt af en forbipasserende bil, der dr\u00e6bte dem begge. F\u00f8reren, Rebecca Grossman, 58, fra Hidden Hills, er blevet anklaget for overlagt mord og afventer i \u00f8jeblikket sin retssag i Los Angeles County.<\/p>\n<p>V\u00e5genatten blev holdt i Three Springs Park, 3000 Three Springs Drive, den park i nabolaget, hvor br\u00f8drene legede, da de voksede op. Den begyndte med en b\u00f8n fra drengenes mor, Nancy Iskander, som var sammen med dem i fodg\u00e6ngerfeltet, da de blev dr\u00e6bt.<\/p>\n<p>\"Jeg beder Gud om, at alle, der ser mig p\u00e5 benene, ogs\u00e5 m\u00e5 vide, at uanset hvad de k\u00e6mper med i livet, s\u00e5 vil de ogs\u00e5 klare sig,\" sagde Iskander. \"Jeg er p\u00e5 benene.\"<\/p>\n<p>John Denton, en paramediciner fra brandv\u00e6senet i Los Angeles County, tr\u00f8ster Nancy Iskander, mor til Mark og Jacob Iskander, under en mindeh\u00f8jtidelighed i Westlake Village torsdag. Samlingen markerede to\u00e5rsdagen for ulykken, der dr\u00e6bte drengene, da de krydsede en n\u00e6rliggende gade i 2020.<\/p>\n<p>Efter en akustisk optr\u00e6den af Devin Milligan, drengenes tidligere musikl\u00e6rer, h\u00f8rte deltagerne fra pastor Cyril Gorgy, der er sognepr\u00e6st i den koptisk-ortodokse kirke, hvor Iskander-familien deltager i gudstjenester.<\/p>\n<p>\"Mark og Jacob havde en positiv indflydelse p\u00e5 mange mennesker, der kendte dem,\" sagde Gorgy og gestikulerede ud mod m\u00e6ngden, der var samlet for at \u00e6re drengene.<\/p>\n<p>Kirken var centrum for Iskander-b\u00f8rnenes liv, hvilket fremg\u00e5r af de historier, som deres tidligere s\u00f8ndagsskolel\u00e6rer, Mariam Guirgos, og deres klassekammerater p\u00e5 Ascension Lutheran School delte. Connor Nagel, en af Marks n\u00e6rmeste venner, mindedes, hvor hurtigt de blev venner, da Mark begyndte at g\u00e5 i Ascension Lutheran.<\/p>\n<p>\"Mark var den type ven, som altid var der for mig eller andre, hvis der skete noget,\" siger Nagel.<\/p>\n<p>Connors mor Jenny, som er en n\u00e6r ven af familien Iskander, talte efter sin s\u00f8n om, hvordan deres b\u00f8rn bragte familierne sammen.<\/p>\n<p>\"Jeg forst\u00e5r ikke, hvorfor de ikke er her hos os i dag,\" sagde den \u00e6ldre Nagel. \"Jeg ved ikke, om Gud nogensinde vil give mig denne forst\u00e5else, men jeg ved, at jeg f\u00f8ler mig s\u00e5 velsignet over at have kendt Mark og Jacob i den korte tid, jeg gjorde.\"<\/p>\n<p>En af medarrang\u00f8rerne af v\u00e5genatten, Julie Cohen, der bor i Conejo Valley, sagde, at hun ikke kendte Iskander-familien f\u00f8r ulykken, men at hun f\u00f8lte sig tvunget til at hj\u00e6lpe familien, da hun h\u00f8rte, hvad der var sket.<\/p>\n<p>\"Jeg voksede op i de dage i Thousand Oaks, hvor naboer hjalp hinanden,\" siger Cohen. \"Mark og Jacob har bragt den f\u00f8lelse af f\u00e6llesskab tilbage.\"<\/p>\n<p>Vanessa Bechtel, pr\u00e6sident og CEO for Ventura County Community Foundation, fortalte om den nye fond, der er startet til \u00e6re for br\u00f8drene, Mark and Jacob Iskander Foundation. Fonden vil indsamle midler til at st\u00f8tte udsatte b\u00f8rn i Egypten og andre steder i verden. N\u00e6rmere oplysninger findes p\u00e5 markandjacobfoundation.org.<\/p>\n<p>Hen imod slutningen af v\u00e5gen tilb\u00f8d pastor Chamie Delkeskamp, religionsl\u00e6rer ved Ascension Lutheran, en meditation over sorg.<\/p>\n<p>Karim og Nancy Iskander slipper duer l\u00f8s til minde om deres s\u00f8nner, Mark og Jacob, under en mindeh\u00f8jtidelighed i Three Springs Park i Westlake Village torsdag. Begivenheden markerede to\u00e5rsdagen for ulykken, der dr\u00e6bte br\u00f8drene i 2020.<\/p>\n<p>Mens Delkeskamp talte, placerede en dyrehandler to kasser p\u00e5 et bord bag hende.<\/p>\n<p>Da solen gik ned i det fjerne, l\u00f8ftede familien Iskander l\u00e5get af kasserne, og to dusin duer fl\u00f8j op i luften og forsvandt i solnedgangen.<\/p>\n<p><em>Denne historie blev oprindeligt bragt i <a href=\"https:\/\/www.vcstar.com\/story\/news\/local\/communities\/conejo-valley\/2022\/09\/30\/vigil-mark-jacob-iskander-anniversary-fatal-crash-westlake-ventura-county\/8081962001\/\" target=\"_blank\" rel=\"noopener\">VC Star<\/a>.<\/em><\/p>","protected":false},"excerpt":{"rendered":"<p>Two years after brothers Mark and Jacob Iskander were killed while crossing a Westlake Village street, dozens of neighbors, friends and family clad in white gathered for a vigil Thursday&hellip;<\/p>","protected":false},"author":3,"featured_media":16637,"comment_status":"closed","ping_status":"closed","sticky":false,"template":"","format":"standard","meta":{"_acf_changed":false,"give_campaign_id":0,"footnotes":""},"categories":[22],"tags":[],"class_list":["post-16635","post","type-post","status-publish","format-standard","has-post-thumbnail","hentry","category-latest-coverage"],"acf":[],"_links":{"self":[{"href":"https:\/\/vccf.org\/da\/wp-json\/wp\/v2\/posts\/16635","targetHints":{"allow":["GET"]}}],"collection":[{"href":"https:\/\/vccf.org\/da\/wp-json\/wp\/v2\/posts"}],"about":[{"href":"https:\/\/vccf.org\/da\/wp-json\/wp\/v2\/types\/post"}],"author":[{"embeddable":true,"href":"https:\/\/vccf.org\/da\/wp-json\/wp\/v2\/users\/3"}],"replies":[{"embeddable":true,"href":"https:\/\/vccf.org\/da\/wp-json\/wp\/v2\/comments?post=16635"}],"version-history":[{"count":0,"href":"https:\/\/vccf.org\/da\/wp-json\/wp\/v2\/posts\/16635\/revisions"}],"wp:featuredmedia":[{"embeddable":true,"href":"https:\/\/vccf.org\/da\/wp-json\/wp\/v2\/media\/16637"}],"wp:attachment":[{"href":"https:\/\/vccf.org\/da\/wp-json\/wp\/v2\/media?parent=16635"}],"wp:term":[{"taxonomy":"category","embeddable":true,"href":"https:\/\/vccf.org\/da\/wp-json\/wp\/v2\/categories?post=16635"},{"taxonomy":"post_tag","embeddable":true,"href":"https:\/\/vccf.org\/da\/wp-json\/wp\/v2\/tags?post=16635"}],"curies":[{"name":"wp","href":"https:\/\/api.w.org\/{rel}","templated":true}]}}