{"id":17923,"date":"2023-05-09T14:36:18","date_gmt":"2023-05-09T21:36:18","guid":{"rendered":"https:\/\/vccflegacy.wpenginepowered.com\/?p=17923"},"modified":"2025-01-29T07:47:10","modified_gmt":"2025-01-29T07:47:10","slug":"vccf-hosts-dr-lucy-jones-event","status":"publish","type":"post","link":"https:\/\/vccf.org\/da\/vccf-hosts-dr-lucy-jones-event\/","title":{"rendered":"VCCF er v\u00e6rt for Dr. Lucy Jones' arrangement"},"content":{"rendered":"<p><\/p>\n<div id=\"attachment_17928\" style=\"width: 460px\" class=\"wp-caption alignright\"><img loading=\"lazy\" decoding=\"async\" aria-describedby=\"caption-attachment-17928\" class=\"wp-image-17928\" src=\"https:\/\/vccflegacy.wpenginepowered.com\/wp-content\/uploads\/2023\/05\/img_8957-scaled.jpg\" alt=\"A room full of attendees at the Dr. Lucy Jones wildfire event\" width=\"450\" height=\"338\" \/><p id=\"caption-attachment-17928\" class=\"wp-caption-text\">Dr. Lucy Jones talte ved \u00e5bningen af arrangementet<\/p><\/div>\n<p>Ventura County Community Foundation var mandag den 8. maj 2023 v\u00e6rt for Dr. Lucy Jones Center for Science and Society til et arrangement i VCCF Nonprofit Center for at diskutere fremtidige skovbrande i vores region, hvordan man kan skabe st\u00f8rre modstandsdygtighed, og hvad Ventura County har l\u00e6rt i l\u00f8bet af de sidste par \u00e5r.<\/p>\n<p>Medlemmer og ledere fra lokalsamfundet deltog i denne tosprogede begivenhed for at tale med s\u00e6rlige g\u00e6steeksperter, der er kendt inden for samfundsvidenskab, \u00f8kologi og katastrofer, herunder Dr. Lucy Jones, Dr. Alex Greer, Dr. Alexandra Syphard og Dr. Susan Cutter. Panelet er en del af en st\u00f8rre workshopserie og blev muliggjort delvis takket v\u00e6re North Valley Community Foundation, og fondens vicepr\u00e6sident for programmer, Jovanni Tricerri, var ogs\u00e5 til stede i panelet.<\/p>\n<p>Arrangementet begyndte med pr\u00e6sentationer af den eksisterende og fremtidige risiko for skovbrande og modstandsdygtighed i vores samfund og i hele staten. Dette blev efterfulgt af borddiskussioner med hver af eksperterne, hvor deltagerne delte deres lokale erfaringer og indsigt i skovbrande og katastrofer i vores samfund.<\/p>\n<p>Det centrale m\u00e5l med denne workshopserie er at skabe et forum for informationsudveksling mellem forskere, overlevende fra skovbrande, fordrevne fra klimakatastrofer, offentlige beslutningstagere, almennyttige CBO'er, virksomhedsejere og samarbejdspartnere inden for \u00f8konomisk genopretning for at f\u00e5 indsigt i, hvordan det er at st\u00e5 over for disse ekstreme skovbrande, n\u00e5r deres hastighed og intensitet \u00f8ges med klimaforandringerne, for at dele taktikker til opbygning af modstandsdygtighed og for at afg\u00f8re, hvilken forskning der skal forst\u00e5s og anvendes, for at lokalsamfund kan komme sig.<\/p>\n<p>For at f\u00e5 mere at vide om Dr. Lucy Jones Center for Science and Society, <a href=\"https:\/\/drlucyjonescenter.org\/\" target=\"_blank\" rel=\"noopener\">bes\u00f8g venligst deres hjemmeside<\/a>.<\/p>\n<div id=\"attachment_17926\" style=\"width: 460px\" class=\"wp-caption alignright\"><img loading=\"lazy\" decoding=\"async\" aria-describedby=\"caption-attachment-17926\" class=\"wp-image-17926\" src=\"https:\/\/vccflegacy.wpenginepowered.com\/wp-content\/uploads\/2023\/05\/img_8948-scaled.jpg\" alt=\"\" width=\"450\" height=\"338\" \/><p id=\"caption-attachment-17926\" class=\"wp-caption-text\">VCCF's Dr. Gabino Aguirre taler ved begivenheden og takker de <i>promotorer<\/i> for at deltage i diskussionen<\/p><\/div>\n<div id=\"attachment_17927\" style=\"width: 460px\" class=\"wp-caption alignleft\"><img loading=\"lazy\" decoding=\"async\" aria-describedby=\"caption-attachment-17927\" class=\"wp-image-17927\" src=\"https:\/\/vccflegacy.wpenginepowered.com\/wp-content\/uploads\/2023\/05\/img_8952-scaled.jpg\" alt=\"\" width=\"450\" height=\"338\" \/><p id=\"caption-attachment-17927\" class=\"wp-caption-text\">Dr. Lucy Jones' \u00e5bningspr\u00e6sentation<\/p><\/div>\n<p><\/p>\n<div id=\"attachment_17933\" style=\"width: 460px\" class=\"wp-caption alignleft\"><img loading=\"lazy\" decoding=\"async\" aria-describedby=\"caption-attachment-17933\" class=\"wp-image-17933\" src=\"https:\/\/vccflegacy.wpenginepowered.com\/wp-content\/uploads\/2023\/05\/img_8961-scaled.jpg\" alt=\"\" width=\"450\" height=\"338\" \/><p id=\"caption-attachment-17933\" class=\"wp-caption-text\">Dr. Alexandra Syphard pr\u00e6senterer videnskaben om skovbrande og menneskelig p\u00e5virkning i det sydlige Californien<\/p><\/div>\n<div id=\"attachment_17934\" style=\"width: 460px\" class=\"wp-caption alignright\"><img loading=\"lazy\" decoding=\"async\" aria-describedby=\"caption-attachment-17934\" class=\"wp-image-17934\" src=\"https:\/\/vccflegacy.wpenginepowered.com\/wp-content\/uploads\/2023\/05\/img_8966-scaled.jpg\" alt=\"\" width=\"450\" height=\"338\" \/><p id=\"caption-attachment-17934\" class=\"wp-caption-text\">En breakout-diskussion med Dr. Jones<\/p><\/div>\n<p><\/p>\n<div id=\"attachment_17936\" style=\"width: 460px\" class=\"wp-caption alignleft\"><img loading=\"lazy\" decoding=\"async\" aria-describedby=\"caption-attachment-17936\" class=\"wp-image-17936\" src=\"https:\/\/vccflegacy.wpenginepowered.com\/wp-content\/uploads\/2023\/05\/img_8979-scaled.jpg\" alt=\"\" width=\"450\" height=\"338\" \/><p id=\"caption-attachment-17936\" class=\"wp-caption-text\">En borddiskussion med <i>promotorer<\/i> og overs\u00e6ttelsestjenester til at deltage i den bredere samtale ved arrangementet<\/p><\/div>\n<div id=\"attachment_17937\" style=\"width: 460px\" class=\"wp-caption alignright\"><img loading=\"lazy\" decoding=\"async\" aria-describedby=\"caption-attachment-17937\" class=\"wp-image-17937\" src=\"https:\/\/vccflegacy.wpenginepowered.com\/wp-content\/uploads\/2023\/05\/img_8984-scaled.jpg\" alt=\"\" width=\"450\" height=\"338\" \/><p id=\"caption-attachment-17937\" class=\"wp-caption-text\">Breakout-grupper med hver af g\u00e6steeksperterne<\/p><\/div>\n<p><\/p>\n<div id=\"attachment_17938\" style=\"width: 460px\" class=\"wp-caption aligncenter\"><img loading=\"lazy\" decoding=\"async\" aria-describedby=\"caption-attachment-17938\" class=\"wp-image-17938\" src=\"https:\/\/vccflegacy.wpenginepowered.com\/wp-content\/uploads\/2023\/05\/img_8995-scaled.jpg\" alt=\"\" width=\"450\" height=\"338\" \/><p id=\"caption-attachment-17938\" class=\"wp-caption-text\">VCCF's pr\u00e6sident og CEO Vanessa Bechtel giver sit besyv med under den samlede gruppes sp\u00f8rgsm\u00e5l og svar og diskussionsdelen af arrangementet.<\/p><\/div>\n<p><\/p>","protected":false},"excerpt":{"rendered":"<p>Ventura County Community Foundation var mandag den 8. maj 2023 v\u00e6rt for Dr. Lucy Jones Center for Science and Society til et arrangement i VCCF Nonprofit Center for at diskutere...<\/p>","protected":false},"author":5,"featured_media":17937,"comment_status":"closed","ping_status":"closed","sticky":false,"template":"","format":"standard","meta":{"_acf_changed":false,"give_campaign_id":0,"footnotes":""},"categories":[27],"tags":[],"class_list":["post-17923","post","type-post","status-publish","format-standard","has-post-thumbnail","hentry","category-blog-posts"],"acf":[],"_links":{"self":[{"href":"https:\/\/vccf.org\/da\/wp-json\/wp\/v2\/posts\/17923","targetHints":{"allow":["GET"]}}],"collection":[{"href":"https:\/\/vccf.org\/da\/wp-json\/wp\/v2\/posts"}],"about":[{"href":"https:\/\/vccf.org\/da\/wp-json\/wp\/v2\/types\/post"}],"author":[{"embeddable":true,"href":"https:\/\/vccf.org\/da\/wp-json\/wp\/v2\/users\/5"}],"replies":[{"embeddable":true,"href":"https:\/\/vccf.org\/da\/wp-json\/wp\/v2\/comments?post=17923"}],"version-history":[{"count":0,"href":"https:\/\/vccf.org\/da\/wp-json\/wp\/v2\/posts\/17923\/revisions"}],"wp:featuredmedia":[{"embeddable":true,"href":"https:\/\/vccf.org\/da\/wp-json\/wp\/v2\/media\/17937"}],"wp:attachment":[{"href":"https:\/\/vccf.org\/da\/wp-json\/wp\/v2\/media?parent=17923"}],"wp:term":[{"taxonomy":"category","embeddable":true,"href":"https:\/\/vccf.org\/da\/wp-json\/wp\/v2\/categories?post=17923"},{"taxonomy":"post_tag","embeddable":true,"href":"https:\/\/vccf.org\/da\/wp-json\/wp\/v2\/tags?post=17923"}],"curies":[{"name":"wp","href":"https:\/\/api.w.org\/{rel}","templated":true}]}}