{"id":18221,"date":"2023-06-08T10:38:29","date_gmt":"2023-06-08T17:38:29","guid":{"rendered":"https:\/\/vccflegacy.wpenginepowered.com\/?p=18221"},"modified":"2025-02-11T17:00:39","modified_gmt":"2025-02-12T01:00:39","slug":"vccfs-first-ever-legacy-magazine-out-now","status":"publish","type":"post","link":"https:\/\/vccf.org\/da\/vccfs-first-ever-legacy-magazine-out-now\/","title":{"rendered":"VCCF's f\u00f8rste Legacy Magazine nogensinde er ude nu!"},"content":{"rendered":"<p><\/p>\n<p class=\"already_translated\"><img loading=\"lazy\" decoding=\"async\" class=\"alignleft wp-image-18016\" src=\"https:\/\/vccf.org\/wp-content\/uploads\/2023\/05\/legacy-mag-cover.jpg\" alt=\"\" width=\"855\" height=\"1114\" srcset=\"https:\/\/vccf.org\/wp-content\/uploads\/2023\/05\/legacy-mag-cover.jpg 855w, https:\/\/vccf.org\/wp-content\/uploads\/2023\/05\/legacy-mag-cover-230x300.jpg 230w, https:\/\/vccf.org\/wp-content\/uploads\/2023\/05\/legacy-mag-cover-786x1024.jpg 786w, https:\/\/vccf.org\/wp-content\/uploads\/2023\/05\/legacy-mag-cover-768x1001.jpg 768w, https:\/\/vccf.org\/wp-content\/uploads\/2023\/05\/legacy-mag-cover-9x12.jpg 9w\" sizes=\"auto, (max-width: 855px) 100vw, 855px\" \/>Ventura County Community Foundation er stolt af at udgive <a href=\"https:\/\/vccf.org\/SMPA_VCCF_5-24\/mobile\/index.html\">Vores f\u00f8rste magasin om arv, \"A Legacy of Generosity\".<\/a> Denne 42-siders publikation indfanger \u00e5nden og hjertet hos vores donorer, medlemmer af lokalsamfundet, bevillingsmodtagere og nonprofit-ledere, n\u00e5r de udlever VCCF's v\u00e6rdier om tillid, gennemsigtighed, medf\u00f8lelse, retf\u00e6rdighed, vedholdenhed, ekspertise og autentisk forbindelse.<\/p>\n<p class=\"already_translated\">\"A Legacy of Generosity\" fort\u00e6ller historien om din lokale fond og den rolle, den spiller i Ventura Countys historie gennem sin filantropiske r\u00e5dgivning og sit lederskab i lokalsamfundet. Vi inviterer dig til at l\u00e6se dette k\u00e6rlighedsbrev til vores samfund, mens vi videref\u00f8rer budskabet \"Somos Vecinos y Todos Contamos\" - vi er\u00a0<em>alle<\/em>\u00a0naboer, og vi\u00a0<em>alle<\/em> t\u00e6lle! Dette magasin indeholder 17 r\u00f8rende interviews og smukke fotografier af vores f\u00e6llesskab og dets inspirerende medlemmer.<\/p>\n<p>Dette magasin indeholder ogs\u00e5 en <a href=\"https:\/\/vccf.org\/SMPA_VCCF_financial_insert\/mobile\/index.html\">den ledsagende \u00f8konomiske rapport for magasinet for 2023, som du kan l\u00e6se her<\/a>.<\/p>\n<p>Vi er s\u00e5 taknemmelige for det arbejde, som Stacy Miller Public Affairs, et lokalt baseret PR-firma, har udf\u00f8rt, og som har arbejdet utr\u00e6tteligt p\u00e5 at sammens\u00e6tte denne fantastiske publikation.<\/p>","protected":false},"excerpt":{"rendered":"<p>The Ventura County Community Foundation is proud to release our first-ever legacy magazine, \u201cA Legacy of Generosity.\u201d This 42-page publication captures the spirit and heart of our donors, community members,&hellip;<\/p>","protected":false},"author":5,"featured_media":18054,"comment_status":"closed","ping_status":"closed","sticky":false,"template":"","format":"standard","meta":{"_acf_changed":false,"give_campaign_id":0,"footnotes":""},"categories":[27],"tags":[],"class_list":["post-18221","post","type-post","status-publish","format-standard","has-post-thumbnail","hentry","category-blog-posts"],"acf":[],"_links":{"self":[{"href":"https:\/\/vccf.org\/da\/wp-json\/wp\/v2\/posts\/18221","targetHints":{"allow":["GET"]}}],"collection":[{"href":"https:\/\/vccf.org\/da\/wp-json\/wp\/v2\/posts"}],"about":[{"href":"https:\/\/vccf.org\/da\/wp-json\/wp\/v2\/types\/post"}],"author":[{"embeddable":true,"href":"https:\/\/vccf.org\/da\/wp-json\/wp\/v2\/users\/5"}],"replies":[{"embeddable":true,"href":"https:\/\/vccf.org\/da\/wp-json\/wp\/v2\/comments?post=18221"}],"version-history":[{"count":0,"href":"https:\/\/vccf.org\/da\/wp-json\/wp\/v2\/posts\/18221\/revisions"}],"wp:featuredmedia":[{"embeddable":true,"href":"https:\/\/vccf.org\/da\/wp-json\/wp\/v2\/media\/18054"}],"wp:attachment":[{"href":"https:\/\/vccf.org\/da\/wp-json\/wp\/v2\/media?parent=18221"}],"wp:term":[{"taxonomy":"category","embeddable":true,"href":"https:\/\/vccf.org\/da\/wp-json\/wp\/v2\/categories?post=18221"},{"taxonomy":"post_tag","embeddable":true,"href":"https:\/\/vccf.org\/da\/wp-json\/wp\/v2\/tags?post=18221"}],"curies":[{"name":"wp","href":"https:\/\/api.w.org\/{rel}","templated":true}]}}