{"id":19457,"date":"2023-10-18T10:27:19","date_gmt":"2023-10-18T17:27:19","guid":{"rendered":"https:\/\/vccflegacy.wpenginepowered.com\/?p=19457"},"modified":"2026-02-26T10:47:27","modified_gmt":"2026-02-26T18:47:27","slug":"pacific-coast-business-times-releases-emergency-preparedness-presented-by-vccf","status":"publish","type":"post","link":"https:\/\/vccf.org\/da\/pacific-coast-business-times-releases-emergency-preparedness-presented-by-vccf\/","title":{"rendered":"Pacific Coast Business Times udgiver \"Emergency Preparedness\", pr\u00e6senteret af VCCF"},"content":{"rendered":"<div class=\"wp-block-image\">\n<figure class=\"alignleft size-large is-resized\"><img loading=\"lazy\" decoding=\"async\" width=\"751\" height=\"1024\" src=\"https:\/\/vccf.org\/wp-content\/uploads\/2023\/10\/24.31-emergency-prep-b-v3-cover-scaled-1-751x1024.jpg\" alt=\"The cover of the &quot;Emergency Preparedness&quot; guide\" class=\"wp-image-19459\" style=\"width:259px;height:auto\" srcset=\"https:\/\/vccf.org\/wp-content\/uploads\/2023\/10\/24.31-emergency-prep-b-v3-cover-scaled-1-751x1024.jpg 751w, https:\/\/vccf.org\/wp-content\/uploads\/2023\/10\/24.31-emergency-prep-b-v3-cover-scaled-1-220x300.jpg 220w, https:\/\/vccf.org\/wp-content\/uploads\/2023\/10\/24.31-emergency-prep-b-v3-cover-scaled-1-768x1048.jpg 768w, https:\/\/vccf.org\/wp-content\/uploads\/2023\/10\/24.31-emergency-prep-b-v3-cover-scaled-1-1126x1536.jpg 1126w, https:\/\/vccf.org\/wp-content\/uploads\/2023\/10\/24.31-emergency-prep-b-v3-cover-scaled-1-9x12.jpg 9w, https:\/\/vccf.org\/wp-content\/uploads\/2023\/10\/24.31-emergency-prep-b-v3-cover-scaled-1.jpg 1173w\" sizes=\"auto, (max-width: 751px) 100vw, 751px\" \/><\/figure>\n<\/div>\n\n\n<p>Pacific Coast Business Times udgav for nylig \"Emergency Preparedness: En guide til sm\u00e5 virksomheder og nonprofitorganisationer p\u00e5 Central Coast\". <strong><a href=\"https:\/\/www.pacbiztimes.com\/emergency-preparedness\/\" target=\"_blank\" rel=\"noopener\">som kan l\u00e6ses her.<\/a><\/strong><\/p>\n\n\n\n<p><strong>OM DENNE S\u00c6RLIGE RAPPORT<\/strong><\/p>\n\n\n\n<p>Denne guide er designet til at hj\u00e6lpe sm\u00e5 virksomheder og nonprofitorganisationer med at forberede sig p\u00e5 naturkatastrofer og v\u00e6re opm\u00e6rksomme p\u00e5, hvad der sandsynligvis vil ske, n\u00e5r en n\u00f8dsituation udfolder sig, og til at forst\u00e5 de faser, der i sidste ende vil f\u00f8re til genopretning for alle.<\/p>\n\n\n\n<p>Rapporten er udformet og designet af grafiker Courtney Abercrombie med yderligere hj\u00e6lp fra medredakt\u00f8r Jorge Mercado, som har s\u00f8gt oplysninger fra forskellige statslige og f\u00f8derale kilder.<\/p>\n\n\n\n<p>Denne rapport blev ogs\u00e5 hjulpet p\u00e5 vej af beredskabseksperten David Fukutomi og betydelig st\u00f8tte fra Ventura County Community Foundation.<\/p>\n\n\n\n<p>Yderligere sponsorer omfatter VCCF, EDC, Assured Partners og reklamepartneren The Port of Hueneme. Den er udarbejdet ud fra en r\u00e6kke forskellige kilder, offentlige dokumenter og hjemmesider samt offentliggjort materiale.<\/p>","protected":false},"excerpt":{"rendered":"<p>The Pacific Coast Business Times recently released &#8220;Emergency Preparedness: A guide for Central Coast small businesses &amp; nonprofits,&#8221; which is available to read here. ABOUT THIS SPECIAL REPORT This guide&hellip;<\/p>","protected":false},"author":5,"featured_media":19459,"comment_status":"closed","ping_status":"closed","sticky":false,"template":"","format":"standard","meta":{"_acf_changed":false,"give_campaign_id":0,"footnotes":""},"categories":[22],"tags":[],"class_list":["post-19457","post","type-post","status-publish","format-standard","has-post-thumbnail","hentry","category-latest-coverage"],"acf":[],"_links":{"self":[{"href":"https:\/\/vccf.org\/da\/wp-json\/wp\/v2\/posts\/19457","targetHints":{"allow":["GET"]}}],"collection":[{"href":"https:\/\/vccf.org\/da\/wp-json\/wp\/v2\/posts"}],"about":[{"href":"https:\/\/vccf.org\/da\/wp-json\/wp\/v2\/types\/post"}],"author":[{"embeddable":true,"href":"https:\/\/vccf.org\/da\/wp-json\/wp\/v2\/users\/5"}],"replies":[{"embeddable":true,"href":"https:\/\/vccf.org\/da\/wp-json\/wp\/v2\/comments?post=19457"}],"version-history":[{"count":0,"href":"https:\/\/vccf.org\/da\/wp-json\/wp\/v2\/posts\/19457\/revisions"}],"wp:featuredmedia":[{"embeddable":true,"href":"https:\/\/vccf.org\/da\/wp-json\/wp\/v2\/media\/19459"}],"wp:attachment":[{"href":"https:\/\/vccf.org\/da\/wp-json\/wp\/v2\/media?parent=19457"}],"wp:term":[{"taxonomy":"category","embeddable":true,"href":"https:\/\/vccf.org\/da\/wp-json\/wp\/v2\/categories?post=19457"},{"taxonomy":"post_tag","embeddable":true,"href":"https:\/\/vccf.org\/da\/wp-json\/wp\/v2\/tags?post=19457"}],"curies":[{"name":"wp","href":"https:\/\/api.w.org\/{rel}","templated":true}]}}