{"id":20855,"date":"2024-04-10T15:59:59","date_gmt":"2024-04-10T22:59:59","guid":{"rendered":"https:\/\/vccf.org\/?p=20855"},"modified":"2025-01-29T07:47:05","modified_gmt":"2025-01-29T07:47:05","slug":"harleys-for-heroes","status":"publish","type":"post","link":"https:\/\/vccf.org\/da\/harleys-for-heroes\/","title":{"rendered":"Harleys til helte"},"content":{"rendered":"<p>Medlemmerne af den lokale afdeling af Rolling Thunder er m\u00e5ske ikke f\u00f8rstehj\u00e6lpere, men de forst\u00e5r vigtigheden af det arbejde, som f\u00f8rstehj\u00e6lpere udf\u00f8rer.<\/p>\n<p>Derfor besluttede en gruppe p\u00e5 15 motorcyklister fra klubben, hvis prim\u00e6re mission er at sikre fuld ansvarlighed for krigsfanger og forsvundne soldater, i 2015 at k\u00f8re forbi Ventura Countys politistationer p\u00e5 deres motorcykler som en m\u00e5de at takke betjentene for alt det, de g\u00f8r, i en tid, hvor antallet af betjente, der blev dr\u00e6bt i tjenesten, var stigende.<\/p>\n<p>Bag indsatsen stod John Short, der bor i Thousand Oaks og er motorcykelentusiast.<\/p>\n<p>\"(F\u00f8rstehj\u00e6lpere) g\u00f8r deres bedste for at beskytte os i Ventura County, vel vidende at de m\u00e5ske ikke kommer hjem efter endt vagt, og det g\u00f8r de frivilligt og uselvisk\", sagde Short og forklarede, hvorfor han og de andre ryttere forts\u00e6tter traditionen hvert \u00e5r.<\/p>\n<p>Den niende \u00e5rlige begivenhed, som finder sted den 4. maj, er vokset i b\u00e5de bredde og omfang og vil samle hundredvis af motorcyklister fra hele staten for at bes\u00f8ge lokale l\u00e6ger, paramedicinere, brandm\u00e6nd og politibetjente og finansiere mental sundhedstjeneste.<\/p>\n<p>Turen blev mere personlig for Short den 7. november 2018. Ventura County Sheriff's Sgt. Ron Helus, Shorts ven, blev skudt og dr\u00e6bt, da han rykkede ud til et masseskyderi p\u00e5 Borderline Bar and Grill i Thousand Oaks.<\/p>\n<p>Som en m\u00e5de at \u00e6re sin faldne ven p\u00e5 tilf\u00f8jede Short Helus' navn til den \u00e5rlige begivenhed.<\/p>\n<p>\"Han vidste, da han gik ind i Borderline, at der var stor sandsynlighed for, at han ikke ville komme ud af det, men han var villig til at ofre sit liv for at redde hundredvis af mennesker den aften,\" sagde Short. \"Han var en gudfrygtig person, som beskyttede og tjente samfundet.\"<\/p>\n<p>Ventura County Sheriff Jim Fryhoff sagde, at han er taknemmelig for, at Short \u00e6ndrede navnet p\u00e5 begivenheden for at \u00e6re Helus' villighed til at l\u00f8be mod fare og betale det ultimative offer.<\/p>\n<p>\"Rons heltemod og arv vil aldrig blive glemt, og Ride for the Blue vil forts\u00e6tte med at sikre dette,\" sagde han.<\/p>\n<p>\u00c5nden bag begivenheden blev igen udvidet i 2020, da Short f\u00f8lte sig kaldet til at udtrykke taknemmelighed ikke kun for sheriffens kontor, men for alle f\u00f8rstehj\u00e6lpere, is\u00e6r sundhedspersonale, som reaktion p\u00e5 COVID-19-pandemien.<\/p>\n<p>If\u00f8lge Short kan f\u00f8rstehj\u00e6lpere opleve et helt livs traumer i l\u00f8bet af en enkelt vagt. Hvis der ikke g\u00f8res noget ved det, kan traumet opbygges over tid og f\u00e5 negativ indflydelse p\u00e5 jobpr\u00e6stationer, personlige forhold, helbred og meget mere.<\/p>\n<p>Fra og med i \u00e5r vil alle pengene fra Ride for the Blue g\u00e5 til Ventura County Community Foundation, en nonprofit-organisation, der vil give lokale f\u00f8rstehj\u00e6lpsorganisationer uddannelse i peer support, lederskab, wellness og modstandsdygtighed.<\/p>\n<p>\"St\u00f8tte til mental sundhed er altafg\u00f8rende,\" sagde Short. \"At give denne mentale sundhedsst\u00f8tte og wellness-tr\u00e6ning til alle vores f\u00f8rstehj\u00e6lpere vil give dem mulighed for at v\u00e6re det bedste, de kan v\u00e6re.\"<\/p>\n<p>Ventura Countys brandchef Dustin Gardner understregede ogs\u00e5 vigtigheden af ressourcer til mental sundhed og udtrykte taknemmelighed for samfundets indsats.<\/p>\n<p>\"Ligesom vi gjorde ved at reagere sammen den aften, st\u00e5r vi nu sammen med vores kolleger i politiet og alle andre f\u00f8rstehj\u00e6lpere for at mindes Rons offer og skabe opm\u00e6rksomhed om de mentale sundhedsbehov hos alle, der besvarer opkaldet, n\u00e5r der er en n\u00f8dsituation\", sagde han.<\/p>\n<p>I \u00e5r forventes det, at 400 deltagere vil bruge syv timer p\u00e5 at bes\u00f8ge f\u00f8rstehj\u00e6lpere p\u00e5 politistationer i ni byer: Simi Valley, Thousand Oaks, Moorpark, Camarillo, Port Hueneme, Oxnard, Ventura, Santa Paula og Fillmore.<\/p>\n<p>Check-in er planlagt til kl. 6.30 l\u00f8rdag den 4. maj p\u00e5 Simi Valley City Hall, 2929 Tapo Canyon Road.<\/p>\n<p>Hvis du vil vide mere om dette \u00e5rs Ride for the Blue-arrangement, kan du g\u00e5 online p\u00e5 hjemmesiden eller kontakte Short p\u00e5 (800) 606-1390.<\/p>\n<p><a href=\"https:\/\/www.toacorn.com\/articles\/harleys-for-heroes\/\" target=\"_blank\" rel=\"noopener\"><em>Denne artikel blev oprindeligt udgivet af Thousand Oaks Acorn.<\/em><\/a><\/p>","protected":false},"excerpt":{"rendered":"<p>Members of the local chapter of Rolling Thunder might not be first responders, but they understand the importance of the work first responders do. That\u2019s why in 2015 a group&hellip;<\/p>","protected":false},"author":3,"featured_media":20856,"comment_status":"closed","ping_status":"closed","sticky":false,"template":"","format":"standard","meta":{"_acf_changed":false,"give_campaign_id":0,"footnotes":""},"categories":[22],"tags":[],"class_list":["post-20855","post","type-post","status-publish","format-standard","has-post-thumbnail","hentry","category-latest-coverage"],"acf":[],"_links":{"self":[{"href":"https:\/\/vccf.org\/da\/wp-json\/wp\/v2\/posts\/20855","targetHints":{"allow":["GET"]}}],"collection":[{"href":"https:\/\/vccf.org\/da\/wp-json\/wp\/v2\/posts"}],"about":[{"href":"https:\/\/vccf.org\/da\/wp-json\/wp\/v2\/types\/post"}],"author":[{"embeddable":true,"href":"https:\/\/vccf.org\/da\/wp-json\/wp\/v2\/users\/3"}],"replies":[{"embeddable":true,"href":"https:\/\/vccf.org\/da\/wp-json\/wp\/v2\/comments?post=20855"}],"version-history":[{"count":0,"href":"https:\/\/vccf.org\/da\/wp-json\/wp\/v2\/posts\/20855\/revisions"}],"wp:featuredmedia":[{"embeddable":true,"href":"https:\/\/vccf.org\/da\/wp-json\/wp\/v2\/media\/20856"}],"wp:attachment":[{"href":"https:\/\/vccf.org\/da\/wp-json\/wp\/v2\/media?parent=20855"}],"wp:term":[{"taxonomy":"category","embeddable":true,"href":"https:\/\/vccf.org\/da\/wp-json\/wp\/v2\/categories?post=20855"},{"taxonomy":"post_tag","embeddable":true,"href":"https:\/\/vccf.org\/da\/wp-json\/wp\/v2\/tags?post=20855"}],"curies":[{"name":"wp","href":"https:\/\/api.w.org\/{rel}","templated":true}]}}