{"id":20932,"date":"2024-05-02T08:19:30","date_gmt":"2024-05-02T15:19:30","guid":{"rendered":"https:\/\/vccf.org\/?p=20932"},"modified":"2025-01-29T07:47:05","modified_gmt":"2025-01-29T07:47:05","slug":"vccf-donor-spotlight-interview-with-armando-lopez","status":"publish","type":"post","link":"https:\/\/vccf.org\/da\/vccf-donor-spotlight-interview-with-armando-lopez\/","title":{"rendered":"VCCF Donor Spotlight: Interview med Armando Lopez"},"content":{"rendered":"<p><img loading=\"lazy\" decoding=\"async\" class=\"alignleft wp-image-20933\" src=\"https:\/\/vccf.org\/wp-content\/uploads\/2024\/04\/armando-lopez.jpg\" alt=\"Headshot of Armando Lopez\" width=\"300\" height=\"400\" srcset=\"https:\/\/vccf.org\/wp-content\/uploads\/2024\/04\/armando-lopez.jpg 900w, https:\/\/vccf.org\/wp-content\/uploads\/2024\/04\/armando-lopez-225x300.jpg 225w, https:\/\/vccf.org\/wp-content\/uploads\/2024\/04\/armando-lopez-768x1024.jpg 768w, https:\/\/vccf.org\/wp-content\/uploads\/2024\/04\/armando-lopez-9x12.jpg 9w, https:\/\/vccf.org\/wp-content\/uploads\/2024\/04\/armando-lopez-300x400.jpg 300w\" sizes=\"auto, (max-width: 300px) 100vw, 300px\" \/>Armando Lopez, et af VCCF's f\u00f8rste bestyrelsesmedlemmer og en livslang beboer i Ventura County, hj\u00e6lper med at bringe kunsten ud til vores samfunds b\u00f8rn med The Children's Workshop, som nu er en donation fra VCCF.<\/p>\n<p>Armando blev f\u00f8dt i Oxnard i 1945 i en landarbejderfamilie og voksede op i en etsproget spansk husstand med syv b\u00f8rn. Begge hans for\u00e6ldre var store fortalere for hans uddannelse og deltog i for\u00e6ldrem\u00f8der med naboer som tolke, s\u00e5 de kunne deltage i deres s\u00f8ns uddannelse. Selv om Armando voksede op i et hjem uden b\u00f8ger eller fjernsyn, satte han tidligt pris p\u00e5 kunst. Han tog familiens religi\u00f8se kalendere og klippede illustrationerne ud for at h\u00e6nge dem op p\u00e5 v\u00e6ggen i sit v\u00e6relse.<\/p>\n<p>Armando og hans bestyrelse, som nu omfatter Daisy Tatum, Christine Martinez, Priscilla Herrera og Sharon Cardiel, blev oprindeligt grundlagt i 2014 og har for nylig overdraget The Children's Workshop til VCCF som en fond, der st\u00f8tter kunstprogrammer for b\u00f8rn p\u00e5 Oxnard Performing Arts Center. Armando n\u00e6vner ofte forskning, der viser, at b\u00f8rn, der udvikler en interesse for og deltager i kunst, klarer sig bedre i skolen end b\u00f8rn, der ikke har v\u00e6ret udsat for kunst. Armando arbejdede sammen med VCCF for at sikre, at The Children's Workshop lever videre efter ham og hans bestyrelse.<\/p>\n<p>\"Det er meget vigtigt for mig, og jeg er meget glad for at have s\u00e5dan en ansvarlig, st\u00e6rk organisation til at have min donation der,\" sagde Armando.<\/p>\n<div id=\"attachment_21057\" style=\"width: 410px\" class=\"wp-caption alignright\"><img loading=\"lazy\" decoding=\"async\" aria-describedby=\"caption-attachment-21057\" class=\"wp-image-21057\" src=\"https:\/\/vccf.org\/wp-content\/uploads\/2024\/05\/armando-lopez-and-board.png\" alt=\"Armando Lopez and his wife Lourdes with the VCCF Board of Directors\" width=\"400\" height=\"350\" \/><p id=\"caption-attachment-21057\" class=\"wp-caption-text\">Armando Lopez og hans kone Lourdes med VCCF's bestyrelse<\/p><\/div>\n<p><strong>Hvordan blev du involveret i kunsten?<\/strong><\/p>\n<p>Jeg gik ind i ejendomsbranchen med min partner Dave White og foreslog ham, at vi gav tilbage til samfundet ved at yde \u00f8konomisk st\u00f8tte til kunsten.<\/p>\n<p>Vi betalte for at f\u00e5 Cheech Marins omrejsende kunstudstilling til Oxnard og gjorde den tilg\u00e6ngelig for lokalsamfundet, s\u00e5 de kunne komme og se kunstv\u00e6rkerne. Vi tog b\u00f8rn med fra forskellige skoler. Vi tog endda b\u00f8rn fra ungdomsf\u00e6ngslet med. Og de gik rundt og s\u00e5 alle kunstv\u00e6rkerne, der var produceret af nationalt anerkendte latinamerikanske kunstnere. Og s\u00e5 viste vi dem en film, hvor kunstnerne fortalte om deres baggrund i East LA, om at vokse op i fattigdom og om deres dedikation til deres arbejde, og hvordan det gav pote. Men det kr\u00e6vede fokus, passion og h\u00e5rdt arbejde. Vi havde den i en m\u00e5ned, og fordi det var Cheech, kunne vi bemande den med frivillige. Vi fremh\u00e6vede ogs\u00e5 latinamerikanske kunstnere, kvindelige kunstnere, afroamerikanske kunstnere og andre. Vi fors\u00f8gte at fremh\u00e6ve en mangfoldighed af kunstnere fra kunstverdenen.<\/p>\n<p><strong>\u00a0<\/strong><strong>Kan du fort\u00e6lle mig om The Children's Workshop?<\/strong><\/p>\n<p>P\u00e5 det tidspunkt hed det Downtown Center for the Arts. Vi gav b\u00f8rn gratis kunstundervisning. Vi hentede et orkester fra Mexico, som brugte indf\u00f8dte instrumenter, og var med til at sponsorere en koncert p\u00e5 Oxnard College, og vi hjalp ogs\u00e5 med at sponsorere en operasanger fra Mexico, som var en af de optr\u00e6dende p\u00e5 Ventura Music Festival.<\/p>\n<p>Det var efter det, at bestyrelsen godkendte en navne\u00e6ndring til The Children's Workshop og fokus p\u00e5 b\u00f8rn. Senere m\u00f8dtes jeg med Ventura County Arts Council, og vi lagde planer om at deltage i deres Artists in the Classroom-program, hvor vi ville sende kunstnere ind i klassev\u00e6relserne p\u00e5 lavindkomstskoler for at give b\u00f8rnene kunstundervisning. Vi var klar til at g\u00e5 i gang, da COVID ramte. S\u00e5 vi var ikke i stand til at lancere programmet. Vi har ogs\u00e5 lavet en r\u00e6kke videoer med kunstundervisning, som ligger p\u00e5 YouTube, om skrivning, poesi, tegning, forskellige ting, som b\u00f8rn overalt i verden har adgang til.<\/p>\n<p>Bestyrelsen og jeg blev bekymrede for B\u00f8rnenes V\u00e6rksteds fremtid. P\u00e5 det tidspunkt foreslog jeg bestyrelsen, at vi oprettede en legatfond hos VCCF, hvilket bestyrelsen godkendte. Min kone og jeg har en stipendiefond der til b\u00f8rn af landarbejdere, som skal g\u00e5 p\u00e5 CSU Channel Islands. S\u00e5 jeg talte med dem om at oprette en fond, som ville f\u00e5 sit eget liv, og hvor renterne fra fonden ville g\u00e5 til Oxnard Performing Arts Center til deres kunstprogram for b\u00f8rn. Alt gik op i en h\u00f8jere enhed, og jeg er meget glad for, at det nu er i h\u00e6nderne p\u00e5 en velrenommeret organisation som VCCF.<\/p>\n<p><strong>Hvordan \u00e6ndrede dit syn p\u00e5 dit efterm\u00e6le i Ventura County sig efter din kr\u00e6ftdiagnose?<\/strong><\/p>\n<p>Jeg t\u00e6nker ikke s\u00e5 meget p\u00e5 arven, men jeg vil sige, at alle har deres dag under solen, hvis de v\u00e6lger at tage den. Det vigtigste er, at man g\u00f8r plads. Den eneste arv, jeg t\u00e6nker p\u00e5, er, at jeg gerne vil have, at mine d\u00f8tre husker mig som en god far, der har givet dem positive v\u00e6rdier, og en af dem er omsorg for andre mennesker. Det er vigtigere for mig.<\/p>\n<p>De b\u00f8rn, der bliver hjulpet, det er vores organisations arv, selv om de ikke ved, hvem vi er. Det var vigtigt for mig, at organisationen overlevede, og jeg er virkelig glad for, at den overlever.<\/p>\n<p><strong>Er der andet, du gerne vil sige, som du ikke fik mulighed for at sige?<\/strong><\/p>\n<p>Jeg l\u00e6rte for lang tid siden, at nogle mennesker ikke \u00f8nsker at give, fordi de f\u00f8ler, at der allerede er nogen, der giver til en bestemt sag. Jeg har ogs\u00e5 l\u00e6rt, at der ikke er noget, der hedder dobbeltarbejde. Behovet er stort. S\u00e5 lad det aldrig holde dig tilbage, at der allerede er nogen, der g\u00f8r det. Giv, du ved, giv. Ingen opfylder behovet helt, og s\u00e5 er der s\u00e5 mange behov. Se p\u00e5 opstillingen af, hvem VCCF repr\u00e6senterer, og hvis midler de har under deres ansvarlige ledelse, og giv.<\/p>","protected":false},"excerpt":{"rendered":"<p>Armando Lopez, one of VCCF\u2019s first Board members and a lifelong Ventura County resident, is helping to bring the arts to our community\u2019s kids with The Children\u2019s Workshop, now an&hellip;<\/p>","protected":false},"author":3,"featured_media":21057,"comment_status":"closed","ping_status":"closed","sticky":false,"template":"","format":"standard","meta":{"_acf_changed":false,"give_campaign_id":0,"footnotes":""},"categories":[27],"tags":[],"class_list":["post-20932","post","type-post","status-publish","format-standard","has-post-thumbnail","hentry","category-blog-posts"],"acf":[],"_links":{"self":[{"href":"https:\/\/vccf.org\/da\/wp-json\/wp\/v2\/posts\/20932","targetHints":{"allow":["GET"]}}],"collection":[{"href":"https:\/\/vccf.org\/da\/wp-json\/wp\/v2\/posts"}],"about":[{"href":"https:\/\/vccf.org\/da\/wp-json\/wp\/v2\/types\/post"}],"author":[{"embeddable":true,"href":"https:\/\/vccf.org\/da\/wp-json\/wp\/v2\/users\/3"}],"replies":[{"embeddable":true,"href":"https:\/\/vccf.org\/da\/wp-json\/wp\/v2\/comments?post=20932"}],"version-history":[{"count":0,"href":"https:\/\/vccf.org\/da\/wp-json\/wp\/v2\/posts\/20932\/revisions"}],"wp:featuredmedia":[{"embeddable":true,"href":"https:\/\/vccf.org\/da\/wp-json\/wp\/v2\/media\/21057"}],"wp:attachment":[{"href":"https:\/\/vccf.org\/da\/wp-json\/wp\/v2\/media?parent=20932"}],"wp:term":[{"taxonomy":"category","embeddable":true,"href":"https:\/\/vccf.org\/da\/wp-json\/wp\/v2\/categories?post=20932"},{"taxonomy":"post_tag","embeddable":true,"href":"https:\/\/vccf.org\/da\/wp-json\/wp\/v2\/tags?post=20932"}],"curies":[{"name":"wp","href":"https:\/\/api.w.org\/{rel}","templated":true}]}}