{"id":21210,"date":"2024-05-31T15:31:23","date_gmt":"2024-05-31T22:31:23","guid":{"rendered":"https:\/\/vccf.org\/?p=21210"},"modified":"2025-01-29T07:47:04","modified_gmt":"2025-01-29T07:47:04","slug":"ventura-county-family-justice-center-to-honor-three-local-heroes-at-annual-gala","status":"publish","type":"post","link":"https:\/\/vccf.org\/da\/ventura-county-family-justice-center-to-honor-three-local-heroes-at-annual-gala\/","title":{"rendered":"Ventura County Family Justice Center h\u00e6drer tre lokale helte ved den \u00e5rlige galla"},"content":{"rendered":"<p><strong>VENTURA COUNTY<\/strong> - Ventura County Family Justice Center meddelte (den 28. maj), at det vil v\u00e6re v\u00e6rt for Voices of Hope Gala den 20. juli 2024 fra kl. 17.00-22.00 p\u00e5 Zachari Dunes p\u00e5 Mandalay Beach i Oxnard.<\/p>\n<p>Gallafesten vil \u00e6re tre lokale helte: Dr. Thomas Duncan, den \u00e6rv\u00e6rdige Brian J. Back og Ventura County Community Foundation. Temaet, Voices of Hope, s\u00e6tter fokus p\u00e5 og samler penge ind til st\u00f8tte til ofre for at forbedre livet for dem, der er p\u00e5virket af familievold og traumer i Ventura County. Aftenen vil v\u00e6re fyldt med inspiration, uddannelse, musik, en live-auktion, middag og meget mere. For billetter og sponsormuligheder, bes\u00f8g venligst <a href=\"https:\/\/www.vcfjcfoundation.org\/\" target=\"_blank\" rel=\"noopener\">https:\/\/www.vcfjcfoundation.org\/<\/a><\/p>\n<p>Voices of Hope Honorees 2024 er blevet udvalgt for deres engagement, fortsatte st\u00f8tte og for at give h\u00e5b og en stemme til de beboere i Ventura County, der har mest brug for det.<\/p>\n<p><strong>\u00c5rets helt<\/strong> Dr. Duncan, DO, FACS, FICS, er meddirekt\u00f8r for Anacapa Surgery Associates, hvor han yder pleje inden for almen- og traumekirurgi. Som tidligere stabschef og nuv\u00e6rende traumel\u00e6ge p\u00e5 Ventura County Medical Center er Dr. Duncan aktiv i Violence Intervention Program og Elderly Fall Prevention Program og sidder i bestyrelsen for Ventura County Family Justice Center.<\/p>\n<p><strong>\u00c5rets mester<\/strong> \u00c6rede Brian J. Back var dommer ved Ventura County Superior Court i 20 \u00e5r, f\u00f8r han gik p\u00e5 pension i 2018. Hans nominering afspejler dommer Backs lange karriere som formand for domstole for ungdomskriminalitet, straffesager, familieret, v\u00e6rgem\u00e5l, vold i hjemmet og mentalhygiejne. Han er tidligere blevet udn\u00e6vnt til \u00e5rets dommer af Ventura County Trial Lawyers Association.<\/p>\n<p><strong>\u00c5rets samfundsfork\u00e6mper<\/strong> Ventura County Community Foundation (VCCF), der ledes af CEO Vanessa Bechtel, er en st\u00e6rk samarbejdspartner i lokalsamfundet.<\/p>\n<p>Senest er VCCF g\u00e5et sammen med Ventura County Family Justice Center om at skabe Tiny Homes Project, der st\u00f8tter et sikkert og plejende milj\u00f8 med faciliteter, der s\u00e6tter beboerne i stand til at f\u00e5 succes p\u00e5 lang sigt.<\/p>\n<p>\"F\u00e6llesskab er den m\u00e5de, vi finder vej gennem traumer p\u00e5,\" siger Vanessa Melendrez Jimenez, Executive Development Officer i Ventura County Family Justice Center Foundation. \"Dette \u00e5rs prismodtagere demonstrerer gennem handling, hvordan vores samfund stiller op for og st\u00f8tter sine borgere, der har oplevet at blive gjort til ofre.\" Sammen med prismodtagerne vil \"Voices of Ventura\", en gruppe lokale overlevende, give deres stemme til kende og dele deres historier om at finde h\u00e5b gennem st\u00f8tte fra Ventura County Family Justice Center.<\/p>\n<p>Siden \u00e5bningen i 2019 har over 10.000 voksne og b\u00f8rn fra hele Ventura County modtaget hj\u00e6lp fra Ventura County Family Justice Center til at komme sig efter vold i hjemmet og b\u00f8rnemishandling,<\/p>\n<p><em><a href=\"https:\/\/amigos805.com\/july-20-ventura-county-family-justice-center-to-honor-three-local-heroes-at-annual-gala\/\" target=\"_blank\" rel=\"noopener\">Denne artikel blev oprindeligt udgivet af Amigos 805.<\/a><\/em><\/p>","protected":false},"excerpt":{"rendered":"<p>VENTURA COUNTY \u2014 Ventura County Family Justice Center announced (on May 28) that it will host the Voices of Hope Gala on July 20, 2024, from 5 p.m. \u2013 10&hellip;<\/p>","protected":false},"author":3,"featured_media":11166,"comment_status":"closed","ping_status":"closed","sticky":false,"template":"","format":"standard","meta":{"_acf_changed":false,"give_campaign_id":0,"footnotes":""},"categories":[22],"tags":[],"class_list":["post-21210","post","type-post","status-publish","format-standard","has-post-thumbnail","hentry","category-latest-coverage"],"acf":[],"_links":{"self":[{"href":"https:\/\/vccf.org\/da\/wp-json\/wp\/v2\/posts\/21210","targetHints":{"allow":["GET"]}}],"collection":[{"href":"https:\/\/vccf.org\/da\/wp-json\/wp\/v2\/posts"}],"about":[{"href":"https:\/\/vccf.org\/da\/wp-json\/wp\/v2\/types\/post"}],"author":[{"embeddable":true,"href":"https:\/\/vccf.org\/da\/wp-json\/wp\/v2\/users\/3"}],"replies":[{"embeddable":true,"href":"https:\/\/vccf.org\/da\/wp-json\/wp\/v2\/comments?post=21210"}],"version-history":[{"count":0,"href":"https:\/\/vccf.org\/da\/wp-json\/wp\/v2\/posts\/21210\/revisions"}],"wp:featuredmedia":[{"embeddable":true,"href":"https:\/\/vccf.org\/da\/wp-json\/wp\/v2\/media\/11166"}],"wp:attachment":[{"href":"https:\/\/vccf.org\/da\/wp-json\/wp\/v2\/media?parent=21210"}],"wp:term":[{"taxonomy":"category","embeddable":true,"href":"https:\/\/vccf.org\/da\/wp-json\/wp\/v2\/categories?post=21210"},{"taxonomy":"post_tag","embeddable":true,"href":"https:\/\/vccf.org\/da\/wp-json\/wp\/v2\/tags?post=21210"}],"curies":[{"name":"wp","href":"https:\/\/api.w.org\/{rel}","templated":true}]}}