{"id":21975,"date":"2024-11-07T15:13:40","date_gmt":"2024-11-07T23:13:40","guid":{"rendered":"https:\/\/vccf.org\/?p=21975"},"modified":"2025-02-26T07:13:07","modified_gmt":"2025-02-26T15:13:07","slug":"vccf-community-update-on-mountain-fire","status":"publish","type":"post","link":"https:\/\/vccf.org\/da\/vccf-community-update-on-mountain-fire\/","title":{"rendered":"Opdateringer om brand i VCCF-f\u00e6llesskabet"},"content":{"rendered":"<div class=\"vc_custom_1736811543185\">\n<div id=\"text-block-6788a19b1c740\" class=\"mk-text-block  jupiter-donut-\">\n<p class=\"already_translated\"><strong>January 13, 3:30 p.m.<\/strong><\/p>\n<div class=\"clearboth\"><span style=\"font-size: revert; color: initial;\">K\u00e6re Ventura County Community Foundation-familie,<\/span><\/div>\n<\/div>\n<\/div>\n<div class=\"vc_custom_1736811853846\">\n<div id=\"text-block-6788a19b1c819\" class=\"mk-text-block  jupiter-donut-\">\n<p>As we face one of the most devastating fire seasons in our region\u2019s history, our hearts are with all those impacted by the fires across Los Angeles County and here in Ventura County. Please know you are not alone, and if you or a loved one need support, please reach out to 2-1-1 or\u00a0<a class=\"already_translated\" href=\"https:\/\/icfs.communityos.org\/gethelpventuracounty\" data-link-type=\"1\" data-href=\"https:\/\/icfs.communityos.org\/gethelpventuracounty\" data-link-id=\"3458A758-9D20-4F80-A7CA-73299ED4EEAA\" data- target=\"_blank\" rel=\"noopener\">complete this needs assessment if you are in Ventura County<\/a>. A team of local nonprofits is working collaboratively together and are standing by to help.<\/p>\n<p class=\"already_translated\">Your community foundation is committed to raising funds to address the immediate and long-term needs of those most impacted by the recent Mountain Fire, while remaining prepared to respond to other disaster-related challenges across Ventura County. 100% of all contributions go directly to those most affected and local nonprofits supporting those most in need.<\/p>\n<p>We are also committed to supporting our sister community foundations, the\u00a0<a class=\"already_translated\" href=\"https:\/\/www.pledge.to\/ccfwildfirerelieffund\" data-link-type=\"1\" data-href=\"https:\/\/www.pledge.to\/ccfwildfirerelieffund\" data-link-id=\"EFA28CF5-3891-4D76-B654-26765641F678\" data- target=\"_blank\" rel=\"noopener\">California Community Foundation<\/a>\u00a0og den\u00a0<a class=\"already_translated\" href=\"https:\/\/pasadena.fcsuite.com\/erp\/donate\/create\/fund?funit_id=6192\" data-link-type=\"1\" data-href=\"https:\/\/pasadena.fcsuite.com\/erp\/donate\/create\/fund?funit_id=6192\" data-link-id=\"33622A81-45BE-4165-AB11-A179E6FD79C7\" data- target=\"_blank\" rel=\"noopener\">Pasadena Community Foundation<\/a>, as they work in solidarity to help thousands of community members who have lost their homes in Los Angeles County. We have received several direct contributions through VCCF to support affected families in Los Angeles and will be sending 100% of those contributions to our sister community foundations.<\/p>\n<ul>\n<li><a class=\"already_translated\" href=\"https:\/\/www.philanthropyca.org\/\" data-link-type=\"1\" data-href=\"https:\/\/www.philanthropyca.org\/\" data-link-id=\"10BED660-ECBD-4321-92A3-CF31E42801B1\" data- target=\"_blank\" rel=\"noopener\">Visit Philanthropy California to learn more about statewide disaster relief efforts<\/a>.<\/li>\n<li><a class=\"already_translated\" href=\"https:\/\/www.pacbiztimes.com\/emergency-preparedness-2\/\" data-link-type=\"1\" data-href=\"https:\/\/www.pacbiztimes.com\/emergency-preparedness-2\/\" data-link-id=\"8F8091F2-4DA3-41B5-A30E-A1FD5B20E5EC\" data- target=\"_blank\" rel=\"noopener\">Read the Emergency Preparedness guide for Ventura County business owners and nonprofits.<\/a><\/li>\n<li><a class=\"already_translated\" href=\"https:\/\/vccf.org\/da\/media-news\/email-newsletter-sign-up\/\" data-link-type=\"1\" data-href=\"https:\/\/vccf.org\/email-newsletter-sign-up\/\" data-link-id=\"226F8572-F8C5-4B7D-BF7A-D8DF941AE925\">Subscribe to our Power of Purpose newsletter to stay informed.<\/a><\/li>\n<li><a class=\"already_translated\" href=\"https:\/\/vccf.org\/da\/donate\/\" data-link-type=\"1\" data-href=\"https:\/\/vccf.org\/make-a-donation\/\" data-link-id=\"A5E7944C-DAB8-470F-A104-6082C1580862\">Donate to the Ventura County Wildfire Relief and Recovery Fund here<\/a>.<\/li>\n<\/ul>\n<p class=\"already_translated\"><strong>Ventura County Hj\u00e6lpe- og genopretningsfond for skovbrande<\/strong><\/p>\n<p class=\"already_translated\">This fund has been pivotal in supporting families and nonprofits affected by the Mountain Fire, which burned 19,904 acres and destroyed 132 structures. To date, the fund has granted $975,313, providing individual financial assistance and addressing critical needs such as:<\/p>\n<ul>\n<li>Temporary housing and medical equipment replacement.<\/li>\n<li>Emergency childcare and financial assistance for families who lost homes.<\/li>\n<li>Support for farmworkers, including over $50,000 for those who lost work and housing.<\/li>\n<li>- D\u00e6kker evakueringsomkostninger for mere end 450 dyr og dyrl\u00e6geregninger for tilskadekomne k\u00e6ledyr fra familier, der har mistet deres hjem.<\/li>\n<\/ul>\n<p class=\"already_translated\"><strong>805 UndocuFund<\/strong><\/p>\n<p class=\"already_translated\">The 805 UndocuFund continues to be a vital resource for undocumented families affected by the Mountain Fire and other disasters. Its most recent impact includes:<\/p>\n<ul>\n<li>Financial assistance for 178 households, totaling $78,000.<\/li>\n<li>Essential needs support, in partnership with Food Share of Ventura County, distributing $2,765 in gift cards to farmworkers.<\/li>\n<li>In-person clinics providing over 125 staff hours to assist families directly.<\/li>\n<\/ul>\n<p>Ricardo, an 805 UndocuFund recipient, shared, \u201cI thank you from the bottom of my heart for the great help you gave me. I work in the field. I hope you continue to support us. Thank you very much.\u201d\u00a0<a class=\"already_translated\" href=\"https:\/\/www.805undocufund.org\/donate.html\" data-link-type=\"1\" data-href=\"https:\/\/www.805undocufund.org\/donate.html\" data-link-id=\"164B2EEB-61D3-4E4F-B4CC-F16E1A587187\" data- target=\"_blank\" rel=\"noopener\">Please contribute to the 805 UndocuFund here.<\/a><\/p>\n<p class=\"already_translated\"><strong>Looking Ahead<\/strong><\/p>\n<p>With fire weather persisting and Public Safety Power Shutoffs becoming more frequent, we encourage everyone to stay prepared.\u00a0<a class=\"already_translated\" href=\"https:\/\/www.vcemergency.com\/\" data-link-type=\"1\" data-href=\"http:\/\/vcemergency.com\/\" data-link-id=\"6A9588C2-3625-49AC-A5A4-D53A18B05F01\" target=\"_blank\" rel=\"noopener\">Resources for preparation and real-time updates can be found at VC Emergency<\/a>. We also highly recommend the\u00a0<a class=\"already_translated\" href=\"https:\/\/app.watchduty.org\/\" data-link-type=\"1\" data-href=\"https:\/\/app.watchduty.org\/\" data-link-id=\"3E4C79E9-9514-4F30-902E-5FF99EBF713A\" data- target=\"_blank\" rel=\"noopener\">Watch Duty app<\/a>, which is a nonprofit based in Northern California.<\/p>\n<p>If you are experiencing financial hardships caused by the Ventura County disasters, please complete\u00a0<a class=\"already_translated\" href=\"https:\/\/icfs.communityos.org\/gethelpventuracounty\" data-link-type=\"1\" data-href=\"https:\/\/icfs.communityos.org\/gethelpventuracounty\" data-link-id=\"976F00E6-CF26-4367-935E-BE7B4371DA85\" data- target=\"_blank\" rel=\"noopener\">211 Interface\u2019s confidential needs assessment<\/a>.<\/p>\n<p class=\"already_translated\">Thank you again for all your help and support. Please help us spread the word and we promise to keep you informed. Your unwavering support for one another inspires us every day. Together, we can provide hope, relief and recovery for those in need.<\/p>\n<p class=\"already_translated\"><em>With determination and gratitude,<\/em><\/p>\n<p><em>Vanessa Bechtel, VCCF's pr\u00e6sident og CEO<\/em><\/p>\n<\/div>\n<\/div>\n<div class=\"vc_custom_1732652342827\">\n<div id=\"text-block-6788a19b1cc1b\" class=\"mk-text-block  jupiter-donut-\">\n<p class=\"already_translated\"><strong>Nov 26, 12:00 p.m.<\/strong><\/p>\n<div class=\"clearboth\"><span style=\"font-size: revert; color: initial;\">K\u00e6re Ventura County Community Foundation-familie,<\/span><\/div>\n<\/div>\n<\/div>\n<div class=\"vc_custom_1732652529303\">\n<div id=\"text-block-6788a19b1cc98\" class=\"mk-text-block  jupiter-donut-\">\n<p class=\"already_translated\">This week, as we reflect on the holiday season, we are reminded of the resilience and compassion that define our community. While many in Ventura County are grappling with the aftermath of the Mountain Fire, we also see extraordinary acts of kindness and solidarity that uplift us all.<\/p>\n<p class=\"already_translated\">Your steadfast support has made a meaningful difference in the lives of those most affected by this disaster. Thanks to your generosity, families have been able to secure temporary housing, injured animals have received lifesaving care, childcare has been provided to households navigating a difficult path forward, farmworkers displaced from both home and work have found some financial relief, and essential medical equipment lost in the fire has been replaced. These actions exemplify the heart of Ventura County.<\/p>\n<p class=\"already_translated\">To date, thanks to VCCF fundholders, generous donors, local businesses, and private foundations, $287,429 has been granted to address immediate and pressing needs. We have more work to do.<\/p>\n<p>We are deeply grateful for our partnerships with the County of Ventura, Ventura County Voluntary Organizations Active in Disaster (VCVOAD), Interface 211 Ventura County, the 805 UndocuFund, Ventura County Animal Services, American Red Cross Central Coast, Boys &amp; Girls Club of Camarillo, Girl Scouts of California\u2019s Central Coast, and many other local nonprofits. Together, we are ensuring resources reach those who need them most.<\/p>\n<p class=\"already_translated\">The journey of recovery is long and complex. Please know that every donation, every shared message, and every act of encouragement strengthens our ability to make a lasting impact.<\/p>\n<p class=\"already_translated\"><em>With gratitude and unwavering resolve,<\/em><\/p>\n<p><em>Vanessa Bechtel, VCCF's pr\u00e6sident og CEO<\/em><\/p>\n<div class=\"clearboth\"><\/div>\n<\/div>\n<\/div>\n<div class=\"vc_separator wpb_content_element vc_separator_align_center vc_sep_width_100 vc_sep_pos_align_center vc_separator_no_text vc_sep_color_grey wpb_content_element  wpb_content_element\"><\/div>\n<div class=\"vc_custom_1731546010290\">\n<div id=\"text-block-6788a19b1ce3b\" class=\"mk-text-block  jupiter-donut-\">\n<p class=\"already_translated\"><strong>Nov 13, 5:00 p.m.<\/strong><\/p>\n<div class=\"clearboth\"><span style=\"font-size: revert; color: initial;\">K\u00e6re Ventura County Community Foundation-familie,<\/span><\/div>\n<\/div>\n<\/div>\n<div class=\"vc_custom_1731546054664\">\n<div id=\"text-block-6788a19b1cec7\" class=\"mk-text-block  jupiter-donut-\">\n<p class=\"already_translated\">Tonight, county and city officials are hosting a community meeting to inform residents affected by the Mountain Fire about the opening of the Local Assistance Center in Camarillo. Thanks to your generous support, we are honored to share that to-date $93,500 has been granted to help individuals and families most affected by the wildfire, along with an additional $10,000 dedicated to covering costs associated with emergency animal evacuations.<\/p>\n<p class=\"already_translated\">Your community foundation has also been able to grant $50,000 from one of our donor\u2019s funds to support the American Red Cross of Ventura County in their wildfire relief efforts over this past week. We are immensely grateful to them and to the thousands of first responders who have worked tirelessly in service to Ventura County.<\/p>\n<p class=\"already_translated\">Your community foundation is also helping to raise funds to support farmworkers who experienced loss of work and other hardships associated with the fires. To learn more, please contact Kinsey Cohen at kcohen@vccf.org.<\/p>\n<p class=\"already_translated\">Thank you for supporting your fellow neighbors during this time. We couldn\u2019t be more proud and more grateful for our community.<\/p>\n<p class=\"already_translated\"><em>With compassion and determination,<\/em><\/p>\n<p class=\"already_translated\"><em>Vanessa Bechtel, VCCF's pr\u00e6sident og CEO<\/em><\/p>\n<\/div>\n<\/div>\n<p><strong>Nov 11, 5:30 p.m.<\/strong><\/p>\n<p class=\"cvGsUA direction-ltr align-center para-style-body\" style=\"text-align: left;\"><span class=\"OYPEnA font-feature-liga-off font-feature-clig-off font-feature-calt-off text-decoration-none text-strikethrough-none\">K\u00e6re Ventura County Community Foundation-familie,<\/span><\/p>\n<p class=\"cvGsUA direction-ltr align-center para-style-body\" style=\"text-align: left;\"><span class=\"OYPEnA font-feature-liga-off font-feature-clig-off font-feature-calt-off text-decoration-none text-strikethrough-none\">We are deeply grateful for the incredible outpouring of support as we rally together to help those most impacted by the Mountain Fire.<\/span> <span class=\"OYPEnA font-feature-liga-off font-feature-clig-off font-feature-calt-off text-decoration-none text-strikethrough-none\">Thank you from the bottom of our hearts for helping us reach those most affected and offering both awareness and critical financial aid <\/span><span class=\"OYPEnA font-feature-liga-off font-feature-clig-off font-feature-calt-off text-decoration-none text-strikethrough-none\">in this time of need.<\/span><\/p>\n<p class=\"cvGsUA direction-ltr align-center para-style-body\" style=\"text-align: left;\"><span class=\"OYPEnA font-feature-liga-off font-feature-clig-off font-feature-calt-off text-decoration-none text-strikethrough-none\">On Saturday, the VCCF Board of Directors authorized the immediate distribution of $20,000 in direct financial assistance to support eight families who lost their housing in the wildfire and were left with no place to go. Because of your generosity, these families now have emergency financial support to secure temporary housing <\/span><span class=\"OYPEnA font-feature-liga-off font-feature-clig-off font-feature-calt-off text-decoration-none text-strikethrough-none\">and other essentials.<\/span><\/p>\n<p class=\"cvGsUA direction-ltr align-center para-style-body\" style=\"text-align: left;\"><span class=\"OYPEnA font-feature-liga-off font-feature-clig-off font-feature-calt-off text-decoration-none text-strikethrough-none\">Additionally, $10,000 in financial assistance was allocated to cover costs for emergency animal evacuations and ongoing care, ensuring that pets and livestock displaced <\/span><span class=\"OYPEnA font-feature-liga-off font-feature-clig-off font-feature-calt-off text-decoration-none text-strikethrough-none\">by the fire are safe. <\/span>These grant funds were specific contributions from local donors to support animal welfare, and we can\u2019t thank you enough for making this happen.<\/p>\n<p style=\"text-align: left;\">Your community foundation is honored to partner with the County of Ventura, Ventura County Voluntary Organizations Active in Disaster (VCVOAD), Interface\u2019s 211 Ventura County, and several other local nonprofits. Together, we are working to bring essential support to those most affected. This week, in partnership with 211 Ventura County, we will continue providing direct assistance to those who need it most.<\/p>\n<p style=\"text-align: left;\">More than 130 individual donations have come through over the past few days demonstrating the power of philanthropy and our community\u2019s generosity. Please help us spread the word so that we can best support our neighbors during this very difficult time.<\/p>\n<p style=\"text-align: left;\"><em>With compassion and determination,<\/em><br \/>\n<em>Vanessa Bechtel, VCCF's pr\u00e6sident og CEO<\/em><\/p>\n<p><strong>Nov 8, 2:20 p.m.<\/strong><\/p>\n<p class=\"blog-single-title already_translated\" style=\"text-align: center;\"><strong>VCCF tager imod n\u00f8dhj\u00e6lpsdonationer til bjergbrand<\/strong><\/p>\n<p style=\"text-align: center;\">Ventura County Wildfire Relief and Recovery Fund oprettet for at st\u00f8tte lokalsamfund, der er ramt af skovbrand<\/p>\n<p>CAMARILLO, CA 11\/8\/2024 - Ventura County har i samarbejde med Ventura County Community Foundation oprettet en n\u00f8dfond, der tager imod donationer til st\u00f8tte for medlemmer af lokalsamfundet og lokale nonprofitorganisationer, der er mest ber\u00f8rt af Mountain Fire. Ventura County Wildfire Relief and Recovery Fund er \u00e5ben for donationer p\u00e5\u00a0<a class=\"already_translated\" href=\"https:\/\/vccf.org\/da\/donate\/\">vccf.org\/donate<\/a>og er dedikeret til at st\u00f8tte enkeltpersoner og nonprofitorganisationer, der yder vigtig hj\u00e6lp til dem, der er mest ber\u00f8rt i krisetider. Hundrede procent af bidragene g\u00e5r direkte til n\u00f8dhj\u00e6lpsindsatsen og fokuserer ressourcerne p\u00e5 dem, der har mest brug for det.<\/p>\n<p class=\"already_translated\">Den 6. november br\u00f8d en skovbrand ud uden for Moorpark efter Santa Ana-vinde, der n\u00e5ede 40 til 80 miles i timen. Branden er vokset til 20.596 acres den 8. november if\u00f8lge VC Emergency, med 7% indd\u00e6mning. VCCF har tidligere forvaltet millioner af dollars i donationer til Thomas-, Hill- og Woolsey-brandene og s\u00f8rget for, at midlerne havde st\u00f8rst mulig effekt og st\u00f8ttede de mest ber\u00f8rte. VCCF forts\u00e6tter med at overv\u00e5ge status for Mountain Fire og arbejder sammen med sine nonprofit- og regeringspartnere for bedst muligt at im\u00f8dekomme amtets behov.<\/p>\n<p class=\"already_translated\">\"Gennem Ventura County Wildfire Relief and Recovery Fund har vores samfund en vigtig livline til dem, der er p\u00e5virket af skovbranden,\" sagde Dr. Sevet Johnson, administrerende direkt\u00f8r for Ventura County. \"Denne fond er et bevis p\u00e5 vores amts urokkelige engagement i at yde hurtig og direkte st\u00f8tte til enkeltpersoner og nonprofitorganisationer i frontlinjen af n\u00f8dhj\u00e6lpsindsatsen. Ventura County er b\u00e5de medf\u00f8lende og modstandsdygtigt, altid klar til at st\u00e5 sammen og st\u00f8tte hinanden i tider med behov.\"<\/p>\n<p>VCCF opfordrer alle medlemmer af samfundet til at holde sig informeret og tr\u00e6ffe sikre beslutninger i forbindelse med denne n\u00f8dsituation. Oplysninger om evakueringszoner og beskyttelsesrum kan findes p\u00e5\u00a0<a class=\"already_translated\" href=\"http:\/\/www.vcemergency.com\/\" target=\"_blank\" rel=\"noopener\">vcemergency.com<\/a>\u00a0eller ved at ringe p\u00e5 (805) 465-6650.<\/p>\n<p class=\"already_translated\">\"Ventura County har v\u00e6ret udsat for \u00f8del\u00e6ggende skovbrande i \u00e5renes l\u00f8b, men vores samfunds modstandskraft og gener\u00f8sitet er st\u00e6rkere,\" siger Leah Lacayo, bestyrelsesmedlem i VCCF. \"Vi er s\u00e5 taknemmelige over for Ventura County og vores f\u00f8rstehj\u00e6lpere for deres heroiske indsats for at holde vores samfund sikkert. Jeres fond er her for at hj\u00e6lpe, is\u00e6r i katastrofetider, og har oprettet denne fond for at st\u00f8tte n\u00f8dhj\u00e6lps- og genopbygningsindsatsen.\"<\/p>\n<p><b>Nov 7, 2024 at 3:13 p.m.<\/b>K\u00e6re Ventura County Community Foundation-familie,<\/p>\n<p>Our hearts are with all those who have been impacted by the Mountain Fire. We are working closely with our partners to help ensure that your community foundation is doing all it can to support those most impacted. As the situation continues to develop, we will be in touch with you to keep you informed of how we can all best help.<\/p>\n<p>In the meantime, we want to provide you with the Pacific Coast Business Times\u2019 <strong>Emergency Preparedness Guide<\/strong>. This comprehensive resource, available in both English and Spanish, offers essential guidance to help individuals, families, small businesses, and nonprofit organizations navigate emergencies like wildfires.<\/p>\n<p>Additionally, for Ventura County residents in need of wildfire-related assistance, please direct them to the <a href=\"https:\/\/icfs.communityos.org\/gethelpventuracounty\" target=\"_blank\" rel=\"noopener\"><strong>Impacted Households Needs Assessment Form<\/strong><\/a>. By completing this short form created by 2-1-1 Ventura County, residents can share their immediate needs and contact information. As resources and relief options become available, these individuals will receive timely updates and guidance. Additionally, the Ventura County VOAD (Voluntary Organizations Active in Disaster) will use this information to organize response efforts and address the most pressing needs across our community.<\/p>\n<p>We are also aware of significant financial needs associated with animal evacuations. If you are interested in supporting that effort, please contact Calleen Pardinas at <a href=\"mailto:cpardinas@vccf.org\">cpardinas@vccf.org<\/a>.<\/p>\n<p>Lastly, we encourage you to stay up to date on all evacuation information and emergency shelters at <strong><a href=\"https:\/\/www.vcemergency.com\/\" target=\"_blank\" rel=\"noopener\">VC Emergency<\/a> <\/strong>or by calling 805-465-6650.<\/p>\n<p>Please feel free to forward this information to anyone you think would benefit. Please know how much we care about each of you and will do all we can to help.<\/p>\n<p>With compassion and dedication,<\/p>\n<p>Vanessa<\/p>\n<p><em>Vanessa Bechtel, VCCF's pr\u00e6sident og CEO<\/em><\/p>","protected":false},"excerpt":{"rendered":"<p>January 13, 3:30 p.m. Dear Ventura County Community Foundation Family, As we face one of the most devastating fire seasons in our region\u2019s history, our hearts are with all those&hellip;<\/p>","protected":false},"author":3,"featured_media":21949,"comment_status":"closed","ping_status":"closed","sticky":false,"template":"","format":"standard","meta":{"_acf_changed":false,"give_campaign_id":0,"footnotes":""},"categories":[27],"tags":[],"class_list":["post-21975","post","type-post","status-publish","format-standard","has-post-thumbnail","hentry","category-blog-posts"],"acf":[],"_links":{"self":[{"href":"https:\/\/vccf.org\/da\/wp-json\/wp\/v2\/posts\/21975","targetHints":{"allow":["GET"]}}],"collection":[{"href":"https:\/\/vccf.org\/da\/wp-json\/wp\/v2\/posts"}],"about":[{"href":"https:\/\/vccf.org\/da\/wp-json\/wp\/v2\/types\/post"}],"author":[{"embeddable":true,"href":"https:\/\/vccf.org\/da\/wp-json\/wp\/v2\/users\/3"}],"replies":[{"embeddable":true,"href":"https:\/\/vccf.org\/da\/wp-json\/wp\/v2\/comments?post=21975"}],"version-history":[{"count":0,"href":"https:\/\/vccf.org\/da\/wp-json\/wp\/v2\/posts\/21975\/revisions"}],"wp:featuredmedia":[{"embeddable":true,"href":"https:\/\/vccf.org\/da\/wp-json\/wp\/v2\/media\/21949"}],"wp:attachment":[{"href":"https:\/\/vccf.org\/da\/wp-json\/wp\/v2\/media?parent=21975"}],"wp:term":[{"taxonomy":"category","embeddable":true,"href":"https:\/\/vccf.org\/da\/wp-json\/wp\/v2\/categories?post=21975"},{"taxonomy":"post_tag","embeddable":true,"href":"https:\/\/vccf.org\/da\/wp-json\/wp\/v2\/tags?post=21975"}],"curies":[{"name":"wp","href":"https:\/\/api.w.org\/{rel}","templated":true}]}}