{"id":22108,"date":"2024-11-19T10:50:43","date_gmt":"2024-11-19T18:50:43","guid":{"rendered":"https:\/\/vccf.org\/?p=22108"},"modified":"2025-01-29T07:47:02","modified_gmt":"2025-01-29T07:47:02","slug":"mountain-fire-resources-for-ventura-county","status":"publish","type":"post","link":"https:\/\/vccf.org\/da\/mountain-fire-resources-for-ventura-county\/","title":{"rendered":"Ressourcer til bjergbrande i Ventura County"},"content":{"rendered":"<p><em><a href=\"https:\/\/latogether.org\/2024\/11\/15\/mountain-fire-resources-for-ventura-county\/\" target=\"_blank\" rel=\"noopener\">Denne artikel blev oprindeligt udgivet af #LAtogether.<\/a><\/em><\/p>\n<p>Den 6. november blev en hurtigt voksende skovbrand ant\u00e6ndt n\u00e6r Moorpark efter kraftige Santa Ana-vinde. Branden har br\u00e6ndt over 20.000 hektar og \u00f8delagt mere end 130 hjem, hvilket har tvunget over 10.000 indbyggere i Ventura County til at evakuere.<\/p>\n<p>Mens brandfolkene har gjort fremskridt med at indd\u00e6mme 91%, er der udstedt vindvarsler for denne uge, og lokalsamfundenes behov forventes at forts\u00e6tte med at vokse.<\/p>\n<h2 class=\"last-child\">Hvordan du kan hj\u00e6lpe<\/h2>\n<p>Ventura County Community Foundation (VCCF) har oprettet en n\u00f8dfond i samarbejde med Ventura County for fondsejere og donorer, der er interesserede i at st\u00f8tte indsatsen for at komme p\u00e5 fode igen.<\/p>\n<p>Ventura County Wildfire Relief and Recovery Fund vil st\u00f8tte enkeltpersoner og nonprofitorganisationer, der yder vigtig hj\u00e6lp til dem, der er h\u00e5rdest ramt af Mountain Fire. Hundrede procent af bidragene til fonden vil g\u00e5 direkte til n\u00f8dhj\u00e6lpsarbejdet, og st\u00f8tter kan f\u00e5 mere at vide om fonden\u00a0<a href=\"https:\/\/vccf.org\/da\/vccf-community-update-on-mountain-fire\/\">her<\/a>.<\/p>\n<p>Du kan ogs\u00e5 give til CCF's\u00a0<a href=\"https:\/\/www.calfund.org\/wildfirerecoveryfund\/\" target=\"_blank\" rel=\"noopener\">Fond til genopretning af skovbrande<\/a>\u00a0der fokuserer p\u00e5 at st\u00f8tte langsigtede l\u00f8sninger for at sikre, at lokalsamfundene er bedre forberedt p\u00e5 fremtidige skovbrande.\u00a0\u00a0<b>CCF-fondejere, der \u00f8nsker at st\u00f8tte denne indsats gennem deres donorr\u00e5dgivne fond, kan give tilskud direkte p\u00e5<\/b><b>\u202f<\/b><a href=\"https:\/\/connect.calfund.org\/donorconnect\/login\" target=\"_blank\" rel=\"noopener\"><b>DonorConnect<\/b><\/a>. Hvis du har sp\u00f8rgsm\u00e5l om donorer, bedes du kontakte din Relationship Manager eller sende en e-mail til<a href=\"mailto:DonorRelations@calfund.org?subject=Mountain%20Fire%20Resources%20for%20Ventura%20County\">DonorRelations@calfund.org<\/a>.<\/p>","protected":false},"excerpt":{"rendered":"<p>This article was originally published by #LAtogether. On November 6, a fast-moving wildfire ignited near Moorpark following robust Santa Ana Winds. The fire has burned over 20,000 acres and destroyed&hellip;<\/p>","protected":false},"author":3,"featured_media":21949,"comment_status":"closed","ping_status":"closed","sticky":false,"template":"","format":"standard","meta":{"_acf_changed":false,"give_campaign_id":0,"footnotes":""},"categories":[22],"tags":[],"class_list":["post-22108","post","type-post","status-publish","format-standard","has-post-thumbnail","hentry","category-latest-coverage"],"acf":[],"_links":{"self":[{"href":"https:\/\/vccf.org\/da\/wp-json\/wp\/v2\/posts\/22108","targetHints":{"allow":["GET"]}}],"collection":[{"href":"https:\/\/vccf.org\/da\/wp-json\/wp\/v2\/posts"}],"about":[{"href":"https:\/\/vccf.org\/da\/wp-json\/wp\/v2\/types\/post"}],"author":[{"embeddable":true,"href":"https:\/\/vccf.org\/da\/wp-json\/wp\/v2\/users\/3"}],"replies":[{"embeddable":true,"href":"https:\/\/vccf.org\/da\/wp-json\/wp\/v2\/comments?post=22108"}],"version-history":[{"count":0,"href":"https:\/\/vccf.org\/da\/wp-json\/wp\/v2\/posts\/22108\/revisions"}],"wp:featuredmedia":[{"embeddable":true,"href":"https:\/\/vccf.org\/da\/wp-json\/wp\/v2\/media\/21949"}],"wp:attachment":[{"href":"https:\/\/vccf.org\/da\/wp-json\/wp\/v2\/media?parent=22108"}],"wp:term":[{"taxonomy":"category","embeddable":true,"href":"https:\/\/vccf.org\/da\/wp-json\/wp\/v2\/categories?post=22108"},{"taxonomy":"post_tag","embeddable":true,"href":"https:\/\/vccf.org\/da\/wp-json\/wp\/v2\/tags?post=22108"}],"curies":[{"name":"wp","href":"https:\/\/api.w.org\/{rel}","templated":true}]}}