{"id":22114,"date":"2024-11-19T11:17:44","date_gmt":"2024-11-19T19:17:44","guid":{"rendered":"https:\/\/vccf.org\/?p=22114"},"modified":"2025-01-29T07:47:02","modified_gmt":"2025-01-29T07:47:02","slug":"mountain-fire-update-fire-reaches-98-containment-100-expected-by-tuesday","status":"publish","type":"post","link":"https:\/\/vccf.org\/da\/mountain-fire-update-fire-reaches-98-containment-100-expected-by-tuesday\/","title":{"rendered":"Opdatering om bjergbranden: Branden n\u00e5r 98% indd\u00e6mning, 100% forventes inden tirsdag"},"content":{"rendered":"<p><\/p>\n<div class=\"subscriber-preview\">\n<p dir=\"ltr\"><em><a href=\"https:\/\/www.ojaivalleynews.com\/news\/county\/mountain-fire-update-fire-reaches-98-containment-100-expected-by-tuesday\/article_7c4547fe-a601-11ef-97ce-5b41f3d75a67.html\" target=\"_blank\" rel=\"noopener\">Denne artikel blev oprindeligt udgivet af Ojai Valley News.<\/a><\/em><\/p>\n<p dir=\"ltr\">Mountain Fire, som har br\u00e6ndt 19.904 acres i Ventura County siden 6. november, er n\u00e6sten slukket med 98% indd\u00e6mning rapporteret kl. 14.00 den 18. november.<\/p>\n<\/div>\n<div class=\"subscriber-preview\">\n<p dir=\"ltr\">If\u00f8lge Ventura County Fire Department forventes 100% at blive indd\u00e6mmet p\u00e5 et tidspunkt tirsdag den 20. november.<\/p>\n<\/div>\n<div class=\"subscriber-only\">\n<p dir=\"ltr\">Omkring 132 bygninger er blevet \u00f8delagt, og 88 blev beskadiget, hvoraf de fleste var huse, if\u00f8lge Ventura County Sheriff Jim Fryhoff.<\/p>\n<\/div>\n<div class=\"subscriber-only\">\n<p dir=\"ltr\">Skadesinspektionshold forts\u00e6tter med at unders\u00f8ge omr\u00e5det, og opdaterede tal for det samlede antal \u00f8delagte strukturer forventes i den n\u00e6rmeste fremtid.<\/p>\n<\/div>\n<div class=\"subscriber-only\">\n<h3 dir=\"ltr\">Lokalt hj\u00e6lpecenter:<\/h3>\n<\/div>\n<div class=\"subscriber-only\">\n<p dir=\"ltr\">Et lokalt hj\u00e6lpecenter (LAC) blev \u00e5bnet den 14. november for at hj\u00e6lpe beboere, der har mistet hjem, ejendom eller oplevet tab som f\u00f8lge af Mountain Fire.<\/p>\n<\/div>\n<div class=\"subscriber-only\">\n<p dir=\"ltr\">Centret er \u00e5bent mandag til l\u00f8rdag fra kl. 9 til 19 og ligger p\u00e5 5100 Adolfo Road i Camarillo.<\/p>\n<\/div>\n<div class=\"subscriber-only\">\n<p dir=\"ltr\">Du kan f\u00e5 flere oplysninger om centret p\u00e5\u00a0<a href=\"https:\/\/www.ojaivalleynews.com\/news\/county\/mountain-fire-assistance-center-opening-nov-14-to-aid-in-recovery\/article_037c5722-a142-11ef-948f-bf5459a5a780.html\" target=\"_blank\" rel=\"noopener\">https:\/\/www.ojaivalleynews.com\/news\/county\/mountain-fire-assistance-center-opening-nov-14-to-aid-in-recovery\/article_037c5722-a142-11ef-948f-bf5459a5a780.html<\/a><\/p>\n<\/div>\n<div class=\"subscriber-only\">\n<h3 dir=\"ltr\">Genopbygningsproces:<\/h3>\n<\/div>\n<div class=\"subscriber-only\">\n<p dir=\"ltr\">Alle evakueringsordrer er blevet oph\u00e6vet, og beboerne kan begynde genopretnings- og oprydningsprocessen.<\/p>\n<\/div>\n<div class=\"subscriber-only\">\n<p dir=\"ltr\">Af sundheds- og sikkerhedsm\u00e6ssige \u00e5rsager opfordres beboerne til IKKE at vende tilbage til deres ejendom, medmindre den offentlige sikkerhed har vurderet, at det er sikkert at g\u00f8re det. Du kan f\u00e5 flere oplysninger om, hvilke omr\u00e5der der kan betr\u00e6des sikkert, p\u00e5:\u00a0<a href=\"https:\/\/www.venturacountyrecovers.org\/returning-home\/\" target=\"_blank\" rel=\"noopener\">https:\/\/www.venturacountyrecovers.org\/returning-home\/<\/a><\/p>\n<\/div>\n<div class=\"subscriber-only\">\n<p dir=\"ltr\">Tirsdag den 19. november kl. 19 afholdes et forum arrangeret af United Policyholders for at hj\u00e6lpe beboere med at komme i kontakt med uddannede frivillige, der kan hj\u00e6lpe med at navigere i genopretningsprocessen. Bes\u00f8g for at tilmelde dig:\u00a0<a href=\"https:\/\/uphelp.org\/events\/survivor-to-survivor-forum-for-wildfire-survivors-4\/\" target=\"_blank\" rel=\"noopener\">https:\/\/uphelp.org\/events\/survivor-to-survivor-forum-for-wildfire-survivors-4\/<\/a><\/p>\n<\/div>\n<div class=\"subscriber-only\">\n<p dir=\"ltr\">Flere oplysninger om grundl\u00e6ggende behov og hj\u00e6lp, retningslinjer for swimmingpools, fjernelse af mindre brandrester og oprydning, fjernelse af farligt affald og andre forskellige oplysninger om genopretning kan findes p\u00e5:\u00a0<a href=\"https:\/\/www.venturacountyrecovers.org\/returning-home\/\" target=\"_blank\" rel=\"noopener\">https:\/\/www.venturacountyrecovers.org\/returning-home\/<\/a><\/p>\n<\/div>\n<div class=\"subscriber-only\">\n<p dir=\"ltr\">Farm Bureau of Ventura County har ogs\u00e5 samarbejdet med CoLAB og Department of Agriculture Weights &amp; Measure om at v\u00e6re v\u00e6rt for en serie p\u00e5 tre webinarer for landbrugsproducenter. Seminaret vil fokusere p\u00e5 genopretning af skader p\u00e5 afgr\u00f8der\/tr\u00e6er, forsikring og ressourcer, der er tilg\u00e6ngelige for beboerne. Det f\u00f8rste m\u00f8de afholdes den 6. december kl. 10.00 p\u00e5 555 Airport Way i Camarillo. Man kan ogs\u00e5 deltage i arrangementet via Zoom, og der er flere oplysninger om, hvordan man tilmelder sig, p\u00e5:\u00a0<a href=\"https:\/\/www.venturacountyrecovers.org\/event\/mountain-fire-ag-recovery-series\/\" target=\"_blank\" rel=\"noopener\">https:\/\/www.venturacountyrecovers.org\/event\/mountain-fire-ag-recovery-series\/<\/a><\/p>\n<\/div>\n<div class=\"subscriber-only\">\n<h3>Genopretningsindsats:<\/h3>\n<\/div>\n<div class=\"subscriber-only\">\n<p dir=\"ltr\">Donationer, st\u00f8tte fra lokalsamfundet og muligheder for frivilligt arbejde er i gang i hele Ventura County for at hj\u00e6lpe ofrene for Mountain Fire.<\/p>\n<\/div>\n<div class=\"subscriber-only\">\n<p dir=\"ltr\">Indtil videre har LA Galaxy doneret $10.000 til Amerikansk R\u00f8de Kors til st\u00f8tte for Ventura Countys f\u00f8rstehj\u00e6lpere og brandbek\u00e6mpelse.<\/p>\n<\/div>\n<div class=\"subscriber-only\">\n<p dir=\"ltr\">Padre Serra Parish, en katolsk kirke, der ligger p\u00e5 5205 Upland Road i Camarillo, blev et overnatningssted for amtets familier, der blev evakueret af branden, og s\u00f8rgede for m\u00e5ltider, l\u00e6gehj\u00e6lp og et sted at sove under hele katastrofen.<\/p>\n<\/div>\n<div class=\"subscriber-only\">\n<p dir=\"ltr\">Amtet har oprettet en n\u00f8dfond, Ventura County Wildfire Relief and Recovery Fund, som tager imod donationer til medlemmer af lokalsamfundet og lokale nonprofitorganisationer, der er ber\u00f8rt af bjergbranden.<\/p>\n<div class=\"subscriber-only\">\n<p dir=\"ltr\">100% af bidragene vil g\u00e5 direkte til n\u00f8dhj\u00e6lpsindsatsen og fokusere ressourcerne p\u00e5 dem, der har mest brug for det.<\/p>\n<\/div>\n<div class=\"subscriber-only\">\n<p dir=\"ltr\">Mere end 130 personer har indtil videre bidraget til fonden, og VCCF's bestyrelse har godkendt den \u00f8jeblikkelige uddeling af $20.000 i direkte \u00f8konomisk st\u00f8tte til otte familier, der mistede deres bolig i skovbranden, s\u00e5 de kan f\u00e5 en midlertidig bolig og andre forn\u00f8denheder.<\/p>\n<\/div>\n<div class=\"subscriber-only\">\n<p dir=\"ltr\">Derudover blev der bevilget $10.000 i \u00f8konomisk st\u00f8tte til at d\u00e6kke omkostningerne ved akutte evakueringer af dyr og l\u00f8bende pleje, hvilket sikrer, at k\u00e6ledyr og husdyr, der er blevet fordrevet af branden, er i sikkerhed.<\/p>\n<\/div>\n<div class=\"subscriber-only\">\n<p dir=\"ltr\">Flere oplysninger om n\u00f8dhj\u00e6lpsfonden, og hvordan man donerer, kan ses online p\u00e5:\u00a0<a href=\"https:\/\/www.venturacountyrecovers.org\/recovery-information\/accepting-donations-for-mountain-fire-emergency-fund\/\" target=\"_blank\" rel=\"noopener\">https:\/\/www.venturacountyrecovers.org\/recovery-information\/accepting-donations-for-mountain-fire-emergency-fund\/<\/a><\/p>\n<\/div>\n<div class=\"subscriber-only\">\n<p dir=\"ltr\">Ventura Bee Rescue, der ejes af biavler og Ventura-beboer Eduardo Flores, har ogs\u00e5 startet en GoFundMe for at genopbygge sine 150 bistader, der gik tabt i branden.<\/p>\n<\/div>\n<div class=\"subscriber-only\">\n<p dir=\"ltr\">Tabet af millioner af bier vil if\u00f8lge GoFundMe skade Flores' arbejde med lokalsamfundene, hvor han hjalp med at flytte levende bier, best\u00f8ve dem og levere lokal r\u00e5 honning til lokalsamfundet. Flere oplysninger, fotos af Flores' arbejde og m\u00e5der at donere p\u00e5 er tilg\u00e6ngelige p\u00e5:\u00a0<a href=\"https:\/\/www.gofundme.com\/f\/help-ventura-bee-rescue-rebuild-bee-yard-after-mountain-fire\" target=\"_blank\" rel=\"noopener\">https:\/\/www.gofundme.com\/f\/help-ventura-bee-rescue-rebuild-bee-yard-after-mountain-fire<\/a><\/p>\n<\/div>\n<div class=\"subscriber-only\">\n<p dir=\"ltr\">Juan Torres, der bor i Somis, delte ogs\u00e5 en historie om sit \u00f8del\u00e6ggende tab p\u00e5 grund af Mountain Fire, som kan ses p\u00e5 OVN's YouTube-kanal p\u00e5:\u00a0<a href=\"https:\/\/www.youtube.com\/watch?v=ZhPA-TJrwuk\" target=\"_blank\" rel=\"noopener\">https:\/\/www.youtube.com\/watch?v=ZhPA-TJrwuk<\/a><\/p>\n<\/div>\n<div class=\"subscriber-only\">\n<h3>Hold \u00f8je med potentielle svindelnumre:<\/h3>\n<\/div>\n<div class=\"subscriber-only\">\n<p dir=\"ltr\">Statsadvokatens kontor advarer indbyggerne i Ventura County om, at de skal v\u00e6re opm\u00e6rksomme p\u00e5 mulige overpriser p\u00e5 livsvigtige f\u00f8devarer, medicin, husholdningsartikler og boliger efter Mountain Fire.<\/p>\n<\/div>\n<div class=\"subscriber-only\">\n<p dir=\"ltr\">Under en undtagelsestilstand, som blev erkl\u00e6ret af Gov. Gavin Newsom den 7. november for Ventura-omr\u00e5det, er det ulovligt for s\u00e6lgere at h\u00e6ve priserne mere end 10% for varer som br\u00e6ndstof, mad og hotelv\u00e6relser, undtagen under meget begr\u00e6nsede omst\u00e6ndigheder.<\/p>\n<\/div>\n<div class=\"subscriber-only\">\n<p dir=\"ltr\">Der er ogs\u00e5 beskyttelse af beboerne mod uds\u00e6ttelse og urimelige huslejestigninger under en undtagelsestilstand. Enhver overtr\u00e6delse af loven er en forseelse, der kan straffes med op til et \u00e5rs f\u00e6ngsel og en b\u00f8de p\u00e5 $10.000.<\/p>\n<\/div>\n<div class=\"subscriber-only\">\n<p dir=\"ltr\">\"Det er ulovligt at udnytte dem, der blev ramt af den \u00f8del\u00e6ggende Mountain Fire, for at opn\u00e5 \u00f8konomisk gevinst, og det vil ikke blive tolereret,\" siger statsadvokat Erik Nasarenko i en pressemeddelelse. \"Jeg opfordrer alle, der har mistanke om prisfusk, til at rapportere det til vores kontor med det samme, s\u00e5 vi kan foretage en gennemgang og unders\u00f8gelse.\"<\/p>\n<\/div>\n<div class=\"subscriber-only\">\n<p dir=\"ltr\">Disse rapporter kan sendes til:\u00a0<a href=\"mailto:DAOpricegouging@ventura.org\">DAOpricegouging@ventura.org<\/a><\/p>\n<\/div>\n<div class=\"subscriber-only\">\n<p dir=\"ltr\">Yderligere oplysninger og detaljer om, hvordan man anmelder prisfusk, kan findes p\u00e5:\u00a0<a href=\"https:\/\/www.vcdistrictattorney.com\/wp-content\/uploads\/2024\/11\/District-Attorneys-Office-Issues-Warning-Against-Price-Gouging-Amid-Mountain-Fire-State-of-Emergency.pdf\" target=\"_blank\" rel=\"noopener\">https:\/\/www.vcdistrictattorney.com\/wp-content\/uploads\/2024\/11\/District-Attorneys-Office-Issues-Warning-Against-Price-Gouging-Amid-Mountain-Fire-State-of-Emergency.pdf<\/a><\/p>\n<\/div>\n<div class=\"subscriber-only\">\n<p dir=\"ltr\">Ventura County Animal Services Agency fortalte ogs\u00e5 om et nyligt svindelnummer, der var rettet mod ejere af bortkomne k\u00e6ledyr.<\/p>\n<\/div>\n<div class=\"subscriber-only\">\n<p dir=\"ltr\">\"Vi er for nylig blevet opm\u00e6rksomme p\u00e5 et svindelnummer, der er rettet mod for\u00e6ldre til bortkomne k\u00e6ledyr, som l\u00e6gger l\u00f8besedler ud p\u00e5 sociale medier (herunder Nextdoor), som indeholder deres kontaktoplysninger. Svindlere udgiver sig for at v\u00e6re VCAS, h\u00e6vder at have folks bortkomne k\u00e6ledyr - ofte siger de, at k\u00e6ledyret er skadet - og beder derefter om betaling over telefonen,\" hedder det i en pressemeddelelse fra agenturet. \"V\u00e6r opm\u00e6rksom p\u00e5, at VCAS aldrig vil anmode om betaling over telefonen eller ringe fra et privat blokeret nummer.\"<\/p>\n<\/div>\n<div class=\"subscriber-only\">\n<p dir=\"ltr\">Du kan finde yderligere oplysninger om, hvordan du indberetter tilf\u00e6lde af svindel, her:\u00a0<a href=\"https:\/\/x.com\/VCAnimalService\/status\/1858566448706154944\/photo\/1\">https:\/\/x.com\/VCAnimalService\/status\/1858566448706154944\/photo\/1<\/a><\/p>\n<\/div>\n<div class=\"subscriber-only\">\n<h3 dir=\"ltr\">Vejret:<\/h3>\n<\/div>\n<div class=\"subscriber-only\">\n<p dir=\"ltr\">Mens branden n\u00e6rmer sig 100%-indd\u00e6mning, forbliver Santa Anas en trussel i de kommende uger for Ventura County, hvilket giver flere brandvejrforhold og bekymringer.<\/p>\n<\/div>\n<div class=\"subscriber-only\">\n<p>Mere information om de kommende vinde kan ses p\u00e5:\u00a0<a href=\"https:\/\/www.ojaivalleynews.com\/news\/county\/santa-anas-on-tap-for-next-week\/article_42cc76dc-a313-11ef-b685-df256fb89642.html\" target=\"_blank\" rel=\"noopener\">https:\/\/www.ojaivalleynews.com\/news\/county\/santa-anas-on-tap-for-next-week\/article_42cc76dc-a313-11ef-b685-df256fb89642.html<\/a><\/p>\n<\/div>\n<\/div>\n<p><\/p>","protected":false},"excerpt":{"rendered":"<p>This article was originally published by Ojai Valley News. The Mountain Fire, which burned 19,904 acres throughout Ventura County since Nov. 6, is almost out, with 98% containment reported as&hellip;<\/p>","protected":false},"author":3,"featured_media":22118,"comment_status":"closed","ping_status":"closed","sticky":false,"template":"","format":"standard","meta":{"_acf_changed":false,"give_campaign_id":0,"footnotes":""},"categories":[22],"tags":[],"class_list":["post-22114","post","type-post","status-publish","format-standard","has-post-thumbnail","hentry","category-latest-coverage"],"acf":[],"_links":{"self":[{"href":"https:\/\/vccf.org\/da\/wp-json\/wp\/v2\/posts\/22114","targetHints":{"allow":["GET"]}}],"collection":[{"href":"https:\/\/vccf.org\/da\/wp-json\/wp\/v2\/posts"}],"about":[{"href":"https:\/\/vccf.org\/da\/wp-json\/wp\/v2\/types\/post"}],"author":[{"embeddable":true,"href":"https:\/\/vccf.org\/da\/wp-json\/wp\/v2\/users\/3"}],"replies":[{"embeddable":true,"href":"https:\/\/vccf.org\/da\/wp-json\/wp\/v2\/comments?post=22114"}],"version-history":[{"count":0,"href":"https:\/\/vccf.org\/da\/wp-json\/wp\/v2\/posts\/22114\/revisions"}],"wp:featuredmedia":[{"embeddable":true,"href":"https:\/\/vccf.org\/da\/wp-json\/wp\/v2\/media\/22118"}],"wp:attachment":[{"href":"https:\/\/vccf.org\/da\/wp-json\/wp\/v2\/media?parent=22114"}],"wp:term":[{"taxonomy":"category","embeddable":true,"href":"https:\/\/vccf.org\/da\/wp-json\/wp\/v2\/categories?post=22114"},{"taxonomy":"post_tag","embeddable":true,"href":"https:\/\/vccf.org\/da\/wp-json\/wp\/v2\/tags?post=22114"}],"curies":[{"name":"wp","href":"https:\/\/api.w.org\/{rel}","templated":true}]}}