{"id":22263,"date":"2024-12-02T12:13:30","date_gmt":"2024-12-02T12:13:30","guid":{"rendered":"https:\/\/vccf.org\/?p=22263"},"modified":"2025-01-29T07:47:01","modified_gmt":"2025-01-29T07:47:01","slug":"relief-fund-for-ventura-county-wildfire-victims-has-distributed-more-than-287000","status":"publish","type":"post","link":"https:\/\/vccf.org\/da\/relief-fund-for-ventura-county-wildfire-victims-has-distributed-more-than-287000\/","title":{"rendered":"Hj\u00e6lpefond for ofre for skovbrand i Ventura County har uddelt mere end $287.000"},"content":{"rendered":"<p><a href=\"https:\/\/www.kclu.org\/2024-11-27\/relief-fund-for-ventura-county-wildfire-victims-has-distributed-more-than-287-000\" target=\"_blank\" rel=\"noopener\"><em>Denne artikel blev oprindeligt udgivet af KCLU.<\/em><\/a><\/p>\n\n\n\n<h2 class=\"wp-block-heading\">Men embedsm\u00e6nd siger, at behovet vil forts\u00e6tte i nogen tid, og der s\u00f8ges flere donationer.<\/h2>\n\n\n\n<p>Det bliver en h\u00e5rd Thanksgiving-weekend for hundredvis af mennesker, der er ber\u00f8rt af Mountain Fire i Ventura County. Den n\u00e6sten 20.000 hektar store brand \u00f8delagde eller beskadigede 370 strukturer, herunder en r\u00e6kke hjem.<\/p>\n\n\n\n<p>Ventura County Community Foundation og Ventura County oprettede en hj\u00e6lpefond, som har modtaget hundredtusindvis af dollars i donationer.<\/p>\n\n\n\n<p>Myndighederne siger, at der i denne uge er blevet uddelt mere end $287.000 til mennesker, der er blevet p\u00e5virket af branden, samt til organisationer, der har hjulpet med ting som akut k\u00e6ledyrspleje.<\/p>\n\n\n\n<p>De siger, at pengene er blevet brugt til ting som at skaffe n\u00f8dboliger, mad og basale forn\u00f8denheder til dem, der blev h\u00e5rdt ramt af branden den 6. november.<\/p>\n\n\n\n<p><a href=\"https:\/\/vccf.org\/da\/\" target=\"_blank\" rel=\"noreferrer noopener\">Her er et link<\/a>&nbsp;for at give bidrag til fonden. 100% af donationerne g\u00e5r til de ber\u00f8rte.<\/p>","protected":false},"excerpt":{"rendered":"<p>Denne artikel blev oprindeligt udgivet af KCLU. Men embedsm\u00e6nd siger, at behovet vil forts\u00e6tte i nogen tid, og der s\u00f8ges flere donationer. Det bliver en h\u00e5rd Thanksgiving...<\/p>","protected":false},"author":12,"featured_media":0,"comment_status":"closed","ping_status":"closed","sticky":false,"template":"","format":"standard","meta":{"_acf_changed":false,"give_campaign_id":0,"footnotes":""},"categories":[22],"tags":[],"class_list":["post-22263","post","type-post","status-publish","format-standard","hentry","category-latest-coverage"],"acf":[],"_links":{"self":[{"href":"https:\/\/vccf.org\/da\/wp-json\/wp\/v2\/posts\/22263","targetHints":{"allow":["GET"]}}],"collection":[{"href":"https:\/\/vccf.org\/da\/wp-json\/wp\/v2\/posts"}],"about":[{"href":"https:\/\/vccf.org\/da\/wp-json\/wp\/v2\/types\/post"}],"author":[{"embeddable":true,"href":"https:\/\/vccf.org\/da\/wp-json\/wp\/v2\/users\/12"}],"replies":[{"embeddable":true,"href":"https:\/\/vccf.org\/da\/wp-json\/wp\/v2\/comments?post=22263"}],"version-history":[{"count":0,"href":"https:\/\/vccf.org\/da\/wp-json\/wp\/v2\/posts\/22263\/revisions"}],"wp:attachment":[{"href":"https:\/\/vccf.org\/da\/wp-json\/wp\/v2\/media?parent=22263"}],"wp:term":[{"taxonomy":"category","embeddable":true,"href":"https:\/\/vccf.org\/da\/wp-json\/wp\/v2\/categories?post=22263"},{"taxonomy":"post_tag","embeddable":true,"href":"https:\/\/vccf.org\/da\/wp-json\/wp\/v2\/tags?post=22263"}],"curies":[{"name":"wp","href":"https:\/\/api.w.org\/{rel}","templated":true}]}}