{"id":22514,"date":"2024-07-03T14:17:00","date_gmt":"2024-07-03T21:17:00","guid":{"rendered":"https:\/\/vccf.org\/?p=22514"},"modified":"2025-02-11T14:18:49","modified_gmt":"2025-02-11T22:18:49","slug":"announcing-this-years-latino-business-awards-recipients","status":"publish","type":"post","link":"https:\/\/vccf.org\/da\/announcing-this-years-latino-business-awards-recipients\/","title":{"rendered":"Vi annoncerer dette \u00e5rs modtagere af Latino Business Awards"},"content":{"rendered":"<p>Pacific Coast Business Times er stolt over at kunne offentligg\u00f8re vinderne af vores 13. \u00e5rlige Latino Business Awards.<\/p>\n\n\n\n<p>Det latinamerikanske samfund har l\u00e6nge v\u00e6ret en vigtig \u00f8konomisk drivkraft p\u00e5 Central Coast, og siden 2011 har vi haft en rapport, der hylder det og anerkender de mennesker, der viser vejen. Vi tager ogs\u00e5 et lille \u00f8jeblik til at vise vejen for fremtiden, da dette afsnit ogs\u00e5 indeholder vores legatvinder, Claudia Silva, en kommende senior, som kigger p\u00e5 flere st\u00e6rke skoler - og allerede er blevet accepteret p\u00e5 CSU Channel Islands. Vi administrerer legatet med hj\u00e6lp fra Ventura County Community Foundation.<\/p>\n\n\n\n<p>Vi anerkender ogs\u00e5 en virkelig talentfuld gruppe af personer i \u00e5r. Irma Lopez, grundl\u00e6ggeren af Rebozo Festival, har hjulpet med at samle penge ind til velg\u00f8rende form\u00e5l i 20 \u00e5r, mens Monica Murrieta, den administrerende direkt\u00f8r for Cancer Support Community Valley\/Ventura\/Santa Barbara, har vist vejen for at st\u00f8tte patienter og deres familier, mens de k\u00e6mper med en forf\u00e6rdelig, kompliceret sygdom.<\/p>\n\n\n\n<p>Vores ledere st\u00f8tter ogs\u00e5 lokalsamfundets sundhed p\u00e5 andre m\u00e5der. Dr. Augusto Castaneda, en b\u00f8rnel\u00e6ge tilknyttet Cottage Health, har holdt \u00f8je med Central Coast's b\u00f8rn i 40 \u00e5r, mens Arturo Dominguez's La Paz Pharmacy er blevet et sted, hvor folk kan f\u00e5 vigtige sundhedsoplysninger - p\u00e5 engelsk og p\u00e5 spansk.<\/p>\n\n\n\n<p>Et samfund har brug for god mad for at forblive sundt, og det er her, Brock Nunez, driftschef for Mission Produce, kommer ind i billedet. God mad fortjener noget, der passer til den, og Fiducio Flores' Esfuerzo Wines indtager den plads ved at kombinere generationers viden og indsats med modet til at g\u00e5 ind i iv\u00e6rks\u00e6tteri.<\/p>\n\n\n\n<p>Flere af dette \u00e5rs ledere er ogs\u00e5 involveret i at undervise den n\u00e6ste generation. Oscar Cobian, den afg\u00e5ende midlertidige pr\u00e6sident for Oxnard College, har styrket og skabt nye b\u00e5nd i og omkring college, og Luiz Vilera, vicepr\u00e6sident og senior relationship manager for Global Commercial Banking Group hos Bank of America, har arbejdet i erhvervslivet i \u00e5revis og brugt sin tid som frivillig gennem SCORE for at hj\u00e6lpe virksomhedsejere i regionen.<\/p>\n\n\n\n<p>Vi giver ogs\u00e5 en s\u00e6rlig hyldest til Rudy Gonzales, den afg\u00e5ende chef for regeringsrelationer hos Southern California Edison - som har brugt mere end 40 \u00e5r p\u00e5 at holde lyset t\u00e6ndt for alle.<\/p>\n\n\n\n<p>Endelig g\u00e5r dette \u00e5rs Latino Leadership Award til Ernesto Paredes, direkt\u00f8r for Easy Lift Transportation og formand for Santa Barbara International Film Festival.<\/p>\n\n\n\n<p>Vi h\u00e6drer alle disse utrolige mennesker ved et arrangement den 18. juli p\u00e5 Limoneira Ranch i Santa Paula. Billetter til arrangementet kan k\u00f8bes p\u00e5 pacbiztimes.com\/events.<\/p>\n\n\n\n<p>Denne specialrapport er produceret af reklamegrafiker Courtney Abercrombie og mig med hj\u00e6lp fra grundl\u00e6gger Henry Dubroff, medredakt\u00f8r Jorge Mercado, medarbejder Mike Harris og Clarissa Rios og Skylar Bates, som begge er specialskribenter for Times.<\/p>\n\n\n\n<p>Denne rapport ville ikke have v\u00e6ret mulig uden vores fantastiske sponsorer, herunder guldsponsorerne Bank of America og CBIZ; s\u00f8lvsponsorerne CSUCI's Martin V. Smith School, Montecito Bank &amp; Trust og Oxnard College Foundation og reklamepartneren The Port of Hueneme.<\/p>\n\n\n\n<p>Hvis du har sp\u00f8rgsm\u00e5l, kommentarer eller feedback, er du velkommen til at kontakte Managing Editor of Special Reports p\u00e5&nbsp;<a href=\"mailto:ahair@pacbiztimes.com\">ahair@pacbiztimes.com<\/a>. Hvis du har sp\u00f8rgsm\u00e5l om sponsorering, bedes du kontakte udgiver Linda le Brock p\u00e5&nbsp;<a href=\"mailto:llebrock@pacbiztimes.com\">llebrock@pacbiztimes.com<\/a>.<\/p>\n\n\n\n<p>Klik for at se specialrapporten om Latino Business Awards 2024&nbsp;<a href=\"https:\/\/www.pacbiztimes.com\/latino-business-awards-3\/\" target=\"_blank\" rel=\"noopener\">her.<\/a>&nbsp;For at k\u00f8be billetter til dette \u00e5rs arrangement, der finder sted den 18. juli fra kl. 16.30 til 18.30 p\u00e5 Limoneira Ranch, skal du klikke p\u00e5&nbsp;<a href=\"https:\/\/www.eventbrite.com\/e\/latino-business-awards-2024-tickets-927491741767\" target=\"_blank\" rel=\"noopener\">her<\/a>.<\/p>\n\n\n\n<p><a href=\"https:\/\/www.pacbiztimes.com\/2024\/07\/02\/announcing-this-years-latino-business-awards-recipients\/\" target=\"_blank\" rel=\"noopener\"><em>Denne artikel blev oprindeligt udgivet af Pacific Coast Business Times.<\/em><\/a><\/p>","protected":false},"excerpt":{"rendered":"<p>Pacific Coast Business Times er stolt over at kunne offentligg\u00f8re vinderne af vores 13. \u00e5rlige Latino Business Awards. Det latinamerikanske samfund har l\u00e6nge v\u00e6ret en vigtig \u00f8konomisk drivkraft i...<\/p>","protected":false},"author":8,"featured_media":0,"comment_status":"closed","ping_status":"closed","sticky":false,"template":"","format":"standard","meta":{"_acf_changed":false,"give_campaign_id":0,"footnotes":""},"categories":[22],"tags":[],"class_list":["post-22514","post","type-post","status-publish","format-standard","hentry","category-latest-coverage"],"acf":[],"_links":{"self":[{"href":"https:\/\/vccf.org\/da\/wp-json\/wp\/v2\/posts\/22514","targetHints":{"allow":["GET"]}}],"collection":[{"href":"https:\/\/vccf.org\/da\/wp-json\/wp\/v2\/posts"}],"about":[{"href":"https:\/\/vccf.org\/da\/wp-json\/wp\/v2\/types\/post"}],"author":[{"embeddable":true,"href":"https:\/\/vccf.org\/da\/wp-json\/wp\/v2\/users\/8"}],"replies":[{"embeddable":true,"href":"https:\/\/vccf.org\/da\/wp-json\/wp\/v2\/comments?post=22514"}],"version-history":[{"count":0,"href":"https:\/\/vccf.org\/da\/wp-json\/wp\/v2\/posts\/22514\/revisions"}],"wp:attachment":[{"href":"https:\/\/vccf.org\/da\/wp-json\/wp\/v2\/media?parent=22514"}],"wp:term":[{"taxonomy":"category","embeddable":true,"href":"https:\/\/vccf.org\/da\/wp-json\/wp\/v2\/categories?post=22514"},{"taxonomy":"post_tag","embeddable":true,"href":"https:\/\/vccf.org\/da\/wp-json\/wp\/v2\/tags?post=22514"}],"curies":[{"name":"wp","href":"https:\/\/api.w.org\/{rel}","templated":true}]}}