{"id":22525,"date":"2024-12-23T15:40:00","date_gmt":"2024-12-23T23:40:00","guid":{"rendered":"https:\/\/vccf.org\/?p=22525"},"modified":"2025-02-11T15:42:42","modified_gmt":"2025-02-11T23:42:42","slug":"att-provides-50000-to-ventura-county-community-foundation-to-aid-communities-impacted-by-mountain-fire","status":"publish","type":"post","link":"https:\/\/vccf.org\/da\/att-provides-50000-to-ventura-county-community-foundation-to-aid-communities-impacted-by-mountain-fire\/","title":{"rendered":"AT&amp;T giver $50.000 til Ventura County Community Foundation for at hj\u00e6lpe lokalsamfund, der er p\u00e5virket af Mountain Fire"},"content":{"rendered":"<p><strong><em>CAMARILLO, Californien, 17. december 2024<\/em><\/strong><\/p>\n\n\n\n<p>St\u00f8tte til n\u00f8dhj\u00e6lp for at hj\u00e6lpe evakuerede fra branden med n\u00f8dvendige tjenester<\/p>\n\n\n\n<p><strong>De vigtigste pointer<\/strong>:<\/p>\n\n\n\n<ul class=\"wp-block-list\">\n<li>AT&amp;T har bidraget med $50.000 til Ventura County Community Foundation for at hj\u00e6lpe dem, der er ber\u00f8rt af Mountain Fire.<\/li>\n\n\n\n<li>Bidraget vil st\u00f8tte den langsigtede genopbygningsindsats ved at hj\u00e6lpe dem, der er ber\u00f8rt af skovbranden.<\/li>\n<\/ul>\n\n\n\n<p>AT&amp;T har givet et bidrag p\u00e5 $50.000 til projektet.&nbsp;<a href=\"https:\/\/vccf.org\/da\/\" target=\"_blank\" rel=\"noreferrer noopener\">Ventura County Community Foundation<\/a>&nbsp;for at hj\u00e6lpe dem, der er ramt af Mountain Fire.<\/p>\n\n\n\n<p>Bidraget vil blive brugt til at st\u00f8tte den langsigtede genopbygningsindsats ved at hj\u00e6lpe dem, der er ber\u00f8rt af Mountain Fire, med at indbetale p\u00e5 nye hjem og skaffe de n\u00f8dvendige ressourcer til at genopbygge deres liv.<\/p>\n\n\n\n<p>\"Samfundsorganisationer sammen med vores modige f\u00f8rstehj\u00e6lpere gjorde en betydelig forskel ved at hj\u00e6lpe vores venner, naboer og familier i deres n\u00f8dsituation\".&nbsp;<strong>sagde Marc Blakeman, pr\u00e6sident for AT&amp;T Californien og Stillehavsstaterne.<\/strong>. \"AT&amp;T er forpligtet til at hj\u00e6lpe de samfund, vi betjener, og vi er stolte af at st\u00f8tte indsatsen mod skovbrande.\"<\/p>\n\n\n\n<p>\"Vi er dybt taknemmelige over for AT&amp;T for deres gener\u00f8se donation til Ventura County Wildfire Relief &amp; Recovery Fund. Deres st\u00f8tte kommer p\u00e5 et kritisk tidspunkt og giver vigtig hj\u00e6lp til familier og medlemmer af lokalsamfundet, der er mest ber\u00f8rt af Mountain Fire\".&nbsp;<strong>sagde Vanessa Bechtel, pr\u00e6sident og CEO, Ventura County Community Foundation.<\/strong>. AT&amp;T's engagement i vores samfunds genopbygning er dybt v\u00e6rdsat og vil g\u00f8re en meningsfuld forskel i livet for dem, der har mistet deres hjem og levebr\u00f8d.\"<\/p>\n\n\n\n<p>\"I november blev hundredvis af beboere p\u00e5virket af Mountain Fire, da den br\u00e6ndte n\u00e6sten 20.000 hektar,\"&nbsp;<strong>sagde senator Monique Lim\u00f3n, California State Senate District 21<\/strong>. \"Jeg er taknemmelig for AT&amp;T's gener\u00f8se st\u00f8tte i en tid, hvor vores samfund har brug for det. Denne finansiering vil give yderligere st\u00f8tte, mens beboerne forts\u00e6tter med at komme sig efter denne \u00f8del\u00e6ggende skovbrand.\"<\/p>\n\n\n\n<p>\"AT&amp;T's gener\u00f8se bidrag til Wildfire Recovery and Relief Fund vil g\u00f8re en konkret og \u00f8jeblikkelig forskel for ofrene for Mountain Fire, som st\u00e5r over for \u00f8del\u00e6ggende tab. Med mere end 200 \u00f8delagte hjem er det virkelig inspirerende at se vores samfund og virksomhedspartnere som AT&amp;T g\u00e5 sammen om at st\u00f8tte familier p\u00e5 deres rejse for at komme sig og genopbygge\".&nbsp;<strong>sagde Jeff Gorell, tilsynsf\u00f8rende, distrikt 2, Ventura County<\/strong>. \"Dette er essensen af modstandskraft - naboer, der st\u00f8tter naboer, og organisationer, der tr\u00e6der til, n\u00e5r der er mest brug for det. P\u00e5 vegne af Ventura County vil vi gerne takke AT&amp;T for at st\u00e5 sammen med os i denne udfordrende tid og for deres gener\u00f8se donation til Ventura County Community Foundation.\"<\/p>\n\n\n\n<p>AT&amp;T har en lang historie med at st\u00f8tte lokalsamfund f\u00f8r, under og efter katastrofer. Virksomheden har&nbsp;<a href=\"https:\/\/www.attconnects.com\/investing-in-connection-and-community-across-california\/\" target=\"_blank\" rel=\"noreferrer noopener\">investerede n\u00e6sten $14,4 milliarder kroner<\/a>&nbsp;i sin netv\u00e6rksinfrastruktur i Californien fra 2019-2023 og har investeret mere end $1 mia. i sit Network Disaster Recovery (NDR)-program siden 1992, hvilket g\u00f8r det til et af de st\u00f8rste programmer i branchen.<\/p>\n\n\n\n<p>AT&amp;T arbejder t\u00e6t sammen med Californiens f\u00f8rstehj\u00e6lpere for at forberede sig p\u00e5 katastrofer og hj\u00e6lpe netv\u00e6rket med at v\u00e6re modstandsdygtigt og funktionsdygtigt, n\u00e5r katastrofen rammer. Vi g\u00f8r den offentlige sikkerheds mission til en prioritet med&nbsp;<a href=\"http:\/\/www.firstnet.com\/\" target=\"_blank\" rel=\"noreferrer noopener\">FirstNet, bygget sammen med AT&amp;T<\/a>den eneste landsd\u00e6kkende h\u00f8jhastighedsbredb\u00e5ndskommunikationsplatform, der er dedikeret til og bygget specielt til USA's f\u00f8rstehj\u00e6lpere og det udvidede offentlige sikkerhedssamfund.<\/p>\n\n\n\n<p>Den&nbsp;<a href=\"https:\/\/about.att.com\/pages\/disaster-recovery\/firstnet\" target=\"_blank\" rel=\"noopener\">FirstNet Response Operations Group\u2122 (ROG)<\/a>&nbsp;er ogs\u00e5 en vigtig del af vores indsats mod skovbrande. Dette team ledes af et dedikeret team af tidligere f\u00f8rstehj\u00e6lpere og yder d\u00f8gnet rundt support til den offentlige sikkerhed p\u00e5 FirstNet\u00ae, hvilket sikrer, at f\u00f8rstehj\u00e6lpere har den kritiske forbindelse, de har brug for. Dette omfatter udrulning af netv\u00e6rksaktiver s\u00e5som satellitceller p\u00e5 lette lastbiler (SatCOLT'er) og kompakte, hurtigt udrulbare enheder (CRD'er), som giver dedikeret forbindelse, n\u00e5r og hvor der er mest brug for det.<\/p>\n\n\n\n<p>FirstNet er klar til at st\u00f8tte indsatsen og genopretningen, uanset hvilken katastrofe eller n\u00f8dsituation der er tale om. Hvis du vil vide mere om den v\u00e6rdi, FirstNet tilf\u00f8rer den offentlige sikkerhed, kan du bes\u00f8ge&nbsp;<a href=\"http:\/\/www.firstnet.com\/\" target=\"_blank\" rel=\"noreferrer noopener\">FirstNet.com<\/a>.<\/p>\n\n\n\n<p>Vores tanker g\u00e5r til de lokalsamfund, der blev ramt af skovbrande i Californien i \u00e5r, og vi vil fortsat arbejde t\u00e6t sammen med folkevalgte, lokale ledere, den offentlige sikkerhed og andre f\u00f8rstehj\u00e6lpere for at sikre, at vi kan levere st\u00f8tte, hvor der er mest brug for det.<\/p>\n\n\n\n<p><a href=\"https:\/\/about.att.com\/pages\/disaster-recovery\/2024\/ca-wildfires\" target=\"_blank\" rel=\"noopener\"><em>Denne pressemeddelelse blev oprindeligt udsendt af AT&amp;T.<\/em><\/a><\/p>","protected":false},"excerpt":{"rendered":"<p>CAMARILLO, Calif., Dec. 17, 2024 Supporting emergency relief to help fire evacuees with needed services Key Takeaways: AT&amp;T has presented a contribution of $50,000 to the&nbsp;Ventura County Community Foundation&nbsp;to help&hellip;<\/p>","protected":false},"author":8,"featured_media":0,"comment_status":"closed","ping_status":"closed","sticky":false,"template":"","format":"standard","meta":{"_acf_changed":false,"give_campaign_id":0,"footnotes":""},"categories":[22],"tags":[],"class_list":["post-22525","post","type-post","status-publish","format-standard","hentry","category-latest-coverage"],"acf":[],"_links":{"self":[{"href":"https:\/\/vccf.org\/da\/wp-json\/wp\/v2\/posts\/22525","targetHints":{"allow":["GET"]}}],"collection":[{"href":"https:\/\/vccf.org\/da\/wp-json\/wp\/v2\/posts"}],"about":[{"href":"https:\/\/vccf.org\/da\/wp-json\/wp\/v2\/types\/post"}],"author":[{"embeddable":true,"href":"https:\/\/vccf.org\/da\/wp-json\/wp\/v2\/users\/8"}],"replies":[{"embeddable":true,"href":"https:\/\/vccf.org\/da\/wp-json\/wp\/v2\/comments?post=22525"}],"version-history":[{"count":0,"href":"https:\/\/vccf.org\/da\/wp-json\/wp\/v2\/posts\/22525\/revisions"}],"wp:attachment":[{"href":"https:\/\/vccf.org\/da\/wp-json\/wp\/v2\/media?parent=22525"}],"wp:term":[{"taxonomy":"category","embeddable":true,"href":"https:\/\/vccf.org\/da\/wp-json\/wp\/v2\/categories?post=22525"},{"taxonomy":"post_tag","embeddable":true,"href":"https:\/\/vccf.org\/da\/wp-json\/wp\/v2\/tags?post=22525"}],"curies":[{"name":"wp","href":"https:\/\/api.w.org\/{rel}","templated":true}]}}