{"id":2993,"date":"2018-04-10T12:15:38","date_gmt":"2018-04-10T19:15:38","guid":{"rendered":"https:\/\/vccf.org\/?p=2993"},"modified":"2025-01-29T07:48:39","modified_gmt":"2025-01-29T07:48:39","slug":"vanessa-bechtel-speaking-at-camarillo-chamber-of-commerce-business-breakfast","status":"publish","type":"post","link":"https:\/\/vccf.org\/da\/vanessa-bechtel-speaking-at-camarillo-chamber-of-commerce-business-breakfast\/","title":{"rendered":"Vanessa Bechtel taler ved Camarillo Chamber of Commerce Business @ Breakfast"},"content":{"rendered":"<p><!--more--><\/p>\n<p><img loading=\"lazy\" decoding=\"async\" class=\"aligncenter size-full wp-image-2994\" src=\"https:\/\/vccf.org\/wp-content\/uploads\/2018\/04\/ccc-bb.jpg\" alt=\"\" width=\"673\" height=\"352\" srcset=\"https:\/\/vccf.org\/wp-content\/uploads\/2018\/04\/ccc-bb.jpg 673w, https:\/\/vccf.org\/wp-content\/uploads\/2018\/04\/ccc-bb-300x157.jpg 300w, https:\/\/vccf.org\/wp-content\/uploads\/2018\/04\/ccc-bb-18x9.jpg 18w\" sizes=\"auto, (max-width: 673px) 100vw, 673px\" \/>Tilmeld dig den kommende Camarillo Chamber Business@Breakfast!<\/p>\n<p>Kom til Las Posas Country Club i Camarillo til vores Business@Breakfast-arrangement. Vi f\u00e5r bes\u00f8g af Vanessa Bechtel, President &amp; CEO for Ventura County Community Foundation, som vil give os en opdatering om deres organisation.<\/p>\n<p>TEMA: Opdatering p\u00e5\u00a0<a href=\"https:\/\/www.facebook.com\/VenturaCountyCommunityFoundation\/?fref=mentions\" target=\"_blank\" rel=\"noopener\">Ventura County Community Foundation<\/a><br \/>\nTALER: Vanessa Bechtel, pr\u00e6sident og CEO for VCCF<\/p>\n<p>Tak til vores sponsor:\u00a0<a href=\"https:\/\/www.facebook.com\/makeithealthy\/?fref=mentions\" target=\"_blank\" rel=\"noopener\">G\u00f8r det sundt<\/a><br \/>\n&#8212;&#8212;&#8212;&#8212;&#8212;&#8212;&#8212;&#8212;&#8212;<br \/>\nDet er en god chance for at m\u00f8de andre medlemmer af handelskammeret, promovere din virksomhed og dele best practices! Alle deltagere f\u00e5r mulighed for at pr\u00e6sentere sig selv og endda vinde pr\u00e6mier for den bedste \"20-Seconds of Fame\"-tale, s\u00e5 finpuds din elevatortale og tilmeld dig i dag!<br \/>\n&#8212;&#8212;&#8212;&#8212;&#8212;&#8212;&#8212;&#8212;&#8212;<br \/>\nOM VCCF:<br \/>\nVentura County Community Foundation blev etableret i 1987 og har fokuseret p\u00e5 at opbygge filantropi i regionen ved at forvalte arv gennem omhyggelig forvaltning af den velg\u00f8rende kapital, der er betroet dem. De er engagerede i et langsigtet perspektiv for Ventura County. De respekterer donorernes intentioner ved at beskytte legater for evigt og specialiserer sig i at forbinde filantropiske ressourcer med samfundets behov til gavn for alle. De investerer i fremtiden gennem stipendier, legater og samarbejdspartnerskaber.<\/p>\n<p>OM FOREDRAGSHOLDEREN:<br \/>\nVanessa er pr\u00e6sident og CEO for Ventura County Community Foundation (VCCF), hvor hun f\u00f8rer tilsyn med ~$100 millioner i velg\u00f8rende aktiver og er ansvarlig for den \u00f8konomiske forvaltning af flere hundrede separate fonde, herunder forvaltning af investeringerne for 90 nonprofit-organisationer i hele Ventura County.<\/p>\n<p>PRIS: Medlemmer $25, ikke-medlemmer $35.<\/p>\n<p>Tilmeld dig senest onsdagen f\u00f8r for at komme p\u00e5 HotSheet!<\/p>\n<p>&nbsp;<\/p>","protected":false},"excerpt":{"rendered":"","protected":false},"author":3,"featured_media":2998,"comment_status":"closed","ping_status":"closed","sticky":false,"template":"","format":"standard","meta":{"_acf_changed":false,"give_campaign_id":0,"footnotes":""},"categories":[22],"tags":[],"class_list":["post-2993","post","type-post","status-publish","format-standard","has-post-thumbnail","hentry","category-latest-coverage"],"acf":[],"_links":{"self":[{"href":"https:\/\/vccf.org\/da\/wp-json\/wp\/v2\/posts\/2993","targetHints":{"allow":["GET"]}}],"collection":[{"href":"https:\/\/vccf.org\/da\/wp-json\/wp\/v2\/posts"}],"about":[{"href":"https:\/\/vccf.org\/da\/wp-json\/wp\/v2\/types\/post"}],"author":[{"embeddable":true,"href":"https:\/\/vccf.org\/da\/wp-json\/wp\/v2\/users\/3"}],"replies":[{"embeddable":true,"href":"https:\/\/vccf.org\/da\/wp-json\/wp\/v2\/comments?post=2993"}],"version-history":[{"count":0,"href":"https:\/\/vccf.org\/da\/wp-json\/wp\/v2\/posts\/2993\/revisions"}],"wp:featuredmedia":[{"embeddable":true,"href":"https:\/\/vccf.org\/da\/wp-json\/wp\/v2\/media\/2998"}],"wp:attachment":[{"href":"https:\/\/vccf.org\/da\/wp-json\/wp\/v2\/media?parent=2993"}],"wp:term":[{"taxonomy":"category","embeddable":true,"href":"https:\/\/vccf.org\/da\/wp-json\/wp\/v2\/categories?post=2993"},{"taxonomy":"post_tag","embeddable":true,"href":"https:\/\/vccf.org\/da\/wp-json\/wp\/v2\/tags?post=2993"}],"curies":[{"name":"wp","href":"https:\/\/api.w.org\/{rel}","templated":true}]}}