{"id":8330,"date":"2018-11-09T04:52:19","date_gmt":"2018-11-09T12:52:19","guid":{"rendered":"https:\/\/vccf.org\/?p=8330"},"modified":"2025-02-26T04:40:05","modified_gmt":"2025-02-26T12:40:05","slug":"thousand-oaks-shooting-hundreds-gather-at-vigils-to-mourn-victims","status":"publish","type":"post","link":"https:\/\/vccf.org\/da\/thousand-oaks-shooting-hundreds-gather-at-vigils-to-mourn-victims\/","title":{"rendered":"Skyderi i Thousand Oaks: Hundredvis samles til mindeh\u00f8jtidelighed for at s\u00f8rge over ofrene"},"content":{"rendered":"<p><!--more--><\/p>\n<p><em>L\u00e6s hele historien nedenfor eller p\u00e5 WSB News <a href=\"https:\/\/www.wsbradio.com\/news\/thousand-oaks-shooting-hundreds-gather-vigil-mourn-victims\/vvqWN8Z1CKL8lD9qQLR8KJ\/\" target=\"_blank\" rel=\"noopener\">Hjemmeside<\/a>.\u00a0<\/em><\/p>\n<p class=\"p\"><span class=\"dateLine\">THOUSAND OAKS, Californien -\u00a0<\/span>\u00a0Hundredvis af s\u00f8rgende samledes uden for et teater i Californien og p\u00e5 andre steder torsdag aften for at hylde de 12 mennesker, der blev dr\u00e6bt i et masseskyderi p\u00e5 en bar i Thousand Oaks,\u00a0<a href=\"https:\/\/ktla.com\/2018\/11\/08\/thousand-oaks-to-hold-vigil-at-6-p-m-thursday-for-12-killed-in-borderline-shooting\/\" shape=\"rect\" target=\"_blank\" rel=\"noopener\">KTLA<\/a>\u00a0rapporteret.<\/p>\n<p>Folk samledes uden for Fred Kavil Theatre for the Performing Arts i Thousand Oaks og deltog i en vagt med levende lys for at mindes de ofre, der blev dr\u00e6bt p\u00e5 Borderline Bar &amp; Grill, rapporterede tv-stationen.<\/p>\n<p>Nogle sang, mens andre bare holdt hinanden i h\u00e5nden,\u00a0<a href=\"https:\/\/ktla.com\/2018\/11\/08\/thousand-oaks-to-hold-vigil-at-6-p-m-thursday-for-12-killed-in-borderline-shooting\/\" shape=\"rect\" target=\"_blank\" rel=\"noopener\">KTLA<\/a>\u00a0rapporteret.<\/p>\n<p>\"I aften er vi en s\u00e5ret by,\" sagde Thousand Oaks' borgmester Andy Fox til folkem\u00e6ngden. \"Men vi er et samfund pr\u00e6get af k\u00e6rlighed, medf\u00f8lelse og sammenhold. Vi er ogs\u00e5 et samfund af h\u00e5b.\"<\/p>\n<p>Publikum stod op og klappede, da Ventura County Sheriff Geoff Dean gik p\u00e5 scenen,\u00a0<a href=\"https:\/\/ktla.com\/2018\/11\/08\/thousand-oaks-to-hold-vigil-at-6-p-m-thursday-for-12-killed-in-borderline-shooting\/\" shape=\"rect\" target=\"_blank\" rel=\"noopener\">KTLA<\/a>\u00a0rapporteret.<\/p>\n<p>\"Der er ikke rigtig noget, jeg kan sige her, som vil fylde det hul, der er i vores hjerter,\" sagde Dean til folkem\u00e6ngden.<\/p>\n<p>Trods evakueringer i Ventura County fra\u00a0<a href=\"https:\/\/www.ajc.com\/news\/large-fires-rapidly-whip-through-southern-california\/tGmOXzH0U7oClPo0OKts4N\/\" shape=\"rect\" target=\"_blank\" rel=\"noopener\">To brande, der bev\u00e6ger sig hurtigt<\/a>I l\u00f8bet af de sidste tre \u00e5r samledes beboere til tre mindearrangementer, herunder en rosenkrans p\u00e5 California Lutheran University, et mindesm\u00e6rke p\u00e5 Moorpark College og en v\u00e5genat uden for teatret.\u00a0<a href=\"http:\/\/www.latimes.com\/local\/lanow\/la-me-ln-thousand-oaks-shooting-vigils-20181108-story.html\" shape=\"rect\" target=\"_blank\" rel=\"noopener\">Los Angeles Times<\/a>\u00a0rapporteret.<\/p>\n<p>Ventura County Community Foundation, en lokal nonprofitorganisation, har arbejdet sammen med Thousand Oaks' embedsm\u00e6nd om at indsamle donationer,\u00a0<a href=\"https:\/\/ktla.com\/2018\/11\/08\/thousand-oaks-to-hold-vigil-at-6-p-m-thursday-for-12-killed-in-borderline-shooting\/\" shape=\"rect\" target=\"_blank\" rel=\"noopener\">KTLA<\/a>\u00a0rapporteret. Detaljer findes p\u00e5\u00a0<a href=\"https:\/\/vccf.org\/da\/donate\/\" shape=\"rect\">fondens hjemmeside<\/a>hvor organisationen skrev: \"Pas p\u00e5 hinanden.\"<\/p>","protected":false},"excerpt":{"rendered":"","protected":false},"author":3,"featured_media":8331,"comment_status":"closed","ping_status":"closed","sticky":false,"template":"","format":"standard","meta":{"_acf_changed":false,"give_campaign_id":0,"footnotes":""},"categories":[22],"tags":[],"class_list":["post-8330","post","type-post","status-publish","format-standard","has-post-thumbnail","hentry","category-latest-coverage"],"acf":[],"_links":{"self":[{"href":"https:\/\/vccf.org\/da\/wp-json\/wp\/v2\/posts\/8330","targetHints":{"allow":["GET"]}}],"collection":[{"href":"https:\/\/vccf.org\/da\/wp-json\/wp\/v2\/posts"}],"about":[{"href":"https:\/\/vccf.org\/da\/wp-json\/wp\/v2\/types\/post"}],"author":[{"embeddable":true,"href":"https:\/\/vccf.org\/da\/wp-json\/wp\/v2\/users\/3"}],"replies":[{"embeddable":true,"href":"https:\/\/vccf.org\/da\/wp-json\/wp\/v2\/comments?post=8330"}],"version-history":[{"count":0,"href":"https:\/\/vccf.org\/da\/wp-json\/wp\/v2\/posts\/8330\/revisions"}],"wp:featuredmedia":[{"embeddable":true,"href":"https:\/\/vccf.org\/da\/wp-json\/wp\/v2\/media\/8331"}],"wp:attachment":[{"href":"https:\/\/vccf.org\/da\/wp-json\/wp\/v2\/media?parent=8330"}],"wp:term":[{"taxonomy":"category","embeddable":true,"href":"https:\/\/vccf.org\/da\/wp-json\/wp\/v2\/categories?post=8330"},{"taxonomy":"post_tag","embeddable":true,"href":"https:\/\/vccf.org\/da\/wp-json\/wp\/v2\/tags?post=8330"}],"curies":[{"name":"wp","href":"https:\/\/api.w.org\/{rel}","templated":true}]}}