{"id":9138,"date":"2019-06-07T16:00:23","date_gmt":"2019-06-07T23:00:23","guid":{"rendered":"https:\/\/vccf.org\/?p=9138"},"modified":"2025-01-29T07:47:51","modified_gmt":"2025-01-29T07:47:51","slug":"chamber-moving-headed-to-vccf-building","status":"publish","type":"post","link":"https:\/\/vccf.org\/da\/chamber-moving-headed-to-vccf-building\/","title":{"rendered":"Kammeret flytter, p\u00e5 vej til VCCF-bygningen"},"content":{"rendered":"<p><!--more--><\/p>\n<p><img loading=\"lazy\" decoding=\"async\" class=\"alignnone size-full wp-image-9139\" src=\"https:\/\/vccf.org\/wp-content\/uploads\/2019\/06\/camarillo-chamber.jpg\" alt=\"\" width=\"1024\" height=\"682\" srcset=\"https:\/\/vccf.org\/wp-content\/uploads\/2019\/06\/camarillo-chamber.jpg 1024w, https:\/\/vccf.org\/wp-content\/uploads\/2019\/06\/camarillo-chamber-300x200.jpg 300w, https:\/\/vccf.org\/wp-content\/uploads\/2019\/06\/camarillo-chamber-768x512.jpg 768w, https:\/\/vccf.org\/wp-content\/uploads\/2019\/06\/camarillo-chamber-18x12.jpg 18w\" sizes=\"auto, (max-width: 1024px) 100vw, 1024px\" \/><\/p>\n<p>I et brev fra 17. maj meddelte Chamber CEO Gary Cushing byen, at nonprofit-organisationen for forretningsnetv\u00e6rk og markedsf\u00f8ring med omkring 600 medlemmer \"\u00f8nsker at opsige vores lejem\u00e5l\" for bygningen p\u00e5 2400 E. Ventura Blvd.<\/p>\n<p>\"Vores sidste dag i lokalerne er den 31. december 2019,\" skrev Cushing. Kammeret har v\u00e6ret p\u00e5 stedet siden 1999.<\/p>\n<p>Kammeret flytter til Ventura County Community Foundation-bygningen p\u00e5 4001 Mission Oaks Blvd.<\/p>\n<p>Cushing sagde, at kammerets embedsm\u00e6nd har en \"h\u00e5ndtryk\"-aftale om at leje kontorlokaler p\u00e5 f\u00f8rste sal i bygningen, som ogs\u00e5 huser en r\u00e6kke nonprofitorganisationer.<\/p>\n<p>Selvom Cushing ikke sagde, hvor meget kammerets lejekontrakt vil v\u00e6re i den nye bygning, sagde han, at den nye placering vil v\u00e6re billigere end lejekontrakten i bygningen p\u00e5 Ventura Boulevard.<\/p>\n<p>\"Vi blev kontaktet for omkring halvandet \u00e5r siden om muligvis at flytte dertil,\" sagde han tirsdag. \"Situationen virkede bare rigtig nu.\"<\/p>\n<p>Byr\u00e5dsmedlem Shawn Mulchay, som sammen med byr\u00e5dsmedlem Charlotte Craven er medlem af byr\u00e5dets kontaktudvalg til Kammeret, n\u00e6vnte organisationens opsigelse af lejem\u00e5let p\u00e5 byr\u00e5dets m\u00f8de den 29. maj.<\/p>\n<p>\"Det var ikke p\u00e5 dagsordenen, da der ikke var noget at diskutere eller tage stilling til,\" sagde Mulchay pr. e-mail i denne uge. \"Handelskammeret valgte ensidigt at opsige lejekontrakten ved at bruge opsigelsesklausulen.\"<\/p>\n<p>Kammeret lejede den kommunalt ejede bygning p\u00e5 Ventura Boulevard for $18.444 om \u00e5ret. Byens embedsm\u00e6nd siger, at de ikke har nogen umiddelbare planer for bygningen.<\/p>\n<p>\"Vi s\u00f8ger ikke aktivt efter tilbud om at leje bygningen p\u00e5 nuv\u00e6rende tidspunkt,\" siger City Manager Dave Norman i en e-mail. \"Byr\u00e5det skal beslutte, hvad det vil g\u00f8re med bygningen\" i forhold til Camarillos andre planer for Old Town-distriktet.<\/p>\n<p>Kammerets opsigelse af lejekontrakten reducerer yderligere dets b\u00e5nd til byen, som i sidste m\u00e5ned gik med til endnu en et\u00e5rig kontraktforl\u00e6ngelse med kammeret for at forts\u00e6tte med at levere marketing- og reklametjenester til byen, men ikke uden forbehold.<\/p>\n<p>Kammerets embedsm\u00e6nd havde s\u00f8gt en ny fem\u00e5rig aftale med byen, men byr\u00e5dsmedlemmerne godkendte den kortere kontraktperiode og sagde, at de \u00f8nskede mere information om, hvilke fordele kammeret giver byen til geng\u00e6ld for et \u00e5rligt servicegebyr p\u00e5 $70.000.<\/p>\n<p>I mellemtiden er byen i gang med at ans\u00e6tte en ny direkt\u00f8r for \u00f8konomisk udvikling, som vil blive bedt om at give byr\u00e5det en analyse af kontraktaftalen med kammeret og komme med anbefalede \u00e6ndringer.<\/p>\n<p>Blandt en liste over de tjenester, der er inkluderet i aftalen: Kammeret skal bemande og vedligeholde Camarillo Visitors Center, distribuere information om flytning til virksomheder og beboere, der \u00f8nsker at flytte til byen, organisere indvielser af nye virksomheder og holde en \u00e5rlig State of the City-tale.<\/p>\n<p>R\u00e5dsmedlemmerne sagde, at de \u00f8nskede en klarere forst\u00e5else af, hvad kammerets rolle vil v\u00e6re fremover.<\/p>","protected":false},"excerpt":{"rendered":"","protected":false},"author":3,"featured_media":9139,"comment_status":"closed","ping_status":"closed","sticky":false,"template":"","format":"standard","meta":{"_acf_changed":false,"give_campaign_id":0,"footnotes":""},"categories":[22],"tags":[],"class_list":["post-9138","post","type-post","status-publish","format-standard","has-post-thumbnail","hentry","category-latest-coverage"],"acf":[],"_links":{"self":[{"href":"https:\/\/vccf.org\/da\/wp-json\/wp\/v2\/posts\/9138","targetHints":{"allow":["GET"]}}],"collection":[{"href":"https:\/\/vccf.org\/da\/wp-json\/wp\/v2\/posts"}],"about":[{"href":"https:\/\/vccf.org\/da\/wp-json\/wp\/v2\/types\/post"}],"author":[{"embeddable":true,"href":"https:\/\/vccf.org\/da\/wp-json\/wp\/v2\/users\/3"}],"replies":[{"embeddable":true,"href":"https:\/\/vccf.org\/da\/wp-json\/wp\/v2\/comments?post=9138"}],"version-history":[{"count":0,"href":"https:\/\/vccf.org\/da\/wp-json\/wp\/v2\/posts\/9138\/revisions"}],"wp:featuredmedia":[{"embeddable":true,"href":"https:\/\/vccf.org\/da\/wp-json\/wp\/v2\/media\/9139"}],"wp:attachment":[{"href":"https:\/\/vccf.org\/da\/wp-json\/wp\/v2\/media?parent=9138"}],"wp:term":[{"taxonomy":"category","embeddable":true,"href":"https:\/\/vccf.org\/da\/wp-json\/wp\/v2\/categories?post=9138"},{"taxonomy":"post_tag","embeddable":true,"href":"https:\/\/vccf.org\/da\/wp-json\/wp\/v2\/tags?post=9138"}],"curies":[{"name":"wp","href":"https:\/\/api.w.org\/{rel}","templated":true}]}}