{"id":9157,"date":"2019-05-22T00:00:45","date_gmt":"2019-05-22T07:00:45","guid":{"rendered":"https:\/\/vccf.org\/?p=9157"},"modified":"2025-01-29T07:47:51","modified_gmt":"2025-01-29T07:47:51","slug":"ventura-county-community-foundation-wants-to-triple-assets-by-2026","status":"publish","type":"post","link":"https:\/\/vccf.org\/da\/ventura-county-community-foundation-wants-to-triple-assets-by-2026\/","title":{"rendered":"Ventura County Community Foundation vil tredoble aktiverne inden 2026"},"content":{"rendered":"<p><!--more--><\/p>\n<p><em>Denne historie blev oprindeligt udgivet p\u00e5 Pacific Coast Business Times, <a href=\"https:\/\/www.pacbiztimes.com\/2019\/05\/22\/ventura-county-community-foundation-wants-to-triple-assets-by-2026\/\" target=\"_blank\" rel=\"noopener\">og kan findes her<\/a>.<\/em><\/p>\n<p>Ventura County Community Foundation har annonceret et ambiti\u00f8st m\u00e5l om at tredoble sin st\u00f8rrelse til omkring $500 millioner i aktiver inden 2026.<\/p>\n<p>VCCF's administrerende direkt\u00f8r Vanessa Bechtel fortalte omkring 250 samfundsledere ved en frokost den 22. maj, at fonden h\u00e5ber at f\u00e5 en st\u00f8rre andel af arvegaverne i Ventura County i det kommende \u00e5rti. Disse gaver ansl\u00e5s til at v\u00e6re omkring $1,1 milliarder om \u00e5ret i det n\u00e6ste \u00e5rti, sagde hun og henviste til en nylig forskningsrapport fra California Lutheran University.<\/p>\n<p>Hun sagde, at et af m\u00e5lene med fondsfor\u00f8gelsen var at \u00f8ge st\u00f8rrelsen af de frie midler, der er til r\u00e5dighed for Ventura Countys nonprofitorganisationer. \"Siden 2008 har nonprofitorganisationerne v\u00e6ret meget pressede, og i de sidste to \u00e5r er der sket katastrofer lige i h\u00f8js\u00e6sonen for donationer\". \"De frie midler kommer til kort,\" sagde hun.<\/p>\n<p>Bechtel sagde, at fondens finansieringsgrundlag er blevet styrket af $24 millioner i katastroferelateret finansiering indsamlet i de 18 m\u00e5neder, der er g\u00e5et siden Thomas-branden. Fonden har for nylig modtaget $15 millioner i fondsmidler til dyrevelf\u00e6rd og medicinsk forskning som en del af en bevilling fra Californiens justitsminister.<\/p>\n<p>VCCF gennemgik en r\u00e6kke nedsk\u00e6ringer midt i en revision af organisationens finanser foretaget af statsadvokatens kontor, og formand Scott Hanson fortalte, at organisationen modtog et brev fra statsadvokatens kontor om, at revisionssp\u00f8rgsm\u00e5lene var blevet l\u00f8st den 5. december 2017, blot f\u00e5 timer f\u00f8r Thomas-branden fejede gennem Santa Paula og Ventura og br\u00e6ndte hundredvis af hjem.<\/p>\n<p>Med statsadvokatens tillid og den dokumenterede evne til at h\u00e5ndtere store donationer i forbindelse med Thomas-branden, Borderline-skyderierne og Hill- og Woolsey-brande, sagde Bechtel, at det er tid til at se fremad.<\/p>\n<p>\"Vi er i stand til at bygge nye dr\u00f8mme,\" sagde hun.<\/p>","protected":false},"excerpt":{"rendered":"","protected":false},"author":13,"featured_media":911,"comment_status":"closed","ping_status":"closed","sticky":false,"template":"","format":"standard","meta":{"_acf_changed":false,"give_campaign_id":0,"footnotes":""},"categories":[22],"tags":[],"class_list":["post-9157","post","type-post","status-publish","format-standard","has-post-thumbnail","hentry","category-latest-coverage"],"acf":[],"_links":{"self":[{"href":"https:\/\/vccf.org\/da\/wp-json\/wp\/v2\/posts\/9157","targetHints":{"allow":["GET"]}}],"collection":[{"href":"https:\/\/vccf.org\/da\/wp-json\/wp\/v2\/posts"}],"about":[{"href":"https:\/\/vccf.org\/da\/wp-json\/wp\/v2\/types\/post"}],"author":[{"embeddable":true,"href":"https:\/\/vccf.org\/da\/wp-json\/wp\/v2\/users\/13"}],"replies":[{"embeddable":true,"href":"https:\/\/vccf.org\/da\/wp-json\/wp\/v2\/comments?post=9157"}],"version-history":[{"count":0,"href":"https:\/\/vccf.org\/da\/wp-json\/wp\/v2\/posts\/9157\/revisions"}],"wp:featuredmedia":[{"embeddable":true,"href":"https:\/\/vccf.org\/da\/wp-json\/wp\/v2\/media\/911"}],"wp:attachment":[{"href":"https:\/\/vccf.org\/da\/wp-json\/wp\/v2\/media?parent=9157"}],"wp:term":[{"taxonomy":"category","embeddable":true,"href":"https:\/\/vccf.org\/da\/wp-json\/wp\/v2\/categories?post=9157"},{"taxonomy":"post_tag","embeddable":true,"href":"https:\/\/vccf.org\/da\/wp-json\/wp\/v2\/tags?post=9157"}],"curies":[{"name":"wp","href":"https:\/\/api.w.org\/{rel}","templated":true}]}}