{"id":478,"date":"2024-04-18T11:22:05","date_gmt":"2024-04-18T11:22:05","guid":{"rendered":"https:\/\/vccf.org\/?post_type=newsletters&#038;p=478"},"modified":"2024-05-02T10:06:24","modified_gmt":"2024-05-02T10:06:24","slug":"october-21-2022-en-esp","status":"publish","type":"newsletters","link":"https:\/\/vccf.org\/de\/newsletters\/october-21-2022-en-esp\/","title":{"rendered":"21. Oktober 2022 (EN\/ESP)"},"content":{"rendered":"<img decoding=\"async\" src=\"https:\/\/vccf.org\/wp-content\/uploads\/2024\/04\/isabella-logo.svg\" alt=\"isabella logo\" itemprop=\"image\" title=\"isabella logo\" onerror=\"this.style.display='none'\"  \/>\n<h1>\n\t\tNewsletter zum Isabella-Projekt\n\t<\/h1>\n\t<p>21. Oktober 2022 (EN\/ESP)<\/p>\n<h2>\n\t\t<a href=\"#espanol\" title=\"Version in spanischer Sprache\" target=\"_self\" rel=\"noopener\">\n\t\tVersion in spanischer Sprache\n\t\t<\/a>\n\t<\/h2>\n\t<p>Sehr geehrter Lenkungsausschuss des Isabella-Projekts,<\/p>\n\t<p>So much has been happening since our meeting on October 19th! Our <strong>Sobre Saliendo con la Educaci\u00f3n Conferencia<\/strong> on November 19 is in full swing. This conference is based on the notion that investing in our youngest residents is indeed the best investment in our future! So, if you&#8217;re ready to make a difference, please join us on November 19, 9-2:30pm, at Isbell Middle School, 221 South 4th Street in Santa Paula.<\/p>\n\t<p>Additionally, we are in the final stages of working on a proposal with <strong>promotoras who will do direct outreach to Santa Paula families<\/strong> for the open preschool slots &#8211; so exciting!<\/p>\n\t<p>Just a friendly reminder that your creative ideas and contributions are welcome. If you have a need for funding to support your plans, please contact me. If you would like to help with outreach to families, please reach out to Robin Bissett at rbissett@vccf.org who will be working directly with Tim Smith at Santa Paula Unified School District.<\/p>\n<h1>\n\t\tParents Education Conference\n\t<\/h1>\n\tNovember 19, 2022 &#8211; 9:00 a.m. to 2:30 p.m.<br \/>\nIsbell Middle School (221 South 4th Street, Santa Paula CA)\n\t\t\t<a href=\"mailto:rbissett@vccf.org\" target=\"_blank\" rel=\"noopener\">\n\t\t\t\t\t\t\tEmail Robin Bissett to RSVP\n\t\t\t\t\t<\/a>\n<h1>\n\t\tPhotos from our last retreat\n\t<\/h1>\n\t\t\t\tMeeting Presentations\n\t\t\t\tDr. Jamshid Damooei &#8220;Taking a Closer Look into the Prevailing Socio-Economic Conditions of Neighborhoods in Santa Paula&#8221;\n<p><a href=\"https:\/\/vccf.org\/wp-content\/uploads\/2024\/05\/jd_a-closer-look-into-santa-paula-neighborhoods-1-1.pptx\" target=\"_blank\" rel=\"noopener\">Download<\/a><\/p>\nTim Smith &#8220;Santa Paula Unified School District Preschool Implementation Review and Update&#8221;\n<p><a href=\"https:\/\/vccf.org\/wp-content\/uploads\/2024\/05\/ts_spusd-preschool-update-and-review-10.19.22-1.pptx\" target=\"_blank\" rel=\"noopener\">Download<\/a><\/p>\nDr. Gabino Aguirre &#8220;Achieving Success in Education &#8211; Parents Education Conference&#8221;\n<p><a href=\"https:\/\/vccf.org\/wp-content\/uploads\/2024\/05\/sobresaliendo-ppt-nov.-conference-1.pptx\" target=\"_blank\" rel=\"noopener\">Download<\/a><\/p>\n\t\t\t\tProposed Isabella Project Lunch &#038; Learn Dates\n\t\t\t\t<p><strong>January 18, 2023<\/strong> Economic Development &amp; Childcare &#8211; Laura Espinosa and Bruce Stenslie<\/p>\n<p><strong>February 22, 2023<\/strong> CSUCI Early Childhood Program &#8211; Dr. Richard Yao<\/p>\n<p><strong>M\u00e4rz 15, 2023<\/strong> Santa Paula Education Strategic Plan &#8211; Daniel Sandoval and Jeff Weinstein<\/p>\n<p><strong>April 19, 2023<\/strong> First 5 &amp; Parent Engagement &#8211; Petra Puls<\/p>\n<p><strong>17. Mai 2023<\/strong> Santa Paula Social Services Coalition &#8211; Caitlin Barringer<\/p>\n<p><strong>21. Juni 2023<\/strong> Church of Guadalupe &#8211; Elvia Hernandez<\/p>\n<p><strong>19. Juli 2023<\/strong> Child Development Resources &#8211; Jack Hinojosa<\/p>\n<p><strong>August 16, 2023<\/strong> Homelessness &amp; Youth &#8211; Maria Jimenez (Poder Popular) and Kay Wilson-Bolton (Spirit of Santa Paula)<\/p>\n<p><strong>20. September 2023<\/strong> Outreach to Families &#8211; 805 UndocuFund &#8211; Elvia Hernandez (Proyecto Esperanza)<\/p>\n\t\t\t\tLernen Sie unsere neuesten Mitglieder kennen!\n\t\t\t\t<p><strong>Dr. Tiffany Morse<\/strong><br \/>Superintendent<br \/>Ojai Unified School District<\/p>\n<p><strong>Clay McCarter<\/strong><br \/>Program Management Analyst<br \/>County of Ventura, County Executive Office<\/p>\n\t<p>Estimado Comit\u00e9 Rector del Proyecto Isabella:<\/p>\n\t<p>\u00a1Cu\u00e1ntas cosas han sucedido desde nuestra reuni\u00f3n del 19 de octubre! Nuestra <strong>Conferencia Sobresaliendo con la Educaci\u00f3n<\/strong> del 19 de noviembre est\u00e1 plenamente en marcha. \u00a1Esta conferencia se basa en el concepto de que invertir en nuestros residentes m\u00e1s j\u00f3venes es sin duda la mejor inversi\u00f3n para nuestro futuro! Por tanto, si ustedes est\u00e1n dispuestos a cambiar las cosas, por favor, \u00fananse a nosotros el 19 de noviembre de 9 a 2:30pm, en la Isbell Middle School, 221 South 4th Street en Santa Paula.<\/p>\n\t<p>Adem\u00e1s, estamos en las etapas finales de trabajar en una propuesta con <strong>promotoras que har\u00e1n difusi\u00f3n directa a familias de Santa Paula para las plazas abiertas de preescolar<\/strong>. \u00a1Es muy emocionante!<\/p>\n\t<p>Solo un amable recordatorio de que las aportaciones e ideas creativas de ustedes son bienvenidas. Si necesitan financiaci\u00f3n para apoyar sus planes, por favor, cont\u00e1ctenme. Si les gustar\u00eda ayudar con difusi\u00f3n a familias, por favor contacten a Robin Bissett en rbissett@vccf.org, que trabajar\u00e1 directamente con Tim Smith del Distrito Escolar Unificado de Santa Paula.<\/p>\n<h1>\n\t\tConferencia de Educaci\u00f3n para Padres y Madres\n\t<\/h1>\n\t19 de diciembre de 2022 &#8211; 9:00 a.m. a 2:30 p.m.<br \/>\nIsbell Middle School (221 South 4th Street, Santa Paula CA)\n\t\t\t<a href=\"mailto:rbissett@vccf.org\" target=\"_blank\" rel=\"noopener\">\n\t\t\t\t\t\t\tElectr\u00f3nico a Robin Bissett\n\t\t\t\t\t<\/a>\n<h1>\n\t\tFotos de Nuestro \u00daltimo retiro\n\t<\/h1>\n\t\t\t\tMeeting Presentations\n\t\t\t\tDr. Jamshid Damooei &#8220;Una Mirada M\u00e1s de Cerca a las Condiciones Socioecon\u00f3micas Prevalentes de los Vecindarios de Santa Paula&#8221;\n<p><a href=\"https:\/\/vccf.org\/wp-content\/uploads\/2024\/05\/jd_a-closer-look-into-santa-paula-neighborhoods-1-1.pptx\" target=\"_blank\" rel=\"noopener\">Descargar<\/a><\/p>\nTim Smith &#8220;Revisi\u00f3n y Actualizaci\u00f3n de Preescolar en el Distrito Escolar Unificado de Santa Paula&#8221;\n<p><a href=\"https:\/\/vccf.org\/wp-content\/uploads\/2024\/05\/ts_spusd-preschool-update-and-review-10.19.22-1.pptx\" target=\"_blank\" rel=\"noopener\">Descargar<\/a><\/p>\nDr. Gabino Aguirre &#8220;Alcanzar el \u00c9xito en la Educaci\u00f3n: Conferencia de Educaci\u00f3n para Padres y Madres&#8221;\n<p><a href=\"https:\/\/vccf.org\/wp-content\/uploads\/2024\/05\/sobresaliendo-ppt-nov.-conference-1.pptx\" target=\"_blank\" rel=\"noopener\">Descargar<\/a><\/p>\n\t\t\t\tPropuesta de Fechas de Almuerzos para Aprender del Proyecto Isabella\n\t\t\t\t<p><strong>18 de enero de 2023:<\/strong> Desarrollo Econ\u00f3mico y Cuidado Infantil &#8211; Laura Espinosa y Bruce Stenslie<\/p>\n<p><strong>22 de febrero de 2023:<\/strong> Programa de Infancia Temprana de CSUCI &#8211; Dr. Richard Yao<\/p>\n<p><strong>15 de marzo de 2023:<\/strong> Plan Estrat\u00e9gico de Educaci\u00f3n de Santa Paula- Daniel Sandoval y Jeff Weinstein<\/p>\n<p><strong>19 de abril de 2023:<\/strong> Participaci\u00f3n de Padres y Madres y Primeros 5- Petra Puls<\/p>\n<p><strong>17 de mayo de 2023:<\/strong> Coalici\u00f3n de Servicios Sociales de Santa Paula- Caitlin Barringer<\/p>\n<p><strong>21 de junio de 2023:<\/strong> Iglesia de Guadalupe &#8211; Elvia Hernandez<\/p>\n<p><strong>19 de julio de 2023:<\/strong> Recursos para Desarrollo Infantil &#8211; Jack Hinojosa<\/p>\n<p><strong>16 de agosto de 2023:<\/strong> Indigencia y Juventud- Maria Jimenez (Poder Popular) y Kay Wilson-Bolton (Esp\u00edritu de Santa Paula)<\/p>\n<p><strong>20 de septiembre de 2023:<\/strong> Difusi\u00f3n a Familias- 805 UndocuFund &#8211; Elvia Hernandez (Proyecto Esperanza)<\/p>\n\t\t\t\t\u00a1Conozcan a nuestros Miembros m\u00e1s Recientes!\n\t\t\t\t<strong>Dr. Tiffany Morse<\/strong><br \/>\nSuperintendente<br \/>\nDistrito Escolar Unificado de Ojai\n<strong>Clay McCarter<\/strong><br \/>\nAnalista de Gesti\u00f3n de Programas<br \/>\nCondado de Ventura, Oficina Ejecutiva del Condado\n\t<p>Header Image: &#8220;Oyster class visit Teacher Appreciation 26&#8221; by US Department of Education is licensed under CC by ND-2.0.<\/p>","protected":false},"featured_media":0,"template":"","meta":{"_acf_changed":false,"give_campaign_id":0},"class_list":["post-478","newsletters","type-newsletters","status-publish","hentry"],"acf":[],"_links":{"self":[{"href":"https:\/\/vccf.org\/de\/wp-json\/wp\/v2\/newsletters\/478","targetHints":{"allow":["GET"]}}],"collection":[{"href":"https:\/\/vccf.org\/de\/wp-json\/wp\/v2\/newsletters"}],"about":[{"href":"https:\/\/vccf.org\/de\/wp-json\/wp\/v2\/types\/newsletters"}],"wp:attachment":[{"href":"https:\/\/vccf.org\/de\/wp-json\/wp\/v2\/media?parent=478"}],"curies":[{"name":"wp","href":"https:\/\/api.w.org\/{rel}","templated":true}]}}