{"id":12576,"date":"2021-04-09T15:25:59","date_gmt":"2021-04-09T22:25:59","guid":{"rendered":"https:\/\/vccf.org\/?p=12576"},"modified":"2025-01-29T07:47:43","modified_gmt":"2025-01-29T07:47:43","slug":"eye-on-the-environment-earth-day-events-return-to-ventura-county-this-month","status":"publish","type":"post","link":"https:\/\/vccf.org\/de\/eye-on-the-environment-earth-day-events-return-to-ventura-county-this-month\/","title":{"rendered":"Auge auf die Umwelt | Veranstaltungen zum Tag der Erde kehren diesen Monat in Ventura County zur\u00fcck"},"content":{"rendered":"<p>Am 22. April ist der Tag der Erde, und den ganzen Monat \u00fcber finden Veranstaltungen statt, die den Menschen helfen, zu feiern und sich f\u00fcr die Umwelt zu engagieren. Earthday.org, die gr\u00f6\u00dfte internationale Koordinierungsstelle f\u00fcr den Tag der Erde, hat f\u00fcr das diesj\u00e4hrige Thema \"Restore Our Earth\" (Wiederherstellung unserer Erde) gew\u00e4hlt, wobei der Schwerpunkt auf der Notwendigkeit liegt, \"die \u00d6kosysteme der Welt wiederherzustellen\".<\/p>\n<p>Hier finden Sie die n\u00e4chsten lokalen Veranstaltungen:<\/p>\n<p><strong>COUNTYWIDE<\/strong><br \/>\nW\u00e4hrend des gesamten Earth Month und m\u00f6glicherweise bis in den n\u00e4chsten Monat hinein wird die Ventura County Community Foundation eine \"Environmental Listening Tour\" veranstalten. Jeff Lambert, Chief Operating Officer, erkl\u00e4rte: \"In einer k\u00fcrzlich durchgef\u00fchrten vertraulichen Befragung von VCCF-Spenderkunden gaben etwa 75 Prozent an, dass Umweltfragen zu ihren wichtigsten Spendenpriorit\u00e4ten geh\u00f6ren. Als Reaktion darauf plant die Stiftung Treffen mit gemeinn\u00fctzigen Gruppen, die sich f\u00fcr die Umwelt einsetzen.<\/p>\n<p>Durch \"Zuh\u00f6rsitzungen\" mit Gruppen von jeweils etwa f\u00fcnf Personen werden die Mitarbeiter der VCCF \"L\u00fccken in der Finanzierung und bei den Dienstleistungen ermitteln, die die Philanthropie schlie\u00dfen kann\", so Lambert. Die Stiftung wird die gemeinn\u00fctzigen Organisationen professionell beraten und ihre Spender-Kunden \u00fcber die gemeinn\u00fctzigen Organisationen informieren.<\/p>\n<p>Lambert wies darauf hin, dass die VCCF von den Spendern gerne als Vermittler gesehen wird, der die Vertraulichkeit der Spender gew\u00e4hrleistet und sicherstellt, dass die gemeinn\u00fctzigen Organisationen nachhaltig verwaltet und die Mittel sinnvoll eingesetzt werden. Die Stiftung hilft gemeinn\u00fctzigen Organisationen auch bei der Beschaffung von Finanzmitteln von nationalen Organisationen sowie von Bundes- und Landeszusch\u00fcssen. Umweltorganisationen, die an einer Teilnahme interessiert sind, sollten sich mit Executive Assistant Calleen O'Neall unter 805-330-6987 in Verbindung setzen.<\/p>\n<p>Ebenfalls landesweit organisieren die Ventura County Regional Energy Alliance und die Electric Vehicle Advocates of Ventura County zum Tag der Erde eine Werbeaktion f\u00fcr Elektroautos. Wahrscheinlich wird es sich um einen Online-Wettbewerb handeln, an dem das neu \u00fcberarbeitete Maskottchen Evie McWheelie teilnehmen wird. Weitere Informationen finden Sie unter VCenergy.org.<\/p>\n<p><strong>OJAI<\/strong><br \/>\nAm Tag der Erde, dem 22. April, findet um 10:30 Uhr im Libbey Park von Ojai eine feierliche Baumpflanzung durch die Ojai Land Conservancy und die Ojai Valley Green Coalition statt. Vertreter der Organisationen werden \u00fcber M\u00f6glichkeiten der Freiwilligenarbeit informieren, die von der \u00d6ffentlichkeitsarbeit bis zur Wiederherstellung von Lebensr\u00e4umen reichen. Weitere Informationen erhalten Sie bei der stellvertretenden Direktorin f\u00fcr \u00f6ffentliche Arbeiten, Alma Quezada, unter 805-646-5581 x 209.<\/p>\n<p><strong>OXNARD<\/strong><br \/>\nDie Stadt Oxnard feiert diesen Monat den Tag der Erde mit einer Informationskampagne, in der f\u00fcr die kostenlosen Motor\u00f6l-Recycling-Kits, die kostenlosen Recycling-Boxen f\u00fcr den Schreibtisch und die kostenlosen S\u00e4cke mit Agromin-Kompost geworben wird, die das ganze Jahr \u00fcber an der regionalen Recycling- und Umladestation der Stadt Del Norte erh\u00e4ltlich sind. Die ersten beiden Artikel sind nur f\u00fcr Einwohner von Oxnard erh\u00e4ltlich, und ein Kompostsack pro Tag wird jedem angeboten, der das R\u00fcckkaufzentrum nutzt.<\/p>\n<p><strong>MOORPARK<\/strong><br \/>\nDie Stadt Moorpark und mehrere Sponsoren aus der Wirtschaft koordinieren einen gemeinschaftlichen Hofverkauf. Hofverk\u00e4ufe sind eine gro\u00dfartige M\u00f6glichkeit, die Wiederverwendung zu f\u00f6rdern und Abfall zu vermeiden. Am Samstag, den 1. Mai, von 9 bis 13 Uhr auf dem Parkplatz D des Arroyo Vista Community Park (4550 Tierra Rejada Road), hei\u00dft es im Werbematerial der Stadt: \"Wir feiern unsere sch\u00f6ne Erde mit einem gemeinschaftlichen Hofverkauf, Kunsthandwerk, Vorf\u00fchrungen, Werbegeschenken und vielem mehr!<\/p>\n<p>Die Veranstaltung, die unter Einhaltung der geltenden Gesundheits- und Sicherheitsrichtlinien durchgef\u00fchrt wird, ist f\u00fcr die K\u00e4ufer kostenlos. Bis zum 23. April k\u00f6nnen Verk\u00e4ufer \u00fcber die Website der Stadt f\u00fcr die Veranstaltung Standfl\u00e4chen in der Gr\u00f6\u00dfe von zwei benachbarten Parkpl\u00e4tzen f\u00fcr $15 und Doppelstandfl\u00e4chen f\u00fcr $25 reservieren. Parkpl\u00e4tze f\u00fcr die Veranstaltung stehen auf dem Parkplatz C zur Verf\u00fcgung. Weitere Informationen erhalten Sie bei der Freizeitabteilung der Stadt unter 805-517-6300.<\/p>\n<p><strong>THOUSAND OAKS<\/strong><br \/>\nDie Stadt Thousand Oaks l\u00e4dt am 28. April zur Teilnahme an einem Stakeholder-Treffen zum Klima- und Umweltaktionsplan via Zoom ein. Die Teilnehmer werden Fragen zu Wasser, Abfall, Recycling und Lebensqualit\u00e4t diskutieren. Registrieren Sie sich unter www.toaks.org\/departments\/public-works\/sustainability\/climate-action-planning. Au\u00dferdem wird sich die j\u00e4hrliche Proklamation der Stadt zum Tag der Erde in diesem Jahr auf den Klimaaktionsplan konzentrieren.<\/p>\n<p><strong>VENTURA<\/strong><br \/>\nDas st\u00e4dtische B\u00fcro f\u00fcr \u00f6kologische Nachhaltigkeit wird Preise an Stadtbewohner schicken, die bis zum 18. April ein Foto oder Video einsenden, das zeigt, wie sie den Tag der Erde feiern oder wie sie nachhaltig handeln. Hochladen auf https:\/\/bit.ly\/3rNg7C5. Zu den Preisen geh\u00f6ren je nach Verf\u00fcgbarkeit wiederverwendbare Becher und wiederverwendbare Utensilien. Weitere Wettbewerbe werden \u00fcber die Facebook- oder Instagram-Seiten des B\u00fcros, @SustainableVentura, angeboten.<\/p>\n<p>David Goldstein ist Umweltanalytiker bei Ventura County Public Works und kann unter 805-658-4312 oder david.goldstein@ventura.org erreicht werden.<\/p>\n<p><a href=\"https:\/\/vcreporter.com\/2021\/04\/eye-on-the-environment-earth-day-events-return-to-ventura-county-this-month\/\" target=\"_blank\" rel=\"noopener\"><em>Dieser Artikel wurde urspr\u00fcnglich von VCReporter ver\u00f6ffentlicht<\/em><\/a><\/p>","protected":false},"excerpt":{"rendered":"<p>April 22 is Earth Day, and events scheduled all this month help people celebrate and rededicate to environmental causes. Earthday.org, the largest international coordinating body for Earth Day commemorations, chose&hellip;<\/p>","protected":false},"author":3,"featured_media":12577,"comment_status":"closed","ping_status":"closed","sticky":false,"template":"","format":"standard","meta":{"_acf_changed":false,"give_campaign_id":0,"footnotes":""},"categories":[22],"tags":[],"class_list":["post-12576","post","type-post","status-publish","format-standard","has-post-thumbnail","hentry","category-latest-coverage"],"acf":[],"_links":{"self":[{"href":"https:\/\/vccf.org\/de\/wp-json\/wp\/v2\/posts\/12576","targetHints":{"allow":["GET"]}}],"collection":[{"href":"https:\/\/vccf.org\/de\/wp-json\/wp\/v2\/posts"}],"about":[{"href":"https:\/\/vccf.org\/de\/wp-json\/wp\/v2\/types\/post"}],"author":[{"embeddable":true,"href":"https:\/\/vccf.org\/de\/wp-json\/wp\/v2\/users\/3"}],"replies":[{"embeddable":true,"href":"https:\/\/vccf.org\/de\/wp-json\/wp\/v2\/comments?post=12576"}],"version-history":[{"count":0,"href":"https:\/\/vccf.org\/de\/wp-json\/wp\/v2\/posts\/12576\/revisions"}],"wp:featuredmedia":[{"embeddable":true,"href":"https:\/\/vccf.org\/de\/wp-json\/wp\/v2\/media\/12577"}],"wp:attachment":[{"href":"https:\/\/vccf.org\/de\/wp-json\/wp\/v2\/media?parent=12576"}],"wp:term":[{"taxonomy":"category","embeddable":true,"href":"https:\/\/vccf.org\/de\/wp-json\/wp\/v2\/categories?post=12576"},{"taxonomy":"post_tag","embeddable":true,"href":"https:\/\/vccf.org\/de\/wp-json\/wp\/v2\/tags?post=12576"}],"curies":[{"name":"wp","href":"https:\/\/api.w.org\/{rel}","templated":true}]}}