{"id":1460,"date":"2017-03-24T07:47:12","date_gmt":"2017-03-24T14:47:12","guid":{"rendered":"https:\/\/vccf.org\/?p=1460"},"modified":"2025-01-29T07:48:47","modified_gmt":"2025-01-29T07:48:47","slug":"bechtel-among-top-50-women-in-business","status":"publish","type":"post","link":"https:\/\/vccf.org\/de\/bechtel-among-top-50-women-in-business\/","title":{"rendered":"Bechtel zu den Top 50 Frauen in der Wirtschaft ernannt"},"content":{"rendered":"<p class=\"posttitle\"><!--more--><\/p>\n<p class=\"posttitle\"><em>(Lesen Sie die ganze Geschichte unten oder auf der <a href=\"https:\/\/www.pacbiztimes.com\/2017\/03\/24\/this-years-top-50-women-in-business-announced\/\" target=\"_blank\" rel=\"noopener\">Website der Pacific Coast Business Times<\/a>)<\/em><\/p>\n<h2 class=\"posttitle\">Bekanntgabe der diesj\u00e4hrigen Top 50 Women in Business<\/h2>\n<p class=\"metaStuff\">Unter <a class=\"author url fn\" title=\"Beitr\u00e4ge von Staff Report\" href=\"https:\/\/www.pacbiztimes.com\/author\/staff-report\/\" rel=\"author noopener\" target=\"_blank\">Personalbericht<\/a> \/ Freitag, 24. M\u00e4rz 2017 \/ <a class=\"commentsLink\" href=\"https:\/\/www.pacbiztimes.com\/2017\/03\/24\/this-years-top-50-women-in-business-announced\/#respond\" target=\"_blank\" rel=\"noopener\">Keine Kommentare<\/a><\/p>\n<div id=\"entryContainer\">\n<div class=\"entry\">\n<p><img loading=\"lazy\" decoding=\"async\" class=\"size-medium wp-image-32249 lazyloaded alignleft\" src=\"https:\/\/www.pacbiztimes.com\/wp-content\/uploads\/2017\/03\/Screen-Shot-2017-03-23-at-4.20.19-PM-218x300.png\" sizes=\"auto, (max-width: 218px) 100vw, 218px\" srcset=\"https:\/\/www.pacbiztimes.com\/wp-content\/uploads\/2017\/03\/Screen-Shot-2017-03-23-at-4.20.19-PM-218x300.png 218w, https:\/\/www.pacbiztimes.com\/wp-content\/uploads\/2017\/03\/Screen-Shot-2017-03-23-at-4.20.19-PM.png 620w\" alt=\"\" width=\"218\" height=\"300\" data-attachment-id=\"32249\" data-permalink=\"https:\/\/www.pacbiztimes.com\/2017\/03\/24\/this-years-top-50-women-in-business-announced\/screen-shot-2017-03-23-at-4-20-19-pm\/\" data-orig-file=\"https:\/\/www.pacbiztimes.com\/wp-content\/uploads\/2017\/03\/Screen-Shot-2017-03-23-at-4.20.19-PM.png\" data-orig-size=\"620,855\" data-comments-opened=\"1\" data-image-meta=\"{&quot;aperture&quot;:&quot;0&quot;,&quot;credit&quot;:&quot;&quot;,&quot;camera&quot;:&quot;&quot;,&quot;caption&quot;:&quot;&quot;,&quot;created_timestamp&quot;:&quot;0&quot;,&quot;copyright&quot;:&quot;&quot;,&quot;focal_length&quot;:&quot;0&quot;,&quot;iso&quot;:&quot;0&quot;,&quot;shutter_speed&quot;:&quot;0&quot;,&quot;title&quot;:&quot;&quot;,&quot;orientation&quot;:&quot;0&quot;}\" data-image-title=\"Screen Shot 2017-03-23 at 4.20.19 PM\" data-image-description=\"\" data-medium-file=\"https:\/\/www.pacbiztimes.com\/wp-content\/uploads\/2017\/03\/Screen-Shot-2017-03-23-at-4.20.19-PM-218x300.png\" data-large-file=\"https:\/\/www.pacbiztimes.com\/wp-content\/uploads\/2017\/03\/Screen-Shot-2017-03-23-at-4.20.19-PM.png\" data-lazy-src=\"https:\/\/www.pacbiztimes.com\/wp-content\/uploads\/2017\/03\/Screen-Shot-2017-03-23-at-4.20.19-PM-218x300.png\" data-lazy-srcset=\"https:\/\/www.pacbiztimes.com\/wp-content\/uploads\/2017\/03\/Screen-Shot-2017-03-23-at-4.20.19-PM-218x300.png 218w, https:\/\/www.pacbiztimes.com\/wp-content\/uploads\/2017\/03\/Screen-Shot-2017-03-23-at-4.20.19-PM.png 620w\" data-lazy-sizes=\"(max-width: 218px) 100vw, 218px\" \/><\/p>\n<p>&nbsp;<\/p>\n<p>&nbsp;<\/p>\n<p>Die Business Times freut sich, die diesj\u00e4hrigen Top 50 Women in Business bekannt zu geben. Dieser j\u00e4hrliche Sonderbericht, der nun schon im 12. Jahr erscheint, lag der Printausgabe der Business Times vom 25. M\u00e4rz bei. Am Donnerstag, den 13. April, findet in der Deckers Rotunda in Goleta ein abendlicher Empfang zur Preisverleihung statt, die bereits im 11. Jahr stattfindet. <a href=\"https:\/\/www.eventbrite.com\/e\/top-women-in-business-tickets-29795247387\" target=\"_blank\" rel=\"noopener\">Klicken Sie hier, um Tickets zu kaufen<\/a>.<\/p>\n<p>Der diesj\u00e4hrige Empfang zur Verleihung der \"Top 50 Women in Business\" wird von unserer Hauptrednerin Erika Beck, der Pr\u00e4sidentin der CSU Channel Islands, moderiert. Ihr Profil wurde auch im Sonderbericht \"Top 50 Women in Business\" zusammen mit den sechs Editor's Choice-Preistr\u00e4gern vorgestellt.<\/p>\n<p>Hier sind die Top 50 Women in Business der Pacific Coast Business Times 2017:<\/p>\n<\/div>\n<\/div>\n<p>&nbsp;<\/p>\n<p>&nbsp;<\/p>\n<div id=\"entryContainer\">\n<div class=\"entry\">\n<p>-<\/p>\n<p><strong>TECHNOLOGIE UND INNOVATION<\/strong><br \/>\n<strong>- Wahl des Herausgebers:<\/strong> Sharon Donohoe, Turbine Technology Partners<br \/>\n<strong>- Die Geehrten: <\/strong>Ali Bauerlein, Ida Kane, Kara Bellamy, Judy Mahan, Kirsten McLaughlin, Sherylle Mills Englander<\/p>\n<p>-<\/p>\n<p><strong>INDUSTRIE, GL\u00dcCKSSPIEL UND UNTERNEHMENSDIENSTLEISTUNGEN<\/strong><br \/>\n<strong>- Wahl des Herausgebers:<\/strong> Maria Ventura, S\u00fcdkalifornisches Gasunternehmen<br \/>\n<strong>- Die Geehrten:<\/strong> Kristin Decas, Nan Drake, Karen Earp, Amy Fonzo, Holly Gagnon, Rose Marcario, Trish Miller, Susan Rodriguez, Denise Sutton,<\/p>\n<p>-<\/p>\n<p><strong>GEMEINN\u00dcTZIGE ORGANISATIONEN &amp; GESUNDHEITSPFLEGE<\/strong><br \/>\n<strong>- Wahl des Herausgebers:<\/strong> Mary Maranville, Studenten f\u00fcr Umwelterziehung und Landwirtschaft<br \/>\n<strong>- Die Geehrten:<\/strong> Erin Antrim, Bonnie Atmore, Vanessa Bechtel, Kimberly Coley, Kristin Flynn, Heidi McPherson, Jenna Tosh<\/p>\n<p>-<\/p>\n<p><strong>PROFESSIONELLE DIENSTLEISTUNGEN<\/strong><br \/>\n<strong>- Wahl des Herausgebers:<\/strong> Amy Steinfeld, Brownstein Hyatt Farber Schreck<br \/>\n-<strong> Die Geehrten:<\/strong> Danielle Brinkman, Jill Friedman, Karen Gabler, Jennifer Gillon Duffy, Susan McCarthy, Leila No\u00ebl, Robin Paule, Eileen Sheridan<\/p>\n<p>-<\/p>\n<p><strong>BANKWESEN UND FINANZEN<\/strong><br \/>\n<strong>- Wahl des Herausgebers:<\/strong> Janet Silveria, Gemeinschaftsbank von Santa Maria<br \/>\n<strong>- Die Geehrten:<\/strong> Lorraine Crawford, Joanne Funari, Janet Garufis, Heather Hoffman, Geri LaChance, Simone Lagomarsino, Lynda Nahra, Amanda Thomas<\/p>\n<p>-<\/p>\n<p><strong>IMMOBILIEN UND BAUWESEN<\/strong><br \/>\n<strong>- Editor's Pick:<\/strong> Herbst Glaeser, Stantec<br \/>\n<strong>- Die Geehrten:<\/strong> Clarice Clarke, Renee Grubb, Linda Hagelis, Sarah McCarthy, Christie Rice, Laurie Tamura<\/p>\n<p>-<\/p>\n<p><strong>HAUPTREDNER:<\/strong> Erika Beck, Pr\u00e4sidentin, CSU Channel Islands<\/p>\n<p><strong><em>F\u00fcr eine Kopie des Abschnitts<\/em><\/strong><em> mit Profilen und Fotos aller Gewinner finden Sie in der Printausgabe der Business Times vom 25. bis 31. M\u00e4rz, die Abonnenten der Wochenausgabe beiliegt. <a href=\"http:\/\/www.pacbiztimes.com\/newsstand-locations\/\" target=\"_blank\" rel=\"noopener\">Kioskstandorte finden Sie hier<\/a>oder rufen Sie unter (805) 560-6950 an, um Exemplare zu abonnieren oder zu bestellen.<\/em><\/p>\n<p><strong><em>Zum Kauf von Eintrittskarten<\/em><\/strong><em> zum Empfang der Top Women in Business Awards, der am Donnerstag, den 13. April von 17:30 bis 19:30 Uhr in der Deckers Outdoor Rotunda in Goleta stattfindet, <a href=\"https:\/\/www.eventbrite.com\/e\/top-women-in-business-tickets-29795247387\" target=\"_blank\" rel=\"noopener\">hier klicken<\/a>.<\/em><\/p>\n<\/div>\n<\/div>","protected":false},"excerpt":{"rendered":"","protected":false},"author":3,"featured_media":1461,"comment_status":"closed","ping_status":"closed","sticky":false,"template":"","format":"standard","meta":{"_acf_changed":false,"give_campaign_id":0,"footnotes":""},"categories":[22],"tags":[],"class_list":["post-1460","post","type-post","status-publish","format-standard","has-post-thumbnail","hentry","category-latest-coverage"],"acf":[],"_links":{"self":[{"href":"https:\/\/vccf.org\/de\/wp-json\/wp\/v2\/posts\/1460","targetHints":{"allow":["GET"]}}],"collection":[{"href":"https:\/\/vccf.org\/de\/wp-json\/wp\/v2\/posts"}],"about":[{"href":"https:\/\/vccf.org\/de\/wp-json\/wp\/v2\/types\/post"}],"author":[{"embeddable":true,"href":"https:\/\/vccf.org\/de\/wp-json\/wp\/v2\/users\/3"}],"replies":[{"embeddable":true,"href":"https:\/\/vccf.org\/de\/wp-json\/wp\/v2\/comments?post=1460"}],"version-history":[{"count":0,"href":"https:\/\/vccf.org\/de\/wp-json\/wp\/v2\/posts\/1460\/revisions"}],"wp:featuredmedia":[{"embeddable":true,"href":"https:\/\/vccf.org\/de\/wp-json\/wp\/v2\/media\/1461"}],"wp:attachment":[{"href":"https:\/\/vccf.org\/de\/wp-json\/wp\/v2\/media?parent=1460"}],"wp:term":[{"taxonomy":"category","embeddable":true,"href":"https:\/\/vccf.org\/de\/wp-json\/wp\/v2\/categories?post=1460"},{"taxonomy":"post_tag","embeddable":true,"href":"https:\/\/vccf.org\/de\/wp-json\/wp\/v2\/tags?post=1460"}],"curies":[{"name":"wp","href":"https:\/\/api.w.org\/{rel}","templated":true}]}}