{"id":15727,"date":"2022-05-31T15:25:06","date_gmt":"2022-05-31T22:25:06","guid":{"rendered":"https:\/\/vccf.org\/?p=15727"},"modified":"2025-03-03T03:53:36","modified_gmt":"2025-03-03T11:53:36","slug":"power-of-purpose-may-31-2022","status":"publish","type":"post","link":"https:\/\/vccf.org\/de\/power-of-purpose-may-31-2022\/","title":{"rendered":"Macht der Bestimmung - 31. Mai 2022"},"content":{"rendered":"<p><img loading=\"lazy\" decoding=\"async\" class=\"wp-image-14303 size-full aligncenter\" src=\"https:\/\/vccf.org\/wp-content\/uploads\/2021\/12\/0ea2f070-926c-4b9e-fc28-bf93f02f9fe2.png\" alt=\"\" width=\"600\" height=\"301\" srcset=\"https:\/\/vccf.org\/wp-content\/uploads\/2021\/12\/0ea2f070-926c-4b9e-fc28-bf93f02f9fe2.png 600w, https:\/\/vccf.org\/wp-content\/uploads\/2021\/12\/0ea2f070-926c-4b9e-fc28-bf93f02f9fe2-300x151.png 300w, https:\/\/vccf.org\/wp-content\/uploads\/2021\/12\/0ea2f070-926c-4b9e-fc28-bf93f02f9fe2-18x9.png 18w\" sizes=\"auto, (max-width: 600px) 100vw, 600px\" \/><\/p>\n<div>\n<p><em>Liebe Ventura County Community Foundation Familie,<\/em><\/p>\n<p><em>Wie jeder von Ihnen sind auch wir von der verheerenden Nachricht der Schie\u00dferei in Uvalde ersch\u00fcttert, die sich an die Schie\u00dfereien in Buffalo, Orange County und Hunderte anderer F\u00e4lle von Massenwaffengewalt in unserem Land allein in diesem Jahr anschlie\u00dft. Viele von Ihnen haben sich an uns gewandt, um zu erfahren, wie Sie den von den j\u00fcngsten Trag\u00f6dien Betroffenen am besten helfen k\u00f6nnen. Die unten aufgef\u00fchrten gemeinn\u00fctzigen Organisationen sind Partner, die wir kennen und denen wir vertrauen, und sie arbeiten unerm\u00fcdlich daran, zu helfen. Wenn Sie Interesse haben, k\u00f6nnen wir Sie jederzeit gerne kontaktieren.<\/em><\/p>\n<\/div>\n<ul>\n<li><em>Die San Antonio Area Foundation und die Community Foundation of the Texas Hill Country haben sich zusammengeschlossen, um die\u00a0<a href=\"https:\/\/saafdn.fcsuite.com\/erp\/donate\/\" target=\"_blank\" rel=\"noopener\">Uvalde Strong Fund und der Uvalde Strong Survivors Fund<\/a>\u00a0zur Unterst\u00fctzung der betroffenen Familien und der gemeinn\u00fctzigen Organisationen, die der Gemeinschaft sofortige und langfristige Hilfe leisten.<\/em><\/li>\n<li><em>Die Community Foundation for Greater Buffalo hat die\u00a0<a href=\"https:\/\/www.buffalotogetherfund.org\/\" target=\"_blank\" rel=\"noopener\">Buffalo Together Community Response Fund.<\/a><\/em><\/li>\n<li><em>Der Council on Foundations hat eine Seite mit Ressourcen zu folgenden Themen eingerichtet\u00a0<a href=\"https:\/\/www.cof.org\/news\/philanthropys-response-gun-violence-and-mass-shootings\" target=\"_blank\" rel=\"noopener\">die Reaktion der Philanthropie auf Waffengewalt und Massenerschie\u00dfungen.<\/a><\/em><\/li>\n<\/ul>\n<div>\n<p><em>Wenn wir Ihnen weiterhelfen k\u00f6nnen, z\u00f6gern Sie bitte nicht, uns zu kontaktieren. Wir sind f\u00fcr Sie da.<\/em><\/p>\n<p><em>Mit freundlichen Gr\u00fc\u00dfen,<\/em><br \/>\n<em>Jeffrey<\/em><br \/>\n<em>Jeffrey Lambert, Betriebsleiter des VCCF<\/em><\/p>\n<\/div>\n<p>Liebe Ventura County Community Foundation Familie,<\/p>\n<p>Heute Morgen, als ich das Album h\u00f6rte\u00a0<em>Tee f\u00fcr den Tillerman<\/em>\u00a0von Cat Stevens, habe ich an Sie gedacht. K\u00fcrzlich erfuhr ich, dass Stevens sein Album 1970 schrieb, nachdem er sich im jungen Alter von 22 Jahren von einer Tuberkuloseerkrankung erholt hatte. Diese Tatsache kam gerade zur rechten Zeit, da ich selbst vor kurzem mit einem schweren Fall von Covid-19 zu k\u00e4mpfen hatte. Ich muss sagen, dass ich in Stevens' Musik w\u00e4hrend meines Genesungsprozesses so viel Frieden gefunden habe, und w\u00e4hrend wir uns erheben\u00a0<strong>Monat des Bewusstseins f\u00fcr psychische Gesundheit<\/strong>ermutige ich uns alle zu\u00a0<strong>die heilende Kraft der K\u00fcnste feiern<\/strong>.<\/p>\n<p><strong>Angelina\u00a0<\/strong><strong>Lea\u00f1os<\/strong><strong>Lokaler Jugenddichterpreistr\u00e4ger<\/strong>hat diese starke Beziehung zwischen unserem emotionalen Wohlbefinden und der Kunst in\u00a0<strong>ihr exquisites Gedicht \"<em>Kunst, Mi Amor<\/em>.&#8221;<\/strong>\u00a0Die Lekt\u00fcre von Lea\u00f1os' bewegendem Beitrag erinnert mich daran, dass wir einen solchen Reichtum an\u00a0<strong><em>.<\/em><\/strong> Talente in unserer Gemeinschaft. Zweifelsohne,\u00a0<strong>Ventura County ist landesweit f\u00fchrend in Sachen Kreativit\u00e4t<\/strong>und wurde k\u00fcrzlich zu einem der\u00a0<a href=\"https:\/\/culturaldata.org\/media\/2152\/arts-vibrancy-index-report-vi_smu-dataarts_sept2020.pdf\" target=\"_blank\" rel=\"noopener\">Top 10 der kulturell lebhaftesten mittelgro\u00dfen Gemeinden in den USA.<\/a><\/p>\n<p>Bitte helfen Sie mit, die vielen M\u00f6glichkeiten, die Kunst in unserer Gemeinde zu genie\u00dfen, bekannt zu machen, z. B. durch Live-Auftritte in\u00a0<a href=\"https:\/\/www.teatrotheater.com\/\" target=\"_blank\" rel=\"noopener\">Teatro\u00a0<\/a>im Stadtzentrum von Oxnard; spielt im\u00a0<a href=\"https:\/\/www.rubicontheatre.org\/\" target=\"_blank\" rel=\"noopener\">Theatergruppe Rubikon<\/a>; Live-Musik im\u00a0<a href=\"https:\/\/bapacthousandoaks.com\/\" target=\"_blank\" rel=\"noopener\">Thousand Oaks Civic Arts Plaza Kinos<\/a>\u00a0und die\u00a0<a href=\"https:\/\/www.oxnardperformingarts.com\/\" target=\"_blank\" rel=\"noopener\">Oxnard Performing Arts Center<\/a>\u00fcberzeugende Exponate bei\u00a0<a href=\"https:\/\/studiochannelislands.org\/\" target=\"_blank\" rel=\"noopener\">Studio Kanalinseln<\/a>die\u00a0<a href=\"https:\/\/venturamuseum.org\/\" target=\"_blank\" rel=\"noopener\">Museum von Ventura County<\/a>und\u00a0<a href=\"https:\/\/www.santapaulaartmuseum.org\/\" target=\"_blank\" rel=\"noopener\">Kunstmuseum Santa Paula<\/a>; und mehr! Die meisten dieser gesch\u00e4tzten gemeinn\u00fctzigen Organisationen sponsern Gemeindetage und bieten M\u00f6glichkeiten zur Teilnahme unabh\u00e4ngig von den finanziellen M\u00f6glichkeiten.<\/p>\n<p>Abschlie\u00dfend m\u00f6chte ich Folgendes w\u00fcrdigen\u00a0<strong>Das Aufsichtsgremium des Bezirks Ventura f\u00fcr die k\u00fcrzlich erfolgte Genehmigung eines neuen Kunst- und Kulturmanagers<\/strong>. In dieser spannenden F\u00fchrungsposition geht es darum, unseren lokalen Kunstorganisationen zu helfen, zu gedeihen und Kontakte zu staatlichen Finanzierungsm\u00f6glichkeiten zu kn\u00fcpfen. Wir glauben, dass diese Position f\u00fcr die Gesundheit und Lebendigkeit unserer Gemeinschaft nicht wichtiger sein k\u00f6nnte.<\/p>\n<p>Herzliche Gr\u00fc\u00dfe an Sie,<br \/>\nVanessa<br \/>\n<em>Vanessa Bechtel, VCCF Pr\u00e4sidentin und CEO<\/em><\/p>\n<h2 class=\"null\" style=\"text-align: center;\"><strong>&#8220;<em>Kunst, Mi Amor<\/em>\" von Angelina Lea\u00f1os\u00a0<\/strong><\/h2>\n<p><\/p>\n<p>Siehe\u00a0<strong>2020-2021 Ventura County Youth Poet Laureate Angelina las ihr kraftvolles Gedicht \"<em>Kunst, Mi Amor,<\/em>&#8220;<\/strong>\u00a0ein bewegendes St\u00fcck \u00fcber die Bedeutung der K\u00fcnste in unserer Welt und in unserem Leben.<\/p>\n<p>Angelina ist Studentin an der California Lutheran University. In der High School gewann sie den\u00a0<strong>Laute Poesie<\/strong>\u00a0Sie nahm an Wettbewerben auf Schul- und Bezirksebene teil und ist seitdem als Rezitationscoach f\u00fcr Ventura County t\u00e4tig. Sie ist eine\u00a0<strong>Vorstandsmitglied des Ventura County Arts Council<\/strong>\u00a0und ist auch der\u00a0<strong>j\u00fcngster Dichter in der Geschichte der California Poets in the Schools<\/strong>\u00a0in ihrem Verwaltungsrat.<\/p>\n<h2 style=\"text-align: center;\"><strong>Mai ist der Monat der psychischen Gesundheit<\/strong><\/h2>\n<p><\/p>\n<p style=\"text-align: center;\"><img loading=\"lazy\" decoding=\"async\" class=\"wp-image-15728 size-medium alignnone\" src=\"https:\/\/vccf.org\/wp-content\/uploads\/2022\/06\/4-6-300x300.png\" alt=\"\" width=\"300\" height=\"300\" srcset=\"https:\/\/vccf.org\/wp-content\/uploads\/2022\/06\/4-6-300x300.png 300w, https:\/\/vccf.org\/wp-content\/uploads\/2022\/06\/4-6-1024x1024.png 1024w, https:\/\/vccf.org\/wp-content\/uploads\/2022\/06\/4-6-150x150.png 150w, https:\/\/vccf.org\/wp-content\/uploads\/2022\/06\/4-6-768x768.png 768w, https:\/\/vccf.org\/wp-content\/uploads\/2022\/06\/4-6-12x12.png 12w, https:\/\/vccf.org\/wp-content\/uploads\/2022\/06\/4-6.png 1080w\" sizes=\"auto, (max-width: 300px) 100vw, 300px\" \/><img loading=\"lazy\" decoding=\"async\" class=\"wp-image-15729 size-medium alignnone\" src=\"https:\/\/vccf.org\/wp-content\/uploads\/2022\/06\/2-12-300x300.png\" alt=\"\" width=\"300\" height=\"300\" srcset=\"https:\/\/vccf.org\/wp-content\/uploads\/2022\/06\/2-12-300x300.png 300w, https:\/\/vccf.org\/wp-content\/uploads\/2022\/06\/2-12-1024x1024.png 1024w, https:\/\/vccf.org\/wp-content\/uploads\/2022\/06\/2-12-150x150.png 150w, https:\/\/vccf.org\/wp-content\/uploads\/2022\/06\/2-12-768x768.png 768w, https:\/\/vccf.org\/wp-content\/uploads\/2022\/06\/2-12-12x12.png 12w, https:\/\/vccf.org\/wp-content\/uploads\/2022\/06\/2-12.png 1080w\" sizes=\"auto, (max-width: 300px) 100vw, 300px\" \/><\/p>\n<p>Zum Abschluss des Monats Mai m\u00f6chten wir den Nationalen Monat des Bewusstseins f\u00fcr psychische Gesundheit feiern. Millionen von Amerikanern leben mit psychischen Erkrankungen. Ziel dieses Monats ist es, das Stigma des Gespr\u00e4chs \u00fcber psychische Gesundheit zu bek\u00e4mpfen, Menschen mit psychischen Erkrankungen zu unterst\u00fctzen, die \u00d6ffentlichkeit aufzukl\u00e4ren und sich f\u00fcr eine Politik einzusetzen, die Menschen mit psychischen Erkrankungen unterst\u00fctzt.<\/p>\n<p>Die Notwendigkeit dieser Ver\u00e4nderungen wurde in den letzten zwei Jahren w\u00e4hrend der Pandemie noch deutlicher. Im Jahr 2021 betreute Interface mehr als 12.000 Einwohner von Ventura County, die eine psychische Gesundheits- oder Traumabehandlung ben\u00f6tigten. Aus diesem Grund unterst\u00fctzt die VCCF die Programme f\u00fcr psychische Gesundheit und Traumabehandlung von Interface Children &amp; Family Services.Erfahren Sie mehr<\/p>\n<h2 style=\"text-align: center;\"><strong>VCCF-Stipendien - $1,4 Millionen<br \/>\nAusgezeichnet in dieser Saison!<\/strong><\/h2>\n<p><\/p>\n<p style=\"text-align: center;\"><img loading=\"lazy\" decoding=\"async\" class=\"alignnone wp-image-15730\" src=\"https:\/\/vccf.org\/wp-content\/uploads\/2022\/06\/scholarships-2022-congratulations.png\" alt=\"\" width=\"600\" height=\"372\" srcset=\"https:\/\/vccf.org\/wp-content\/uploads\/2022\/06\/scholarships-2022-congratulations.png 1100w, https:\/\/vccf.org\/wp-content\/uploads\/2022\/06\/scholarships-2022-congratulations-300x186.png 300w, https:\/\/vccf.org\/wp-content\/uploads\/2022\/06\/scholarships-2022-congratulations-1024x635.png 1024w, https:\/\/vccf.org\/wp-content\/uploads\/2022\/06\/scholarships-2022-congratulations-768x476.png 768w, https:\/\/vccf.org\/wp-content\/uploads\/2022\/06\/scholarships-2022-congratulations-18x12.png 18w\" sizes=\"auto, (max-width: 600px) 100vw, 600px\" \/><\/p>\n<p>Die VCCF ist stolz darauf, ihre Stipendien f\u00fcr das Jahr 2022 an Hunderte von begabten und verdienstvollen Sch\u00fclern im ganzen Land zu vergeben! Dieses Jahr,\u00a0<strong>\u00fcber $1.417.700 an Stipendien<\/strong>\u00a0werden verschickt an\u00a0<strong>318 einzelne Studenten<\/strong>mit einer Gesamtzahl von\u00a0<strong>461 Stipendienvergaben in diesem Jahr<\/strong>. Herzlichen Gl\u00fcckwunsch an all die brillanten, talentierten und flei\u00dfigen Studenten, die inmitten einer Pandemie ihre Ausbildung fortsetzen.<\/p>\n<p>Die diesj\u00e4hrigen Preise sind eine unglaubliche Entwicklung von $1,05 Millionen f\u00fcr 227 Studierende im Jahr 2019, und die Spenden sind seitdem nur noch gestiegen\u00a0<strong>dank der lebensver\u00e4ndernden Gro\u00dfz\u00fcgigkeit der Stipendienspender des VCCF<\/strong>\u00a0die sich weiterhin f\u00fcr die Zukunft von Ventura County einsetzen.<\/p>\n<p>W\u00e4hrend die Studenten ihre Semester abschlie\u00dfen und in die Sommerferien gehen, ist die\u00a0<strong>VCCF-Stipendien-Team<\/strong>,\u00a0<strong>Stipendienleiterin Dr. Cristina Miranda und Stipendienassistentin Malena McKaba<\/strong>haben unerm\u00fcdlich daran gearbeitet, diese Saison abzuschlie\u00dfen und die diesj\u00e4hrigen Stipendien zu verschicken. Wir danken euch beiden f\u00fcr eure harte Arbeit!<\/p>\n<p>Und ein letztes\u00a0<strong>Dank an den VCCF-Stipendienausschuss<\/strong>. Diese Freiwilligen haben es der VCCF und unseren Spendern erm\u00f6glicht, Stipendien in H\u00f6he von fast $1,4 Millionen an unsere lokalen Studenten zu vergeben. Wir sind Ihnen allen sehr dankbar und w\u00e4ren ohne Sie nicht in der Lage, dies zu erreichen!<\/p>\n<h2 style=\"text-align: center;\"><strong>Treffen Sie Laura Brooks<\/strong><\/h2>\n<p><img loading=\"lazy\" decoding=\"async\" class=\"aligncenter wp-image-22644 size-full\" src=\"https:\/\/vccf.org\/wp-content\/uploads\/2022\/05\/laura-brooks-header-scaled-2.jpg\" alt=\"\" width=\"1920\" height=\"1280\" srcset=\"https:\/\/vccf.org\/wp-content\/uploads\/2022\/05\/laura-brooks-header-scaled-2.jpg 1920w, https:\/\/vccf.org\/wp-content\/uploads\/2022\/05\/laura-brooks-header-scaled-2-300x200.jpg 300w, https:\/\/vccf.org\/wp-content\/uploads\/2022\/05\/laura-brooks-header-scaled-2-1024x683.jpg 1024w, https:\/\/vccf.org\/wp-content\/uploads\/2022\/05\/laura-brooks-header-scaled-2-768x512.jpg 768w, https:\/\/vccf.org\/wp-content\/uploads\/2022\/05\/laura-brooks-header-scaled-2-1536x1024.jpg 1536w, https:\/\/vccf.org\/wp-content\/uploads\/2022\/05\/laura-brooks-header-scaled-2-18x12.jpg 18w\" sizes=\"auto, (max-width: 1920px) 100vw, 1920px\" \/>VCCF hatte die Gelegenheit, mit folgenden Personen zu sprechen\u00a0<strong>unsere Spender-Kundin Laura Brooks<\/strong><strong>\u00a0<\/strong>und erfahren Sie mehr \u00fcber ihre Leidenschaft f\u00fcr das VCCF-Stipendienprogramm, ihre ehrenamtliche T\u00e4tigkeit als Leiterin des Stipendienausschusses und das Gedenkstipendium f\u00fcr ihren Sohn. Klicken Sie auf die Schaltfl\u00e4che unten, um ihr Interview zu lesen.Read More<\/p>\n<h2 style=\"text-align: center;\" data-uw-styling-context=\"true\"><strong>VCCF COO zum AICP Fellow ernannt<\/strong><\/h2>\n<p><img loading=\"lazy\" decoding=\"async\" class=\"wp-image-14824 aligncenter\" src=\"https:\/\/vccf.org\/wp-content\/uploads\/2022\/02\/jeff-screenshot.png\" alt=\"\" width=\"600\" height=\"312\" srcset=\"https:\/\/vccf.org\/wp-content\/uploads\/2022\/02\/jeff-screenshot.png 1062w, https:\/\/vccf.org\/wp-content\/uploads\/2022\/02\/jeff-screenshot-300x156.png 300w, https:\/\/vccf.org\/wp-content\/uploads\/2022\/02\/jeff-screenshot-1024x533.png 1024w, https:\/\/vccf.org\/wp-content\/uploads\/2022\/02\/jeff-screenshot-768x400.png 768w, https:\/\/vccf.org\/wp-content\/uploads\/2022\/02\/jeff-screenshot-18x9.png 18w\" sizes=\"auto, (max-width: 600px) 100vw, 600px\" \/><\/p>\n<p>Wir m\u00f6chten Folgendes begl\u00fcckw\u00fcnschen\u00a0<strong>VCCF-Gesch\u00e4ftsf\u00fchrer Jeffrey Lambert<\/strong>\u00a0f\u00fcr die Ernennung zum\u00a0<strong>das angesehene American Institute of Certified Planners (AICP) College of Fellows<\/strong>\u00a0f\u00fcr seine\u00a0<strong>herausragende Leistungen in der Stadtplanung<\/strong>. Jeff und der Rest der 2022 Class of Fellows wurden Anfang des Monats auf der Nationalen Planungskonferenz in San Diego geehrt und erhielten diese Auszeichnung. Das AICP College of Fellows ist die\u00a0<strong>h\u00f6chste Auszeichnung in der Planungsbranche<\/strong>. Die Fellows werden von ihren Kollegen nominiert, um ihre bedeutenden Beitr\u00e4ge als professionelle Planer zu w\u00fcrdigen, da ihre Bem\u00fchungen zu herausragenden und transformativen Verbesserungen in ihren Gemeinden gef\u00fchrt haben.\u00a0<strong>Herzlichen Gl\u00fcckwunsch, Jeff!<\/strong>Mehr lesen<\/p>\n<h2 class=\"null\" style=\"text-align: center;\" data-uw-styling-context=\"true\"><strong>Die Macht der Gemeinschaft<\/strong><\/h2>\n<h3 style=\"text-align: center;\">Gute Nachrichten aus IHRER Gemeinde in Ventura County<\/h3>\n<p><img loading=\"lazy\" decoding=\"async\" class=\"wp-image-14498 aligncenter\" src=\"https:\/\/vccf.org\/wp-content\/uploads\/2021\/12\/power-of-community.png\" alt=\"\" width=\"600\" height=\"228\" srcset=\"https:\/\/vccf.org\/wp-content\/uploads\/2021\/12\/power-of-community.png 820w, https:\/\/vccf.org\/wp-content\/uploads\/2021\/12\/power-of-community-300x114.png 300w, https:\/\/vccf.org\/wp-content\/uploads\/2021\/12\/power-of-community-768x292.png 768w, https:\/\/vccf.org\/wp-content\/uploads\/2021\/12\/power-of-community-18x7.png 18w\" sizes=\"auto, (max-width: 600px) 100vw, 600px\" \/><\/p>\n<h3 class=\"null\" style=\"text-align: center;\"><strong>Liga zur Rettung von Hunden durch Adoption<\/strong><br \/>\n<strong>CARL's Haustierpflegezentrum<\/strong><\/h3>\n<p style=\"text-align: center;\"><img loading=\"lazy\" decoding=\"async\" class=\"alignnone wp-image-22645 size-medium\" src=\"https:\/\/vccf.org\/wp-content\/uploads\/2022\/05\/img_4869-scaled-2-300x225.jpeg\" alt=\"\" width=\"300\" height=\"225\" srcset=\"https:\/\/vccf.org\/wp-content\/uploads\/2022\/05\/img_4869-scaled-2-300x225.jpeg 300w, https:\/\/vccf.org\/wp-content\/uploads\/2022\/05\/img_4869-scaled-2-1024x768.jpeg 1024w, https:\/\/vccf.org\/wp-content\/uploads\/2022\/05\/img_4869-scaled-2-768x576.jpeg 768w, https:\/\/vccf.org\/wp-content\/uploads\/2022\/05\/img_4869-scaled-2-1536x1152.jpeg 1536w, https:\/\/vccf.org\/wp-content\/uploads\/2022\/05\/img_4869-scaled-2-16x12.jpeg 16w, https:\/\/vccf.org\/wp-content\/uploads\/2022\/05\/img_4869-scaled-2.jpeg 1920w\" sizes=\"auto, (max-width: 300px) 100vw, 300px\" \/><img loading=\"lazy\" decoding=\"async\" class=\"wp-image-15500 alignnone\" src=\"https:\/\/vccf.org\/wp-content\/uploads\/2022\/05\/img_4865-dog.jpeg\" alt=\"\" width=\"300\" height=\"240\" srcset=\"https:\/\/vccf.org\/wp-content\/uploads\/2022\/05\/img_4865-dog.jpeg 1536w, https:\/\/vccf.org\/wp-content\/uploads\/2022\/05\/img_4865-dog-300x240.jpeg 300w, https:\/\/vccf.org\/wp-content\/uploads\/2022\/05\/img_4865-dog-1024x819.jpeg 1024w, https:\/\/vccf.org\/wp-content\/uploads\/2022\/05\/img_4865-dog-768x615.jpeg 768w, https:\/\/vccf.org\/wp-content\/uploads\/2022\/05\/img_4865-dog-15x12.jpeg 15w\" sizes=\"auto, (max-width: 300px) 100vw, 300px\" \/><\/p>\n<p style=\"text-align: center;\"><img loading=\"lazy\" decoding=\"async\" class=\"alignnone wp-image-22646 size-medium\" src=\"https:\/\/vccf.org\/wp-content\/uploads\/2022\/05\/img_4862-scaled-2-300x225.jpeg\" alt=\"\" width=\"300\" height=\"225\" srcset=\"https:\/\/vccf.org\/wp-content\/uploads\/2022\/05\/img_4862-scaled-2-300x225.jpeg 300w, https:\/\/vccf.org\/wp-content\/uploads\/2022\/05\/img_4862-scaled-2-1024x768.jpeg 1024w, https:\/\/vccf.org\/wp-content\/uploads\/2022\/05\/img_4862-scaled-2-768x576.jpeg 768w, https:\/\/vccf.org\/wp-content\/uploads\/2022\/05\/img_4862-scaled-2-1536x1152.jpeg 1536w, https:\/\/vccf.org\/wp-content\/uploads\/2022\/05\/img_4862-scaled-2-16x12.jpeg 16w, https:\/\/vccf.org\/wp-content\/uploads\/2022\/05\/img_4862-scaled-2.jpeg 1920w\" sizes=\"auto, (max-width: 300px) 100vw, 300px\" \/><img loading=\"lazy\" decoding=\"async\" class=\"alignnone wp-image-22647 size-medium\" src=\"https:\/\/vccf.org\/wp-content\/uploads\/2022\/05\/img_4861-scaled-2-300x225.jpeg\" alt=\"\" width=\"300\" height=\"225\" srcset=\"https:\/\/vccf.org\/wp-content\/uploads\/2022\/05\/img_4861-scaled-2-300x225.jpeg 300w, https:\/\/vccf.org\/wp-content\/uploads\/2022\/05\/img_4861-scaled-2-1024x768.jpeg 1024w, https:\/\/vccf.org\/wp-content\/uploads\/2022\/05\/img_4861-scaled-2-768x576.jpeg 768w, https:\/\/vccf.org\/wp-content\/uploads\/2022\/05\/img_4861-scaled-2-1536x1152.jpeg 1536w, https:\/\/vccf.org\/wp-content\/uploads\/2022\/05\/img_4861-scaled-2-16x12.jpeg 16w, https:\/\/vccf.org\/wp-content\/uploads\/2022\/05\/img_4861-scaled-2.jpeg 1920w\" sizes=\"auto, (max-width: 300px) 100vw, 300px\" \/><\/p>\n<p>Die Ventura County Community Foundation hatte k\u00fcrzlich die Gelegenheit, das CARL Pet Care Center in Santa Paula im Rahmen der Vor-Ort-Besuche der Stiftung f\u00fcr ihren Tierschutzfonds zu besuchen. Die Canine Adoption Rescue League, die das Zentrum leitet, ist eine gemeinn\u00fctzige Organisation zur Rettung und Adoption von Hunden aller Rassen ohne T\u00f6tungsabsicht. Ihre Aufgabe ist es, sich f\u00fcr den Tierschutz einzusetzen und das unn\u00f6tige Sterben von Begleittieren durch ihre Adoptions-, Aufkl\u00e4rungs- und Vermittlungsprogramme zu beenden. Seit 1996 hat CARL Tausende von ungewollten, kranken, ausgesetzten und heimatlosen Hunden gerettet und vermittelt.Lesen Sie mehr \u00fcber das Tierheim<\/p>\n<h2 style=\"text-align: center;\">Veranstaltungskalender<\/h2>\n<p><strong>Nonprofit Leadership Council - Streben nach Gerechtigkeit: Aufdeckung des Weges nach vorn mit dem Bericht \"Equitable Nonprofit Workplace<\/strong><br \/>\n<em>Mittwoch, 15. Juni, 9 bis 11:30 Uhr (Hybrid, Zoom und CLU's Oxnard Campus)<\/em><br \/>\nSeien Sie dabei, wenn Envision Consulting uns in den Equitable Nonprofit Workplace Report 2021 f\u00fcr S\u00fcdkalifornien eintauchen l\u00e4sst. Im Anschluss an die Pr\u00e4sentation werden das CNL und Envision gemeinsam als Gemeinschaft \u00fcber unseren gemeinsamen Weg nach vorne nachdenken. Dank der 415 Nonprofit-Mitarbeiter und 115 Nonprofit-Organisationen, die an den Umfragen teilgenommen haben, k\u00f6nnen wir Einblicke in folgende Themen geben: wie sich die gro\u00dfe Umstrukturierung auf unseren Sektor auswirkt; wie unser Sektor in Bezug auf die Indikatoren f\u00fcr Vielfalt, Gleichberechtigung und Einbeziehung abschneidet; und wie wir bei der Bereitstellung von Entwicklungs- und Aufstiegsm\u00f6glichkeiten f\u00fcr unsere Mitarbeiter abschneiden.<br \/>\nEs sind sowohl virtuelle als auch pers\u00f6nliche Eintrittskarten erh\u00e4ltlich. Wenn Sie pers\u00f6nlich teilnehmen m\u00f6chten, beachten Sie bitte, dass es nur eine begrenzte Anzahl an pers\u00f6nlichen Karten gibt. Pers\u00f6nliche Tickets werden in der Reihenfolge ihres Eingangs vergeben. Die Teilnahme ist kostenlos, aber Sie m\u00fcssen sich vorher anmelden.<br \/>\nWenn Sie pers\u00f6nlich teilnehmen m\u00f6chten, werden die T\u00fcren um 8:30 Uhr mit frischem Kaffee und Gemeinschaft ge\u00f6ffnet.\u00a0<a href=\"https:\/\/www.callutheran.edu\/centers\/nonprofit\/workshops\/event\/2022-06-15-nonprofit-leadership-council-aspiring-for-equity-uncovering-the-path-forward-with-the-equitable-nonprofit-workplace-report\" target=\"_blank\" rel=\"noopener\">Klicken Sie hier, um sich zu registrieren.<\/a><\/p>\n<p><strong>VCCF Virtual Donor Lunch &amp; Learn<\/strong><br \/>\n<em>Donnerstag, 16. Juni, 12 bis 13 Uhr (virtuell)<\/em><br \/>\nH\u00f6ren Sie von lokalen gemeinn\u00fctzigen Organisationen \u00fcber die unglaubliche Arbeit, die sie in Ihrer Gemeinde leisten, zusammen mit gleichgesinnten Gemeindemitgliedern und Spendern. Die Teilnahme an diesen Informationsgespr\u00e4chen ist kostenlos. Sie wurden zu Beginn von COVID-19 ins Leben gerufen, um die Bed\u00fcrfnisse der gemeinn\u00fctzigen Organisationen in Ventura County besser zu verstehen.<br \/>\nBitte kommen Sie am Donnerstag, den 28. April 2022, von 12 bis 13 Uhr zu einem Virtual Donor Lunch &amp; Learn\" der VCCF. Zu Gast ist auch Supervisor Linda Parks, die \u00fcber ein bevorstehendes Projekt in Ventura sowie \u00fcber die aktuelle Umweltinitiative der VCCF sprechen wird.\u00a0<a href=\"https:\/\/us02web.zoom.us\/meeting\/register\/tZUtd-uuqTguH9wvhC02guWTpuMZD4tcLJwi\" target=\"_blank\" rel=\"noopener\">Klicken Sie hier, um sich zu registrieren.<\/a><\/p>\n<p><strong>Feier zum Juneteenth Freedom Day<\/strong><br \/>\n<em>Samstag, 18. Juni von 10 bis 17 Uhr (Hybrid, Facebook und Plaza Park, Oxnard)<\/em><br \/>\nDie Juneteenth Celebration of Ventura County wird ihre 31. j\u00e4hrliche Veranstaltung am Samstag, den 18. Juni, im Downtown Plaza Park in Oxnard abhalten und live auf Facebook \u00fcbertragen.<br \/>\nMit dieser Veranstaltung wird die historische Proklamation der Freiheit von der Sklaverei in Texas im Jahr 1865 gefeiert. Vintage-Kleidung ist erw\u00fcnscht, und zur Feier dieses historischen Ereignisses wird die Veranstaltung mit dem\u00a0<a href=\"http:\/\/www.bsmcu.com\/\" target=\"_blank\" rel=\"noopener\">Berittene Kavallerie der B\u00fcffel-Soldaten<\/a>\u00a0Einheit anwesend, die den amerikanischen Soldaten jener Zeit vorstellt.<br \/>\nF\u00fcr weitere Informationen besuchen Sie\u00a0<a href=\"http:\/\/juneteenthoxnard.org\/\" target=\"_blank\" rel=\"noopener\">JuneteenthOxnard.org<\/a>.<\/p>","protected":false},"excerpt":{"rendered":"<p>Dear Ventura County Community Foundation Family, Like each of you, our hearts are heavy with the devastating news of the Uvalde shooting, in the wake of the Buffalo, Orange County,&hellip;<\/p>","protected":false},"author":3,"featured_media":15730,"comment_status":"closed","ping_status":"closed","sticky":false,"template":"","format":"standard","meta":{"_acf_changed":false,"give_campaign_id":0,"footnotes":""},"categories":[24],"tags":[],"class_list":["post-15727","post","type-post","status-publish","format-standard","has-post-thumbnail","hentry","category-newsletters"],"acf":[],"_links":{"self":[{"href":"https:\/\/vccf.org\/de\/wp-json\/wp\/v2\/posts\/15727","targetHints":{"allow":["GET"]}}],"collection":[{"href":"https:\/\/vccf.org\/de\/wp-json\/wp\/v2\/posts"}],"about":[{"href":"https:\/\/vccf.org\/de\/wp-json\/wp\/v2\/types\/post"}],"author":[{"embeddable":true,"href":"https:\/\/vccf.org\/de\/wp-json\/wp\/v2\/users\/3"}],"replies":[{"embeddable":true,"href":"https:\/\/vccf.org\/de\/wp-json\/wp\/v2\/comments?post=15727"}],"version-history":[{"count":0,"href":"https:\/\/vccf.org\/de\/wp-json\/wp\/v2\/posts\/15727\/revisions"}],"wp:featuredmedia":[{"embeddable":true,"href":"https:\/\/vccf.org\/de\/wp-json\/wp\/v2\/media\/15730"}],"wp:attachment":[{"href":"https:\/\/vccf.org\/de\/wp-json\/wp\/v2\/media?parent=15727"}],"wp:term":[{"taxonomy":"category","embeddable":true,"href":"https:\/\/vccf.org\/de\/wp-json\/wp\/v2\/categories?post=15727"},{"taxonomy":"post_tag","embeddable":true,"href":"https:\/\/vccf.org\/de\/wp-json\/wp\/v2\/tags?post=15727"}],"curies":[{"name":"wp","href":"https:\/\/api.w.org\/{rel}","templated":true}]}}