{"id":15770,"date":"2022-06-15T11:17:42","date_gmt":"2022-06-15T18:17:42","guid":{"rendered":"https:\/\/vccf.org\/?p=15770"},"modified":"2025-01-29T07:47:13","modified_gmt":"2025-01-29T07:47:13","slug":"citizen-of-the-year-elvia-hernandez","status":"publish","type":"post","link":"https:\/\/vccf.org\/de\/citizen-of-the-year-elvia-hernandez\/","title":{"rendered":"B\u00fcrgerin des Jahres Elvia Hernandez"},"content":{"rendered":"<p><\/p>\n<h3><em>Gefeiert f\u00fcr gemeinn\u00fctzige Arbeit<\/em><\/h3>\n<p>Elvia Hernandez wurde beim Abendessen der Handelskammer Santa Paula am 19. Mai f\u00fcr ihr Engagement hinter den Kulissen gefeiert.<\/p>\n<p>Hernandez wurde mit Beifall und Lob f\u00fcr ihre gute Arbeit im Namen der Gemeinde bedacht. Sie sorgt f\u00fcr das k\u00f6rperliche und geistige Wohlergehen der Einwohner, indem sie sie mit Sozialdiensten, COVID-19-Pr\u00e4vention\/Impfung, der Volksz\u00e4hlung und der Wohnungsvermittlung und -rechte in Verbindung bringt.<\/p>\n<p>Hernandez erhielt ihre Auszeichnung von ihrem langj\u00e4hrigen Freund Jose Melgar, der die Preisverleihung in seinem Palazzio Event Center ausrichtete.<\/p>\n<p>\"Ich habe das Privileg, Elvia seit 30 Jahren zu kennen\", sagte Melgar, als sie in der Jugendgruppe Our Lady of Guadalupe aktiv war.<\/p>\n<p>\"Sie hat mich in meinen traurigsten Momenten und in meinen stolzesten Momenten gl\u00fccklich gemacht; sie schenkt jedem Gemeindemitglied so viel Liebe\", sagte er.<\/p>\n<p>Vor zweiunddrei\u00dfig Jahren kam Hernandez mit ihrem Mann, ihren drei T\u00f6chtern, Eltern und Geschwistern aus Mexiko-Stadt in die Vereinigten Staaten.<\/p>\n<p>\"Sie ist Gott dankbar, dass er ihr die M\u00f6glichkeit gegeben hat, dieses Land zu ihrer Heimat zu machen\", sagte Melgar. Er f\u00fcgte hinzu, dass Hernandez in der Kirche Our Lady of Guadalupe in Santa Paula \"von ganzem Herzen und mit der Absicht, ihren Mitmenschen auf jede erdenkliche Weise zu helfen\", ehrenamtlich t\u00e4tig war.<\/p>\n<p>Hernandez wurde durch das Proyecto Esperanza in Zusammenarbeit mit dem Mental Health Department of Ventura County in Gruppen in der Stadt eingebunden. Sie nahm an vielen Veranstaltungen teil und half den Menschen in ihrer Gemeinde, wann immer sie konnte, je nach ihren Bed\u00fcrfnissen und vermittelte sie an die entsprechenden Stellen zur Unterst\u00fctzung.<\/p>\n<p>W\u00e4hrend der Pandemie arbeitete Hernandez mit verschiedenen Organisationen zusammen, um Lebensmittel, Masken und Windeln zu verteilen.<\/p>\n<p>Derzeit arbeitet sie mit dem Programm \"Wohnen ist der Schl\u00fcssel\" zusammen, das Familien unterst\u00fctzt, die Schwierigkeiten haben, ihre Miete zu zahlen, und half mehr als 2.000 Familien, online Unterst\u00fctzung zu beantragen.<\/p>\n<p>Dar\u00fcber hinaus hat das Proyecto Esperanza in Zusammenarbeit mit der Gesundheitsbeh\u00f6rde des Bezirks dazu beigetragen, dass die COVID-19-Impfung und die mobile Testklinik an Sonntagen durchgef\u00fchrt werden konnten.<\/p>\n<p>Dar\u00fcber hinaus koordiniert Hernandez den j\u00e4hrlichen Besuch von Santa Ni\u00f1o de Atocha, der Ikone, die Tausende von Gl\u00e4ubigen in die Kirche Unserer Lieben Frau von Guadalupe zieht.<\/p>\n<p>Sie hat ein Erntedankfestprogramm ins Leben gerufen und \"beaufsichtigt pers\u00f6nlich die Teams und K\u00f6che\", um Hunderte zu verk\u00f6stigen. Was auch immer sie in Angriff nimmt, \"sie ger\u00e4t nie in Stress\", sagte Melgar. \"Sie tr\u00e4gt viele H\u00fcte in der Kirche und niemand sagt nein zu Elvia... wir w\u00fcrden riskieren, in die H\u00f6lle zu kommen!\"<\/p>\n<p>\"Elvia ist eine meiner engsten Freundinnen, und ich liebe sie sehr\", f\u00fcgte Melgar hinzu.<\/p>\n<p>Hernandez, die von ihrer Familie und ihren Freunden umgeben war, dankte ihnen f\u00fcr ihre Unterst\u00fctzung und wies auf die Unterst\u00fctzung durch die Pfarrer der Gemeinde, Pater Thomas Gomez und ihren engen Freund Pater Charles Lueras von der Kirche Our Lady of Guadalupe hin, in der so viele Gottesdienste abgehalten wurden.<\/p>\n<p><em>Dieser Artikel wurde urspr\u00fcnglich ver\u00f6ffentlicht in der <a href=\"http:\/\/santapaulatimes.com\/\" target=\"_blank\" rel=\"noopener\">Santa Paula Zeiten<\/a>.<\/em><\/p>","protected":false},"excerpt":{"rendered":"<p>Elvia Hernandez wurde beim Abendessen der Handelskammer von Santa Paula am 19. Mai f\u00fcr ihr Engagement hinter den Kulissen geehrt. Hernandez erhielt Beifall und Lob f\u00fcr...<\/p>","protected":false},"author":3,"featured_media":15771,"comment_status":"closed","ping_status":"closed","sticky":false,"template":"","format":"standard","meta":{"_acf_changed":false,"give_campaign_id":0,"footnotes":""},"categories":[22],"tags":[],"class_list":["post-15770","post","type-post","status-publish","format-standard","has-post-thumbnail","hentry","category-latest-coverage"],"acf":[],"_links":{"self":[{"href":"https:\/\/vccf.org\/de\/wp-json\/wp\/v2\/posts\/15770","targetHints":{"allow":["GET"]}}],"collection":[{"href":"https:\/\/vccf.org\/de\/wp-json\/wp\/v2\/posts"}],"about":[{"href":"https:\/\/vccf.org\/de\/wp-json\/wp\/v2\/types\/post"}],"author":[{"embeddable":true,"href":"https:\/\/vccf.org\/de\/wp-json\/wp\/v2\/users\/3"}],"replies":[{"embeddable":true,"href":"https:\/\/vccf.org\/de\/wp-json\/wp\/v2\/comments?post=15770"}],"version-history":[{"count":0,"href":"https:\/\/vccf.org\/de\/wp-json\/wp\/v2\/posts\/15770\/revisions"}],"wp:featuredmedia":[{"embeddable":true,"href":"https:\/\/vccf.org\/de\/wp-json\/wp\/v2\/media\/15771"}],"wp:attachment":[{"href":"https:\/\/vccf.org\/de\/wp-json\/wp\/v2\/media?parent=15770"}],"wp:term":[{"taxonomy":"category","embeddable":true,"href":"https:\/\/vccf.org\/de\/wp-json\/wp\/v2\/categories?post=15770"},{"taxonomy":"post_tag","embeddable":true,"href":"https:\/\/vccf.org\/de\/wp-json\/wp\/v2\/tags?post=15770"}],"curies":[{"name":"wp","href":"https:\/\/api.w.org\/{rel}","templated":true}]}}