{"id":15862,"date":"2022-06-30T15:33:34","date_gmt":"2022-06-30T22:33:34","guid":{"rendered":"https:\/\/vccf.org\/?p=15862"},"modified":"2025-03-03T03:49:36","modified_gmt":"2025-03-03T11:49:36","slug":"power-of-purpose-june-30-2022","status":"publish","type":"post","link":"https:\/\/vccf.org\/de\/power-of-purpose-june-30-2022\/","title":{"rendered":"Kraft der Bestimmung - 30. Juni 2022"},"content":{"rendered":"<p><\/p>\n<p style=\"text-align: center;\"><img loading=\"lazy\" decoding=\"async\" class=\"aligncenter wp-image-14303 size-full\" src=\"https:\/\/vccf.org\/wp-content\/uploads\/2021\/12\/0ea2f070-926c-4b9e-fc28-bf93f02f9fe2.png\" alt=\"\" width=\"600\" height=\"301\" srcset=\"https:\/\/vccf.org\/wp-content\/uploads\/2021\/12\/0ea2f070-926c-4b9e-fc28-bf93f02f9fe2.png 600w, https:\/\/vccf.org\/wp-content\/uploads\/2021\/12\/0ea2f070-926c-4b9e-fc28-bf93f02f9fe2-300x151.png 300w, https:\/\/vccf.org\/wp-content\/uploads\/2021\/12\/0ea2f070-926c-4b9e-fc28-bf93f02f9fe2-18x9.png 18w\" sizes=\"auto, (max-width: 600px) 100vw, 600px\" \/><\/p>\n<p>Liebe Ventura County Community Foundation Familie,<\/p>\n<p>Am vergangenen Montag haben wir die harte Arbeit und die konsequenten Bem\u00fchungen von\u00a0<strong>\u00fcber hundert aktive Freiwillige<\/strong>\u00a0und\u00a0<strong>Dutzende von gemeinn\u00fctzigen Organisationen<\/strong>\u00a0Zusammenarbeit mit dem Bezirk Ventura bei\u00a0<strong>Aufkl\u00e4rungsarbeit \u00fcber Impfstoffe in unserer Gemeinde<\/strong>.<\/p>\n<p>Unser besonderer Dank gilt den\u00a0<strong>Boys &amp; Girls Club of Santa Clara Valley, Buen Vecino, Child Development Resources, Conejo Free Clinic, Council on American-Islamic Relations, Faith Mission Christian Fellowship, Food Share, LUCHA, Inlakech, Nyeland Promise, Oxnard Alano Club, Oxnard Performing Arts Center Corporation, Poder Popular, Proyecto Esperanza und Our Lady Guadalupe Church, Revive Community Church, Santa Paula Chamber of Commerce, Ventura County Taxpayers Association, Vista Real Charter High School und Westminster Free Clinic f\u00fcr ihre innovativen Projekte.\u00a0<\/strong>und<strong>\u00a0lebensrettender Dienst<\/strong>.<\/p>\n<p>Als ich den Abschlussbericht von Dr. Gabino Aguirre, dem strategischen Berater der VCCF f\u00fcr diese Initiative, durchlas, war ich von den Ergebnissen unserer gemeinsamen Arbeit tief bewegt. Bei der Analyse der Daten, die auf den Berechnungen der Washington Post beruhen, wurden etwa\u00a0<strong>300 Leben wurden gerettet<\/strong>das hei\u00dft knapp unter\u00a0<strong>3.000 Familienmitglieder trauern derzeit nicht um den Verlust eines geliebten Menschen durch Covid-19.<\/strong><\/p>\n<div id=\"attachment_15863\" style=\"width: 310px\" class=\"wp-caption alignleft\"><img loading=\"lazy\" decoding=\"async\" aria-describedby=\"caption-attachment-15863\" class=\"wp-image-15863 size-medium\" src=\"https:\/\/vccf.org\/wp-content\/uploads\/2022\/06\/vcoe-photo-e1656531707714-300x238.jpg\" alt=\"\" width=\"300\" height=\"238\" srcset=\"https:\/\/vccf.org\/wp-content\/uploads\/2022\/06\/vcoe-photo-e1656531707714-300x238.jpg 300w, https:\/\/vccf.org\/wp-content\/uploads\/2022\/06\/vcoe-photo-e1656531707714-15x12.jpg 15w, https:\/\/vccf.org\/wp-content\/uploads\/2022\/06\/vcoe-photo-e1656531707714.jpg 424w\" sizes=\"auto, (max-width: 300px) 100vw, 300px\" \/><p id=\"caption-attachment-15863\" class=\"wp-caption-text\"><em>Dr. Gabino Aguirre, Vanessa Bechtel und Jeffrey Lambert besuchten k\u00fcrzlich das Bildungsamt von Ventura County und Dr. C\u00e9sar Morales<\/em><em>ein gro\u00dfer Verfechter einer qualitativ hochwertigen fr\u00fchkindlichen Bildung in Ventura County. Gemeinsam k\u00f6nnen und m\u00fcssen wir die Tatsache angehen, dass mehr als die H\u00e4lfte der Kinder im Vorschulalter in unserer Gemeinde keinen Zugang zu fr\u00fchkindlicher Bildung haben.<span style=\"color: #ff6600;\"><strong> <a style=\"color: #ff6600;\" href=\"https:\/\/vccf.org\/de\/vccf-initiatives\/isabella-project-early-childhood-education\/\">Mehr erfahren<\/a><\/strong><\/span><\/em><\/p><\/div>\n<p>Die Aktivit\u00e4ten reichten von\u00a0<strong>Verteilung von Informationen in Lebensmittelkisten durch Food Share und seine 150 Partnerorganisationen<\/strong>zu\u00a0<strong>Durchf\u00fchrung von Impfkliniken<\/strong>\u00a0und\u00a0<strong>Kontaktaufnahme mit den Einwohnern von T\u00fcr zu T\u00fcr<\/strong>.\u00a0<strong>Freie Klinik Westminister<\/strong>\u00a0erreichte fast\u00a0<strong>23.000 Personen<\/strong>\u00a0durch ihre aufsuchende Arbeit, mit\u00a0<strong>Poder Popular<\/strong>\u00a0dank der F\u00fchrung durch die folgenden Personen einen enormen Erfolg haben\u00a0<strong>26 Promotoren<\/strong>\u00a0und\u00a0<strong>60 Freiwillige<\/strong>.<\/p>\n<p>In dieser j\u00fcngsten Finanzierungsrunde haben sich unsere lokalen gemeinn\u00fctzigen Organisationen mit\u00a0<strong>55.122 Familien<\/strong>, dient\u00a0<strong>150.119 Einwohner von Ventura County<\/strong>.<\/p>\n<p>Ich lade Sie ein, Folgendes zu genie\u00dfen\u00a0<strong><a href=\"https:\/\/www.youtube.com\/watch?v=jUGHgZunmxQ\" target=\"_blank\" rel=\"noopener\">Vacunate Rap<\/a><\/strong>mit Jade, einer lokalen Rapperin, und ich hoffe, dass Sie sich mir anschlie\u00dfen werden, um einen Moment der Dankbarkeit an\u00a0<strong>Dr. Robert Levin, Dr. John Fankhauser, Rigoberto Vargas<\/strong>und\u00a0<strong>so viele der gro\u00dfartigen F\u00fchrungskr\u00e4fte des Bezirks Ventura<\/strong>\u00a0f\u00fcr die Erm\u00f6glichung dieser Bem\u00fchungen. Ich m\u00f6chte auch danken\u00a0<strong>Dr. Gabino Aguirre, Jeff Lambert,\u00a0<\/strong>und\u00a0<strong>Nathan Hickling<\/strong>\u00a0f\u00fcr ihre st\u00e4ndigen Bem\u00fchungen, die Gruppe zusammenzuhalten und Partnerschaften und Zusammenarbeit zu f\u00f6rdern.<\/p>\n<p>Ich w\u00fcnsche Ihnen alles Gute,<br \/>\nVanessa<br \/>\n<em>Vanessa Bechtel, VCCF Pr\u00e4sidentin und CEO<\/em><\/p>\n<h2 style=\"text-align: center;\">TEACh-Stipendien-Feier<\/h2>\n<p><img loading=\"lazy\" decoding=\"async\" class=\"wp-image-15921 aligncenter\" src=\"https:\/\/vccf.org\/wp-content\/uploads\/2022\/06\/teach-fund-e1656627541303.jpg\" alt=\"\" width=\"600\" height=\"284\" srcset=\"https:\/\/vccf.org\/wp-content\/uploads\/2022\/06\/teach-fund-e1656627541303.jpg 1000w, https:\/\/vccf.org\/wp-content\/uploads\/2022\/06\/teach-fund-e1656627541303-300x142.jpg 300w, https:\/\/vccf.org\/wp-content\/uploads\/2022\/06\/teach-fund-e1656627541303-768x363.jpg 768w, https:\/\/vccf.org\/wp-content\/uploads\/2022\/06\/teach-fund-e1656627541303-18x9.jpg 18w\" sizes=\"auto, (max-width: 600px) 100vw, 600px\" \/><\/p>\n<p>Am 2. Juni wird die\u00a0<strong>Amt f\u00fcr Bildung des Bezirks Ventura\u00a0<\/strong>und die\u00a0<strong>TEACh-Stipendienausschuss<\/strong>\u00a0veranstaltete eine herzerw\u00e4rmende\u00a0<strong>Feier\u00a0<\/strong><strong>Vergabe von Stipendien an lokale Sch\u00fcler, die in Pflegefamilien untergebracht waren.<\/strong>\u00a0Diese prestigetr\u00e4chtigen Auszeichnungen w\u00fcrdigen die herausragenden Leistungen dieser Sch\u00fcler und tragen dazu bei, ihre Tr\u00e4ume zu verwirklichen.<\/p>\n<p>Auf dem Bild sind mehrere lokale F\u00fchrungskr\u00e4fte zu sehen, die sich f\u00fcr diese Sch\u00fcler eingesetzt haben. Wir m\u00f6chten insbesondere Folgendes anerkennen\u00a0<strong>Lynda Bowman<\/strong>\u00a0f\u00fcr ihre enorme F\u00fchrungskompetenz und ihren Einsatz f\u00fcr diese \u00e4u\u00dferst flei\u00dfigen und verdienstvollen Studenten.VCCF-Stipendien<\/p>\n<h2 class=\"null\" style=\"text-align: center;\">Juni Virtuelles Mittagessen &amp; Lernen Aufzeichnung<\/h2>\n<p><\/p>\n<div style=\"text-align: center;\">\n<p><iframe loading=\"lazy\" src=\"https:\/\/player.vimeo.com\/video\/721209072?h=48caa9723e\" width=\"640\" height=\"427\" frameborder=\"0\" allowfullscreen=\"allowfullscreen\"><\/iframe>.<\/p>\n<\/div>\n<p>VCCFs virtueller Spender im Juni\u00a0<strong>Mittagessen und Lernen<\/strong>\u00a0vorgestellt\u00a0<strong>Datenschutzbeauftragte Linda Parks<\/strong>\u00fcber die transformative Arbeit auf der\u00a0<strong>Baumschule Growing Works<\/strong>\u00a0in Ventura County, und Calleen Pardinas, Beauftragte f\u00fcr philanthropische Dienste, f\u00fcr einen aktuellen Bericht \u00fcber die\u00a0<strong>VCCF-Umweltinitiative<\/strong>. Die Baumschule Growing Works Nursery bietet Menschen mit psychischen Problemen in unserer Gemeinde Berufsausbildung, Besch\u00e4ftigung und Gartenbautherapie. Klicken Sie auf das Video oben, um sich diese interessante Pr\u00e4sentation anzusehen, oder klicken Sie auf den Link unten, um unsere n\u00e4chsten Referenten zu sehen.Lunch &amp; Learn Kalender<\/p>\n<h2 class=\"null\" style=\"text-align: center;\"><strong>Dienst an undokumentierten Gemeinschaften<br \/>\nin der Katastrophe und dar\u00fcber hinaus<\/strong><\/h2>\n<p>https:\/\/www.youtube.com\/watch?v=7C43OHDsxUQ<\/p>\n<p>Wir hoffen, Sie lassen sich inspirieren von\u00a0<strong>\"Dienst an undokumentierten Immigrantengemeinschaften bei Katastrophen und dar\u00fcber hinaus,\"<\/strong>\u00a0veranstaltet von\u00a0<strong>805 UndocuFund<\/strong><strong>.\u00a0<\/strong>Erfahren Sie, wie\u00a0<strong>Katastrophen\u00a0<\/strong><strong>zugrundeliegende sozio\u00f6konomische Faktoren zusammenfassen<\/strong>\u00a0und\u00a0<strong>Systembedingte Hindernisse, die vor, w\u00e4hrend und nach einer Katastrophe beseitigt werden m\u00fcssen<\/strong><strong>.\u00a0<\/strong>Zu den Experten geh\u00f6rten Future Leaders of America, CAUSE, MICOP und andere. Video ansehen<\/p>\n<h2 class=\"null\" style=\"text-align: center;\"><strong>Treffen Sie Kim Engberg<\/strong><\/h2>\n<p><img loading=\"lazy\" decoding=\"async\" class=\"aligncenter wp-image-22642 size-full\" src=\"https:\/\/vccf.org\/wp-content\/uploads\/2022\/06\/kim-engberg-scaled-2.jpg\" alt=\"\" width=\"1920\" height=\"1080\" srcset=\"https:\/\/vccf.org\/wp-content\/uploads\/2022\/06\/kim-engberg-scaled-2.jpg 1920w, https:\/\/vccf.org\/wp-content\/uploads\/2022\/06\/kim-engberg-scaled-2-300x169.jpg 300w, https:\/\/vccf.org\/wp-content\/uploads\/2022\/06\/kim-engberg-scaled-2-1024x576.jpg 1024w, https:\/\/vccf.org\/wp-content\/uploads\/2022\/06\/kim-engberg-scaled-2-768x432.jpg 768w, https:\/\/vccf.org\/wp-content\/uploads\/2022\/06\/kim-engberg-scaled-2-1536x864.jpg 1536w, https:\/\/vccf.org\/wp-content\/uploads\/2022\/06\/kim-engberg-scaled-2-18x10.jpg 18w\" sizes=\"auto, (max-width: 1920px) 100vw, 1920px\" \/><\/p>\n<p>Anl\u00e4sslich des Pride Month sprach VCCF mit\u00a0<strong>Kim Engberg<\/strong>\u00a0f\u00fcr den Juni\u00a0<strong>Spender-Klienten-Gespr\u00e4ch<\/strong>. Lesen Sie \u00fcber ihre Erfahrungen bei der Erstellung des\u00a0<strong>Kimberly J. Engberg Fund for LGBTQ+ Equality<\/strong>\u00a0bei VCCF, ihre Gedanken zu\u00a0<strong>Monat des Stolzes<\/strong>und die\u00a0<strong>lokale Anw\u00e4lte zur Unterst\u00fctzung der LGBTQ+-Gemeinschaft<\/strong>\u00a0die sie inspirieren.Mehr lesen<\/p>\n<h2 class=\"null\" style=\"text-align: center;\"><strong>VCCF Team Updates<\/strong><\/h2>\n<p><img loading=\"lazy\" decoding=\"async\" class=\"alignright wp-image-15896\" src=\"https:\/\/vccf.org\/wp-content\/uploads\/2022\/06\/robin-bissett.jpg\" alt=\"\" width=\"250\" height=\"393\" srcset=\"https:\/\/vccf.org\/wp-content\/uploads\/2022\/06\/robin-bissett.jpg 527w, https:\/\/vccf.org\/wp-content\/uploads\/2022\/06\/robin-bissett-191x300.jpg 191w, https:\/\/vccf.org\/wp-content\/uploads\/2022\/06\/robin-bissett-8x12.jpg 8w\" sizes=\"auto, (max-width: 250px) 100vw, 250px\" \/><\/p>\n<p><strong>Willkommen, Robin!<\/strong> Robin Bissett ist die neue Assistentin der Gesch\u00e4ftsf\u00fchrung im B\u00fcro des Pr\u00e4sidenten. Sie ist 2021 nach Ventura County umgezogen und genie\u00dft die atemberaubende Sch\u00f6nheit der Natur und das gem\u00e4\u00dfigte Klima. Geboren und aufgewachsen in Los Angeles County, arbeitete Robin Bissett 25 Jahre lang als Lehrerin und Verwaltungsangestellte haupts\u00e4chlich im Bereich der fr\u00fchkindlichen Bildung. Sie hat einen AS-Abschluss (\u00e4quivalent) in fr\u00fchkindlicher Erziehung und erhielt von der California Commission on Teacher Credentialing eine Zulassung als Site Supervisor. Sie sch\u00e4tzt die unglaublichen Vorteile, die eine qualitativ hochwertige Erziehung in den ersten f\u00fcnf Lebensjahren eines Kindes mit sich bringt, und die positiven Auswirkungen, die sie auf die gesamte Familie haben kann.<strong><img loading=\"lazy\" decoding=\"async\" class=\"alignright wp-image-15897\" src=\"https:\/\/vccf.org\/wp-content\/uploads\/2022\/06\/lauren-nathan-post-1.png\" alt=\"\" width=\"450\" height=\"335\" srcset=\"https:\/\/vccf.org\/wp-content\/uploads\/2022\/06\/lauren-nathan-post-1.png 1450w, https:\/\/vccf.org\/wp-content\/uploads\/2022\/06\/lauren-nathan-post-1-300x223.png 300w, https:\/\/vccf.org\/wp-content\/uploads\/2022\/06\/lauren-nathan-post-1-1024x763.png 1024w, https:\/\/vccf.org\/wp-content\/uploads\/2022\/06\/lauren-nathan-post-1-768x572.png 768w, https:\/\/vccf.org\/wp-content\/uploads\/2022\/06\/lauren-nathan-post-1-16x12.png 16w\" sizes=\"auto, (max-width: 450px) 100vw, 450px\" \/>Herzlichen Gl\u00fcckwunsch, Nathan und Lauren! <\/strong>Zwei unserer Teammitglieder, Nathan Hickling und Lauren Graf, haben neue Positionen bei VCCF \u00fcbernommen! Nathan ist nun der Community Impact Officer, zus\u00e4tzlich zu seiner T\u00e4tigkeit als Assistent des Chief Operating Officer, und Lauren, die zuvor als Verwaltungsassistentin im B\u00fcro des Pr\u00e4sidenten t\u00e4tig war, ist nun der Marketing &amp; Communications Officer. Ihr beide werdet in euren neuen Rollen unglaubliche Arbeit leisten!<\/p>\n<h2 class=\"null\" style=\"text-align: center;\"><strong>Santa Monica Mountain Fund er\u00f6ffnet die Zuma Canyon Trail Bridge<\/strong><\/h2>\n<p><img loading=\"lazy\" decoding=\"async\" class=\"aligncenter wp-image-15898\" src=\"https:\/\/vccf.org\/wp-content\/uploads\/2022\/06\/52143428642_40a1f08bb9_o.jpg\" alt=\"\" width=\"600\" height=\"338\" srcset=\"https:\/\/vccf.org\/wp-content\/uploads\/2022\/06\/52143428642_40a1f08bb9_o.jpg 1280w, https:\/\/vccf.org\/wp-content\/uploads\/2022\/06\/52143428642_40a1f08bb9_o-300x169.jpg 300w, https:\/\/vccf.org\/wp-content\/uploads\/2022\/06\/52143428642_40a1f08bb9_o-1024x576.jpg 1024w, https:\/\/vccf.org\/wp-content\/uploads\/2022\/06\/52143428642_40a1f08bb9_o-768x432.jpg 768w, https:\/\/vccf.org\/wp-content\/uploads\/2022\/06\/52143428642_40a1f08bb9_o-18x10.jpg 18w\" sizes=\"auto, (max-width: 600px) 100vw, 600px\" \/><\/p>\n<p>VCCF ist es eine Ehre, die\u00a0<strong>Santa Monica Mountains Fonds<\/strong>\u00a0und dem National Park Service bei der Finanzierung der Wiederer\u00f6ffnung des\u00a0<strong>Zuma Creek Br\u00fccke<\/strong>\u00a0am 13. Juni. Der Chief Operating Officer von VCCF, Jeff Lambert, nahm Anfang der Woche an der Einweihung teil.<\/p>\n<p><br data-text=\"true\" \/>Die Zuma-Br\u00fccke wurde urspr\u00fcnglich durch das Woolsey-Feuer 2018 besch\u00e4digt, zusammen mit 112 Meilen an Wanderwegen, 30 Geb\u00e4uden und 88 Prozent des Bundesparklandes in den Santa Monica Mountains. Die neu errichtete Br\u00fccke bietet eine sichere Bach\u00fcberquerung sowie Schutz f\u00fcr wichtige Ressourcen, wie zum Beispiel einheimische Amphibien.<\/p>\n<h2 class=\"null\" style=\"text-align: center;\"><strong>Die Macht der Gemeinschaft<\/strong><\/h2>\n<h3 style=\"text-align: center;\"><strong>Gute Nachrichten aus Ihrer Ventura-Gemeinschaft<\/strong><\/h3>\n<p><\/p>\n<h3 style=\"text-align: center;\"><img loading=\"lazy\" decoding=\"async\" class=\"wp-image-14498 aligncenter\" src=\"https:\/\/vccf.org\/wp-content\/uploads\/2021\/12\/power-of-community.png\" alt=\"\" width=\"600\" height=\"228\" srcset=\"https:\/\/vccf.org\/wp-content\/uploads\/2021\/12\/power-of-community.png 820w, https:\/\/vccf.org\/wp-content\/uploads\/2021\/12\/power-of-community-300x114.png 300w, https:\/\/vccf.org\/wp-content\/uploads\/2021\/12\/power-of-community-768x292.png 768w, https:\/\/vccf.org\/wp-content\/uploads\/2021\/12\/power-of-community-18x7.png 18w\" sizes=\"auto, (max-width: 600px) 100vw, 600px\" \/><\/h3>\n<h3 style=\"text-align: center;\"><strong>Feiern Sie den Monat des Stolzes mit diesen<br \/>\nVentura County LGBTQ+ Nonprofits!<\/strong><\/h3>\n<p><img loading=\"lazy\" decoding=\"async\" class=\"wp-image-15901 alignleft\" src=\"https:\/\/vccf.org\/wp-content\/uploads\/2022\/06\/diversity-collective.jpg\" alt=\"\" width=\"400\" height=\"300\" srcset=\"https:\/\/vccf.org\/wp-content\/uploads\/2022\/06\/diversity-collective.jpg 1440w, https:\/\/vccf.org\/wp-content\/uploads\/2022\/06\/diversity-collective-300x225.jpg 300w, https:\/\/vccf.org\/wp-content\/uploads\/2022\/06\/diversity-collective-1024x768.jpg 1024w, https:\/\/vccf.org\/wp-content\/uploads\/2022\/06\/diversity-collective-768x576.jpg 768w, https:\/\/vccf.org\/wp-content\/uploads\/2022\/06\/diversity-collective-16x12.jpg 16w\" sizes=\"auto, (max-width: 400px) 100vw, 400px\" \/><a href=\"https:\/\/www.diversitycollectivevc.org\/\" target=\"_blank\" rel=\"noopener\"><strong>Diversity-Kollektiv<\/strong><\/a>\u00a0ist eine gemeinn\u00fctzige Organisation, die sich f\u00fcr die LGBTQ+-Gemeinschaft einsetzt und f\u00fcr Sichtbarkeit, Sicherheit und Wohlbefinden sorgt. Sie erreichen dies \u00fcber ihr Community Resource Center, Programme und gemeinschaftsbildende Veranstaltungen. Sie stellen sich eine Gemeinschaft in Ventura County vor, in der LGBTQ+-Personen, einschlie\u00dflich aller sich \u00fcberschneidenden Identit\u00e4ten, sofortigen Zugang zu ben\u00f6tigten Dienstleistungen haben, gefeiert und mit Gleichberechtigung und Respekt behandelt werden.<\/p>\n<p>Diese gemeinn\u00fctzige Organisation veranstaltet auch\u00a0<a href=\"https:\/\/www.diversitycollectivevc.org\/lgbtq-youth-group\/\" target=\"_blank\" rel=\"noopener\">Regenbogen-Regenschirm<\/a>eine Peer-Selbsthilfegruppe f\u00fcr LGBTQ-Jugendliche im Alter von 13 bis 23 Jahren, die eine Vielzahl von unterhaltsamen Bildungsaktivit\u00e4ten, Pr\u00e4sentationen und Kontrollbesuchen anbietet, um unseren Jugendlichen Instrumente zur Verbesserung ihrer allgemeinen geistigen und k\u00f6rperlichen Gesundheit an die Hand zu geben.<img loading=\"lazy\" decoding=\"async\" class=\"wp-image-15902 alignleft\" src=\"https:\/\/vccf.org\/wp-content\/uploads\/2022\/06\/pflag.png\" alt=\"\" width=\"450\" height=\"216\" srcset=\"https:\/\/vccf.org\/wp-content\/uploads\/2022\/06\/pflag.png 960w, https:\/\/vccf.org\/wp-content\/uploads\/2022\/06\/pflag-300x144.png 300w, https:\/\/vccf.org\/wp-content\/uploads\/2022\/06\/pflag-768x368.png 768w, https:\/\/vccf.org\/wp-content\/uploads\/2022\/06\/pflag-18x9.png 18w\" sizes=\"auto, (max-width: 450px) 100vw, 450px\" \/>Gegr\u00fcndet im Jahr 1973,\u00a0<a href=\"https:\/\/pflag.org\/\" target=\"_blank\" rel=\"noopener\"><strong>PFLAG<\/strong>\u00a0<\/a>ist die erste und gr\u00f6\u00dfte Organisation, die sich der Unterst\u00fctzung, Aufkl\u00e4rung und dem Einsatz f\u00fcr LGBTQ+ Menschen und ihre Familien widmet. Das Netzwerk von PFLAG mit \u00fcber 400 Ortsgruppen im ganzen Land und mehr als 250.000 Mitgliedern und Unterst\u00fctzern in jedem Bundesstaat setzt sich f\u00fcr eine f\u00fcrsorgliche, gerechte und bejahende Welt f\u00fcr LGBTQ+ Menschen und diejenigen, die sie lieben, ein.\u00a0<a href=\"https:\/\/pflagventura.wordpress.com\/\" target=\"_blank\" rel=\"noopener\">Venturas Ortsgruppe von PFLAG\u00a0<\/a>trifft sich jeden dritten Donnerstag im Monat, und Sie k\u00f6nnen eine E-Mail an\u00a0<a href=\"mailto:pflag.ventura.ca@gmail.com\" target=\"_blank\" rel=\"noopener\">pflag.ventura.ca@gmail.com<\/a>\u00a0um mehr \u00fcber bevorstehende Treffen und Gemeindeveranstaltungen zu erfahren.<img loading=\"lazy\" decoding=\"async\" class=\"wp-image-15903 alignleft\" src=\"https:\/\/vccf.org\/wp-content\/uploads\/2022\/06\/ffluid.jpg\" alt=\"\" width=\"500\" height=\"375\" srcset=\"https:\/\/vccf.org\/wp-content\/uploads\/2022\/06\/ffluid.jpg 960w, https:\/\/vccf.org\/wp-content\/uploads\/2022\/06\/ffluid-300x225.jpg 300w, https:\/\/vccf.org\/wp-content\/uploads\/2022\/06\/ffluid-768x576.jpg 768w, https:\/\/vccf.org\/wp-content\/uploads\/2022\/06\/ffluid-16x12.jpg 16w\" sizes=\"auto, (max-width: 500px) 100vw, 500px\" \/><a href=\"http:\/\/ffluid.org\/\" target=\"_blank\" rel=\"noopener\"><strong>FFLUID<\/strong> <\/a>(Family &amp; Friends Living United in Diversity) ist eine in Simi Valley ans\u00e4ssige Gruppe, die sich zum Ziel gesetzt hat, Mitgliedern der LGBTQIA+-Gemeinschaft, ihren Familien und Freunden \"Str\u00f6me\" bedingungsloser Liebe, aufrichtiger Unterst\u00fctzung und hochwertiger Ressourcen anzubieten. Die Gruppe bietet monatliche Unterst\u00fctzungstreffen f\u00fcr LGBTQIA+ Personen, ihre Familien, Freunde und Verb\u00fcndete. Die Gruppe wird h\u00e4ufig von Menschen besucht, die Transgender, Transition oder Gender Fluid sind. FFLUID beteiligt sich auch am lokalen Aktivismus und am Aufbau der Gemeinschaft. Sie haben die erste Pride Proclamation in der Geschichte von Simi Valley erhalten und waren ma\u00dfgeblich an der Gr\u00fcndung des Conejo Valley Pride Festivals beteiligt. FFLUID bietet au\u00dferdem regelm\u00e4\u00dfig Workshops, Pr\u00e4sentationen und Veranstaltungen an, die der LGBTQIA+-Gemeinschaft und ihren Unterst\u00fctzern einen sicheren Raum zum Lernen, Zuh\u00f6ren und Wachsen bieten.<\/p>\n<h2 style=\"text-align: center;\">Veranstaltungskalender<\/h2>\n<p><strong>Verm\u00f6genstransfer in Ventura County - Teil II<\/strong><br \/>\n<em>Donnerstag, 21. Juli, 11.30 Uhr bis 13.30 Uhr (virtuell)<\/em><br \/>\nAufbauend auf der Pr\u00e4sentation der vom VCCF in Auftrag gegebenen Arbeit zur Analyse des Verm\u00f6genstransfers in Ventura County wird sich das Treffen des Nonprofit Leadership Council im Juli auf praktische Strategien f\u00fcr den Aufbau, die Wiederbelebung und die Neubelebung der geplanten Spendenaktivit\u00e4ten Ihrer Organisation konzentrieren. Im Rahmen der Veranstaltung wird eine Gruppe von Fachleuten aus der Praxis \u00fcber die Erfahrungen, Erfolge und Herausforderungen bei geplanten Spenden berichten.\u00a0<a href=\"https:\/\/www.callutheran.edu\/centers\/nonprofit\/workshops\/event\/2022-07-21-nonprofit-leadership-council-transfer-of-wealth-in-ventura-county-part-ii\" target=\"_blank\" rel=\"noopener\">Klicken Sie hier, um sich zu registrieren.<\/a><\/p>\n<p><strong><img loading=\"lazy\" decoding=\"async\" class=\"alignnone wp-image-15923\" src=\"https:\/\/vccf.org\/wp-content\/uploads\/2022\/06\/nonprofit-leadership-council-transfer-of-wealth-in-ventura-county-part-ii.jpg\" alt=\"\" width=\"350\" height=\"270\" srcset=\"https:\/\/vccf.org\/wp-content\/uploads\/2022\/06\/nonprofit-leadership-council-transfer-of-wealth-in-ventura-county-part-ii.jpg 1650w, https:\/\/vccf.org\/wp-content\/uploads\/2022\/06\/nonprofit-leadership-council-transfer-of-wealth-in-ventura-county-part-ii-300x232.jpg 300w, https:\/\/vccf.org\/wp-content\/uploads\/2022\/06\/nonprofit-leadership-council-transfer-of-wealth-in-ventura-county-part-ii-1024x791.jpg 1024w, https:\/\/vccf.org\/wp-content\/uploads\/2022\/06\/nonprofit-leadership-council-transfer-of-wealth-in-ventura-county-part-ii-768x593.jpg 768w, https:\/\/vccf.org\/wp-content\/uploads\/2022\/06\/nonprofit-leadership-council-transfer-of-wealth-in-ventura-county-part-ii-1536x1187.jpg 1536w, https:\/\/vccf.org\/wp-content\/uploads\/2022\/06\/nonprofit-leadership-council-transfer-of-wealth-in-ventura-county-part-ii-16x12.jpg 16w\" sizes=\"auto, (max-width: 350px) 100vw, 350px\" \/><\/strong><\/p>\n<p><strong>VCCF Virtual Donor Lunch &amp; Learn: Canterbury Beratung<\/strong><br \/>\n<em>Donnerstag, 28. Juli, 12 bis 13 Uhr (virtuell)<\/em><br \/>\nNehmen Sie an unserem monatlichen VCCF Virtual Donor Lunch &amp; Learn teil. Diese Informationsgespr\u00e4che sind kostenlos und wurden zu Beginn von COVID-19 ins Leben gerufen, um die Bed\u00fcrfnisse der gemeinn\u00fctzigen Organisationen in Ventura County besser zu verstehen. Das Thema im Juli ist eine Pr\u00e4sentation von Canterbury Consulting \u00fcber den Finanzmarkt sowie eine \u00dcberpr\u00fcfung des VCCF-Portfolios.\u00a0<a href=\"https:\/\/us02web.zoom.us\/meeting\/register\/tZwuce6urjgjEtT6JO768CQ98t0PZHvsnEZY%20\" target=\"_blank\" rel=\"noopener\">Klicken Sie hier, um sich zu registrieren.<\/a><\/p>","protected":false},"excerpt":{"rendered":"<p>Liebe Ventura County Community Foundation Familie, am vergangenen Montag haben wir die harte Arbeit und die best\u00e4ndigen Bem\u00fchungen von \u00fcber hundert aktiven Freiwilligen und Dutzenden von gemeinn\u00fctzigen Organisationen gefeiert, die in Partnerschaft mit dem County...<\/p>","protected":false},"author":3,"featured_media":15901,"comment_status":"closed","ping_status":"closed","sticky":false,"template":"","format":"standard","meta":{"_acf_changed":false,"give_campaign_id":0,"footnotes":""},"categories":[24],"tags":[],"class_list":["post-15862","post","type-post","status-publish","format-standard","has-post-thumbnail","hentry","category-newsletters"],"acf":[],"_links":{"self":[{"href":"https:\/\/vccf.org\/de\/wp-json\/wp\/v2\/posts\/15862","targetHints":{"allow":["GET"]}}],"collection":[{"href":"https:\/\/vccf.org\/de\/wp-json\/wp\/v2\/posts"}],"about":[{"href":"https:\/\/vccf.org\/de\/wp-json\/wp\/v2\/types\/post"}],"author":[{"embeddable":true,"href":"https:\/\/vccf.org\/de\/wp-json\/wp\/v2\/users\/3"}],"replies":[{"embeddable":true,"href":"https:\/\/vccf.org\/de\/wp-json\/wp\/v2\/comments?post=15862"}],"version-history":[{"count":0,"href":"https:\/\/vccf.org\/de\/wp-json\/wp\/v2\/posts\/15862\/revisions"}],"wp:featuredmedia":[{"embeddable":true,"href":"https:\/\/vccf.org\/de\/wp-json\/wp\/v2\/media\/15901"}],"wp:attachment":[{"href":"https:\/\/vccf.org\/de\/wp-json\/wp\/v2\/media?parent=15862"}],"wp:term":[{"taxonomy":"category","embeddable":true,"href":"https:\/\/vccf.org\/de\/wp-json\/wp\/v2\/categories?post=15862"},{"taxonomy":"post_tag","embeddable":true,"href":"https:\/\/vccf.org\/de\/wp-json\/wp\/v2\/tags?post=15862"}],"curies":[{"name":"wp","href":"https:\/\/api.w.org\/{rel}","templated":true}]}}