{"id":16299,"date":"2022-07-28T14:40:27","date_gmt":"2022-07-28T21:40:27","guid":{"rendered":"https:\/\/vccf.org\/?p=16299"},"modified":"2025-03-03T03:38:15","modified_gmt":"2025-03-03T11:38:15","slug":"power-of-purpose-july-28-2022","status":"publish","type":"post","link":"https:\/\/vccf.org\/de\/power-of-purpose-july-28-2022\/","title":{"rendered":"Kraft der Bestimmung - 28. Juli 2022"},"content":{"rendered":"<p><img loading=\"lazy\" decoding=\"async\" class=\"size-full wp-image-14303 aligncenter\" src=\"https:\/\/vccf.org\/wp-content\/uploads\/2021\/12\/0ea2f070-926c-4b9e-fc28-bf93f02f9fe2.png\" alt=\"\" width=\"600\" height=\"301\" srcset=\"https:\/\/vccf.org\/wp-content\/uploads\/2021\/12\/0ea2f070-926c-4b9e-fc28-bf93f02f9fe2.png 600w, https:\/\/vccf.org\/wp-content\/uploads\/2021\/12\/0ea2f070-926c-4b9e-fc28-bf93f02f9fe2-300x151.png 300w, https:\/\/vccf.org\/wp-content\/uploads\/2021\/12\/0ea2f070-926c-4b9e-fc28-bf93f02f9fe2-18x9.png 18w\" sizes=\"auto, (max-width: 600px) 100vw, 600px\" \/><\/p>\n<p>Liebe Ventura County Community Foundation Familie,<\/p>\n<p>Dieses Jahr, <strong>VCCF vergibt Stipendien im Wert von \u00fcber $1,4 Millionen an mehr als 300 inspirierende lokale Studenten<\/strong>.<\/p>\n<p><strong>Ohne unsere VCCF-Stipendienspender k\u00f6nnte die VCCF die Bildungsbem\u00fchungen verdienter Studenten nicht unterst\u00fctzen.<\/strong> Wir sind begeistert von ihrer Gro\u00dfz\u00fcgigkeit, ihrer Liebe und ihrem Engagement, die n\u00e4chste Generation zu unterst\u00fctzen. Au\u00dferdem ist es nur dank der <strong>Engagement unseres Stipendienauswahlkomitees <\/strong>und <strong>jedem Stipendiaten, dass dieses wichtige Programm m\u00f6glich ist<\/strong>. Sechs Wochen im Jahr arbeiten diese Personen unerm\u00fcdlich an der \u00dcberpr\u00fcfung <em><strong>Tausende<\/strong><\/em> von Stipendienantr\u00e4gen. Ich wei\u00df, dass dies zwar eine gro\u00dfe Herausforderung ist, dass aber jeder Leser durch diese verdienstvollen Sch\u00fcler eine Inspiration f\u00fcr die Zukunft unserer Gemeinschaft erh\u00e4lt. Jede dieser Spenden macht dieses Programm erst m\u00f6glich.<\/p>\n<p>Wir sind allen Sch\u00fclern, die sich jedes Jahr bewerben, f\u00fcr ihre Ausdauer, ihr Engagement und ihr Vertrauen sehr dankbar. Es ist eine <strong>eine gro\u00dfe Ehre, ihre Geschichten zu lesen<\/strong> und <strong>ihre Reise miterleben, wie sie nach einer besseren Zukunft streben<\/strong>. Wir hoffen, dass die vergebenen Stipendien den Studierenden nicht nur finanzielle Unterst\u00fctzung bieten, sondern auch, dass sie diese dringend ben\u00f6tigten Mittel erhalten, <strong>unsere Sch\u00fcler sp\u00fcren die Liebe und Unterst\u00fctzung ihrer gesamten Gemeinschaft<\/strong>.<\/p>\n<p><strong>Caitlin, die sowohl das Smith Family Foundation Scholarship for Emancipated Foster Youth als auch das TEACh Scholarship erhalten hat, wird als Krankenhausapothekerin die Welt ver\u00e4ndern.<\/strong> Diese beiden Stipendien werden an Studierende vergeben, die in einem Pflegefamiliensystem gelebt haben. Caitlin beschreibt ihre Erfahrung in der Pflegefamilie als das Beste und das Schlimmste zugleich, was ihr passieren konnte. <strong>Mit Caitlins eigenen Worten <\/strong>sehen wir die nachhaltige Wirkung der Unterst\u00fctzung durch die Gemeinschaft:<strong><em>Unter Missbrauch zu leiden, ist f\u00fcr niemanden die ideale Vorstellung von einer Kindheit<\/em><\/strong><em>und erst als das Jugendamt erkannte, was vor sich ging, wurde ich schlie\u00dflich aus dem Haushalt entfernt.<\/em><\/p>\n<p><em>Als ich zum ersten Mal in meiner Pflegestelle bei der Familie Kwast ankam, <\/em><strong><em>Ich kam mit einem einzigen Koffer und einer ausgestopften Katze<\/em><\/strong><em>. Mein Eintreten wurde durch das Bellen des Hundes drau\u00dfen eingel\u00e4utet. Frau Kwast erkl\u00e4rte sp\u00e4ter, dass Koko als geretteter Hund unter extremer Angst litt, vor anderen Menschen und der Furcht, verlassen zu werden. <\/em><strong><em>Es war f\u00fcr niemanden eine \u00dcberraschung, dass ich mich von allen Familienmitgliedern am meisten an den Hund klammerte.<\/em><\/strong><em> Ich verstand die Art von Terror, die Paranoia. Doch ich sah auch die schiere Freude. Wenn sie sich endlich f\u00fcr jemanden erw\u00e4rmte, st\u00fcrzte sich Koko auf ihn, gab ihm endlose K\u00fcsse und wedelte mit ihrem Stummelschwanz. Sie bot Spielzeuge an und rollte sich auf den R\u00fccken, um den Menschen ihren weichen Bauch zu zeigen. Langsam baute sie die st\u00e4ndige Angst ab, die mein Leben durchdrungen hatte.<\/em><\/p>\n<p><em>Allerdings habe ich nicht mit dem Schwanz gewedelt oder andere auf das Gesicht gek\u00fcsst, wie sie es tat, <\/em><strong><em>Langsam begann ich, mich wieder Fremden gegen\u00fcber zu \u00f6ffnen.<\/em><\/strong><em>. Ich begann zu lernen, dass es in Ordnung war, anderen zu sagen, wie ich mich f\u00fchlte. Ich sah, wie die Kwasts Koko sanft tr\u00f6steten, wenn sie bei jedem Hund, den sie drau\u00dfen sah, einen Nervenzusammenbruch erlitt, und sie gingen mit meinen Tr\u00e4nen und Ausbr\u00fcchen genauso um. Ich begann, mit Frau Kwast spazieren zu gehen, und lernte mit Kaylee, meiner Pflegeschwester, Fahrrad fahren. Ich spielte Videospiele mit meinen beiden Pflegebr\u00fcdern Dylan und Zach und stellte Herrn Kwast endlose Fragen. <\/em><strong><em>Auch wenn ich nicht zu ihrer biologischen Familie geh\u00f6rte, behandelten sie mich alle wie einen der ihren.<\/em><\/strong><em>. Familie war nicht l\u00e4nger ein fremdes oder erschreckendes Konzept. Zum ersten Mal in meinem Leben erhielt ich Stabilit\u00e4t.<\/em><\/p>\n<p><em>\u00c4hnlich wie Koko, <\/em><strong><em>Ich will besser werden als das, was das Leben mir anfangs gegeben hat<\/em><\/strong><em>. Ich m\u00f6chte in den medizinischen Bereich gehen und Krankenhausapothekerin werden. Das Geld aus dem Stipendium wird mich auf meinem Weg unterst\u00fctzen, ich k\u00f6nnte an einer Universit\u00e4t studieren, Lebensmittel und Miete bezahlen, die Lehrb\u00fccher und das Laborzubeh\u00f6r kaufen, das ich f\u00fcr meine MINT-Kurse brauche. Ich m\u00f6chte mich bei meiner Pflegefamilie bedanken, indem ich ihnen zeige, was f\u00fcr ein Mensch ich durch ihre selbstlose Liebe und Unterst\u00fctzung geworden bin. Ich k\u00f6nnte Leben retten, so wie sie meines gerettet haben. <\/em><strong><em>Die M\u00f6glichkeiten, was aus mir werden k\u00f6nnte, sind endlos, und alles begann mit einer Pflegefamilie, die bereit war, sich um mich zu k\u00fcmmern, und ihrem \u00e4ngstlichen Hund<\/em><\/strong><em>.<\/em>Heute, und jeden Tag, feiern wir Caitlin und alle unsere Stipendiaten. Wir k\u00f6nnen es kaum erwarten, zu sehen, wie es mit Ihnen weitergeht.<\/p>\n<p>Mit freundlichen Gr\u00fc\u00dfen,<br \/>Dr. Cristina Miranda<br \/>Direktor des VCCF-Stipendienprogramms<\/p>\n<h2 style=\"text-align: center;\">VCCF-Stipendien 2022 in Zahlen<\/h2>\n<p><img loading=\"lazy\" decoding=\"async\" class=\"wp-image-16300 aligncenter\" src=\"https:\/\/vccf.org\/wp-content\/uploads\/2022\/08\/vccf-scholarship-infographic-2.png\" alt=\"An infographic of the data of VCCF's scholarships from 2019 to 2022\" width=\"600\" height=\"700\" srcset=\"https:\/\/vccf.org\/wp-content\/uploads\/2022\/08\/vccf-scholarship-infographic-2.png 900w, https:\/\/vccf.org\/wp-content\/uploads\/2022\/08\/vccf-scholarship-infographic-2-257x300.png 257w, https:\/\/vccf.org\/wp-content\/uploads\/2022\/08\/vccf-scholarship-infographic-2-878x1024.png 878w, https:\/\/vccf.org\/wp-content\/uploads\/2022\/08\/vccf-scholarship-infographic-2-768x896.png 768w, https:\/\/vccf.org\/wp-content\/uploads\/2022\/08\/vccf-scholarship-infographic-2-10x12.png 10w\" sizes=\"auto, (max-width: 600px) 100vw, 600px\" \/><\/p>\n<h2 style=\"text-align: center;\"><strong>Das Brian Patrick Gialketsis-Ged\u00e4chtnisstipendium, eine Geschichte von Brians Vater<\/strong><\/h2>\n<p><img loading=\"lazy\" decoding=\"async\" class=\"alignnone wp-image-16257 size-medium aligncenter\" src=\"https:\/\/vccf.org\/wp-content\/uploads\/2022\/07\/brian-2-300x300.jpg\" alt=\"A picture of Brian Gialtketsis laughing on the beach\" width=\"300\" height=\"300\" srcset=\"https:\/\/vccf.org\/wp-content\/uploads\/2022\/07\/brian-2-300x300.jpg 300w, https:\/\/vccf.org\/wp-content\/uploads\/2022\/07\/brian-2-150x150.jpg 150w, https:\/\/vccf.org\/wp-content\/uploads\/2022\/07\/brian-2-768x768.jpg 768w, https:\/\/vccf.org\/wp-content\/uploads\/2022\/07\/brian-2-12x12.jpg 12w, https:\/\/vccf.org\/wp-content\/uploads\/2022\/07\/brian-2.jpg 960w\" sizes=\"auto, (max-width: 300px) 100vw, 300px\" \/> <img loading=\"lazy\" decoding=\"async\" class=\"alignnone wp-image-16258 aligncenter\" src=\"https:\/\/vccf.org\/wp-content\/uploads\/2022\/07\/brian-1.jpg\" alt=\"A photo of Brian Gialtketsis holding a large inflatable heart in front of a mural of a hummingbird\" width=\"300\" height=\"300\" srcset=\"https:\/\/vccf.org\/wp-content\/uploads\/2022\/07\/brian-1.jpg 1440w, https:\/\/vccf.org\/wp-content\/uploads\/2022\/07\/brian-1-300x300.jpg 300w, https:\/\/vccf.org\/wp-content\/uploads\/2022\/07\/brian-1-1024x1024.jpg 1024w, https:\/\/vccf.org\/wp-content\/uploads\/2022\/07\/brian-1-150x150.jpg 150w, https:\/\/vccf.org\/wp-content\/uploads\/2022\/07\/brian-1-768x767.jpg 768w, https:\/\/vccf.org\/wp-content\/uploads\/2022\/07\/brian-1-12x12.jpg 12w\" sizes=\"auto, (max-width: 300px) 100vw, 300px\" \/><\/p>\n<p>Die <strong>Brian Patrick Gialketsis Gedenkstipendium<\/strong> wurde von seiner Familie gegr\u00fcndet, um <strong>das Andenken an seinen Sohn zu ehren<\/strong>ein leidenschaftlicher <strong>Eintreten f\u00fcr die Umwelt und die LGBTQ-Gemeinschaft<\/strong>, entschlossen <strong>eine ges\u00fcndere Gemeinschaft aufbauen<\/strong> f\u00fcr alle um ihn herum. <strong>Brians Vater, Mike Gialketsis, schrieb einen kurzen Beitrag zum Gedenken an seinen Sohn<\/strong> und die Gr\u00fcndung des Stipendiums durch die Familie, um Brians Verm\u00e4chtnis und seinen Kampf f\u00fcr Umwelt, Gerechtigkeit und Gleichberechtigung fortzuf\u00fchren.Read the Story<\/p>\n<h2 style=\"text-align: center;\"><strong>$35K-Zuschuss der VCCF f\u00fcr Soaring Spirits International<\/strong><\/h2>\n\n\n<div id=\"attachment_16254\" style=\"width: 610px\" class=\"wp-caption aligncenter\"><img loading=\"lazy\" decoding=\"async\" aria-describedby=\"caption-attachment-16254\" class=\"wp-image-16254\" src=\"https:\/\/vccf.org\/wp-content\/uploads\/2025\/03\/soaring-spirits-scaled-1.jpg\" alt=\"Two smiling women attending Soaring Spirit International's Camp Widow\" width=\"600\" height=\"400\" \/><p id=\"caption-attachment-16254\" class=\"wp-caption-text\">Erstmalige Teilnehmer am Flaggschiff-Programm von Soaring Spirits Internation, Camp Widow. Camp Widow unterst\u00fctzt verwitwete Familien auf dem gesamten Weg ihrer Trauererfahrung, ist praktisch, auf Gleichaltrige ausgerichtet, kraftvoll und hoffnungsvoll.<\/p><\/div>\n\n\n\n\n<p>Erstmalige Teilnehmer am Flaggschiff-Programm von Soaring Spirits Internation, Camp Widow. Camp Widow unterst\u00fctzt verwitwete Familien auf dem gesamten Weg ihrer Trauererfahrung, ist praktisch, auf Gleichaltrige ausgerichtet, kraftvoll und hoffnungsvoll.<\/p>\n\n\n<p>VCCF is delighted to announce&nbsp;a <strong>$35.000 Zuschuss f\u00fcr <a href=\"https:\/\/soaringspirits.org\/\" target=\"_blank\" rel=\"noopener\">Soaring Spirits International (SSI)<\/a><\/strong>eine in Ventura County ans\u00e4ssige gemeinn\u00fctzige Organisation, die forschungsbasierte Programme f\u00fcr <strong>alle, die den Tod eines Ehegatten oder Partners erlebt haben<\/strong>.<\/p>\n<p>SSI hat ein Programm entwickelt <strong>Pilotprogramm die spezifischen Bed\u00fcrfnisse unterversorgter Gemeinden erf\u00fcllen<\/strong> wie verwitwete Latinx, verwitwete BIPOC, verwitwete LGBTQ+, verwitwete Selbstmord- und Mord\u00fcberlebende, verwitwete COVID-19 und andere Bev\u00f6lkerungsgruppen\/Lebenserfahrungen\/Beziehungstypen, die hier nicht aufgef\u00fchrt sind.Erfahren Sie mehr<\/p>\n\n\n\n<p>Mehr erfahren<\/p>\n\n\n<p><\/p>\n<h2 style=\"text-align: center;\">Verm\u00f6genstransfer Teil II Pr\u00e4sentation &amp; Kohortenanmeldung ge\u00f6ffnet<\/h2>\n<p><img loading=\"lazy\" decoding=\"async\" class=\"wp-image-16303 aligncenter\" src=\"https:\/\/vccf.org\/wp-content\/uploads\/2022\/08\/tow-opening-slide.jpg\" alt=\"\" width=\"600\" height=\"337\" srcset=\"https:\/\/vccf.org\/wp-content\/uploads\/2022\/08\/tow-opening-slide.jpg 1831w, https:\/\/vccf.org\/wp-content\/uploads\/2022\/08\/tow-opening-slide-300x168.jpg 300w, https:\/\/vccf.org\/wp-content\/uploads\/2022\/08\/tow-opening-slide-1024x574.jpg 1024w, https:\/\/vccf.org\/wp-content\/uploads\/2022\/08\/tow-opening-slide-768x431.jpg 768w, https:\/\/vccf.org\/wp-content\/uploads\/2022\/08\/tow-opening-slide-1536x862.jpg 1536w, https:\/\/vccf.org\/wp-content\/uploads\/2022\/08\/tow-opening-slide-18x10.jpg 18w\" sizes=\"auto, (max-width: 600px) 100vw, 600px\" \/><\/p>\n<p>Teil II der <strong>\u00dcbertragung von Reichtum<\/strong> fand diese Woche im <strong>Workshop zur Bereitschaft f\u00fcr geplante Schenkungen<\/strong> die gemeinsam vom Center for Nonprofit Leadership und VCCF veranstaltet wird. Die <a href=\"https:\/\/form.jotform.com\/221867208142050\" target=\"_blank\" rel=\"noopener\">Die Folien der Pr\u00e4sentation sind \u00fcber diesen Link abrufbar<\/a>sowie <a href=\"https:\/\/vccf.org\/wp-content\/uploads\/2022\/07\/planned-giving-readiness-072122.pdf\">die Pr\u00e4sentation \"Geplante Spenden\" von Sue Nunn von Endowment Horizon<\/a>.<\/p>\n<p><a href=\"https:\/\/form.jotform.com\/221867208142050\" target=\"_blank\" rel=\"noopener\"><strong>Wenn Sie sich f\u00fcr das Planned Giving Program bewerben m\u00f6chten<\/strong><\/a> Ab diesem Herbst wird die <strong>Anmeldeschluss f\u00fcr die Teilnahme ist der 31. August<\/strong> <strong>um 17.00 Uhr.<\/strong>Jetzt bewerben<\/p>\n\n\n<p><\/p>\n<h2 style=\"text-align: center;\">Treffen Sie Terri Lisagor<\/h2>\n<p><img loading=\"lazy\" decoding=\"async\" class=\"aligncenter wp-image-16231\" src=\"https:\/\/vccf.org\/wp-content\/uploads\/2022\/07\/terri-lisagor-2.jpg\" alt=\"VCCF Donor Client Terri Lisagor teaching a class of Q\u02bceqchi\u02bc villagers in Guatemala about nutrition and oral hygiene\" width=\"600\" height=\"450\" srcset=\"https:\/\/vccf.org\/wp-content\/uploads\/2022\/07\/terri-lisagor-2.jpg 640w, https:\/\/vccf.org\/wp-content\/uploads\/2022\/07\/terri-lisagor-2-300x225.jpg 300w, https:\/\/vccf.org\/wp-content\/uploads\/2022\/07\/terri-lisagor-2-16x12.jpg 16w\" sizes=\"auto, (max-width: 600px) 100vw, 600px\" \/><\/p>\n<p>VCCF sprach mit <strong>Terri Lisagor <\/strong>f\u00fcr das Spender-Kunden-Interview im Juli zu Ehren von <strong>Nationaler Monat \"Make a Difference for Children<\/strong>. Verfolgen Sie Terris Lebensweg von der Entdeckung ihrer <strong>Lebensziel als Erzieherin<\/strong>bis in den Dschungel von Guatemala, wo sie <strong>taught&nbsp;Q\u02bceqchi\u02bc families about nutrition and oral hygiene<\/strong>und lesen Sie weiter, um zu sehen, wie diese Arbeit mit ihrer Arbeit \u00fcbereinstimmt. <strong>Philanthropie aus Liebe<\/strong>.mehr lesen<\/p>\n\n\n\n<p><\/p>\n\n\n<p><\/p>\n<h2 style=\"text-align: center;\">Die Macht der Gemeinschaft<\/h2>\n<h3 style=\"text-align: center;\"><strong>Gute Nachrichten aus Ihrer Ventura-Gemeinschaft<\/strong><\/h3>\n<p><img loading=\"lazy\" decoding=\"async\" class=\"size-full wp-image-14498 aligncenter\" src=\"https:\/\/vccf.org\/wp-content\/uploads\/2021\/12\/power-of-community.png\" alt=\"\" width=\"820\" height=\"312\" srcset=\"https:\/\/vccf.org\/wp-content\/uploads\/2021\/12\/power-of-community.png 820w, https:\/\/vccf.org\/wp-content\/uploads\/2021\/12\/power-of-community-300x114.png 300w, https:\/\/vccf.org\/wp-content\/uploads\/2021\/12\/power-of-community-768x292.png 768w, https:\/\/vccf.org\/wp-content\/uploads\/2021\/12\/power-of-community-18x7.png 18w\" sizes=\"auto, (max-width: 820px) 100vw, 820px\" \/><\/p>\n<h3 style=\"text-align: center;\"><strong>Rettung der Monarchen mit dem Santa Monica Mountains Fund<\/strong><\/h3>\n<p><\/p>\n\n\n\n<p>In diesem Monat stufte die Internationale Union f\u00fcr die Erhaltung der Natur die <strong>wandernder Monarchfalter als \"gef\u00e4hrdet\" eingestuft<\/strong> zum ersten Mal zwei Schritte vom Aussterben entfernt.<\/p>\n\n\n\n<p>Zum Gl\u00fcck ist die <strong>Santa Monica Mountains&nbsp;Fund<\/strong> is on a mission to protect this beloved species&nbsp;in our community! The <strong>SAMO-Fonds Baumschule f\u00fcr einheimische Pflanzen<\/strong> im Rancho Sierra Vista in Newbury Park ihre zweite virtuelle S\u00fcdkalifornien-Veranstaltung&nbsp;<strong>Konferenz \u00fcber Monarch und Milkweed<\/strong> im M\u00e4rz. Mit Hunderten von Teilnehmern und einer Vielzahl von Rednern bot diese kostenlose Veranstaltung Informationen, die sich an <strong>F\u00f6rderung der R\u00fcckkehr und Verbesserung der Lebensr\u00e4ume f\u00fcr Monarchen<\/strong> through planting pollinator plants and native milkweed, both vital for the survival of the species as food and habitat.&nbsp;Additionally, the Nursery&nbsp;held its first <strong>Monarch Day of Action<\/strong>die die \u00d6ffentlichkeit zu Mitmachaktionen an verschiedenen Orten zum Schutz der Monarchfalter einlud, die von <strong>Restaurierung, Demonstrationen zum Anpflanzen von Milchkraut und gef\u00fchrte Wanderungen <\/strong>und mehr.<\/p>\n\n\n\n<p>Der SAMO-Fonds hat auch <a href=\"https:\/\/www.gofundme.com\/f\/mission-monarch-helps-youth-monarchs-milkweed?qid=b0e6233b7dc5e67d7b4b03d628ae9712\" target=\"_blank\" rel=\"noopener\"><strong>Mission Monarch <\/strong><\/a>im Jahr 2021, und seit April 2022 hat sie fast <strong>10.000 schmalbl\u00e4ttrige Milchkrautpflanzen<\/strong> und \u00fcber 1.00 neue einheimische Milkweed-Parzellen in S\u00fcdkalifornien angelegt. Mission Monarch hat au\u00dferdem folgende Ma\u00dfnahmen durchgef\u00fchrt <strong>local youth to introduce them to local parks and meaningful&nbsp;work<\/strong>. Dieses Projekt zielt darauf ab, das Leben junger Menschen vor Ort zu ver\u00e4ndern und Landschaften d\u00fcrretoleranter und monarchfreundlicher zu gestalten.<strong> Die letzte Verlosung findet am Samstag, 30. Juli, statt.<\/strong> von 9 bis 12 Uhr im Arroyo Vista Recreation Center in Moorpark.<\/p>\n\n\n\n<p>Ziel der Baumschule ist es, die Erhaltung einheimischer Pflanzen zu unterst\u00fctzen und die \u00d6ffentlichkeit \u00fcber ihre Arbeit zu informieren. Die Einrichtungen erm\u00f6glichen das Wachstum von <strong>\u00fcber 50.000 Pflanzen pro Jahr<\/strong> (einschlie\u00dflich Milchkraut!), das Sammeln und Reinigen von Saatgut und das Anlegen eines Herbariums einheimischer Pflanzen, alles unter Einbeziehung von Freiwilligen aus der Gemeinde.&nbsp;<a href=\"https:\/\/www.samofund.org\/native-plant-nursery\" target=\"_blank\" rel=\"noopener\">Klicken Sie hier, um mehr \u00fcber ihre Arbeit und aktuellen Projekte zu erfahren<\/a>&nbsp;und <a href=\"https:\/\/www.samofund.org\/blog\/9ukc6jso4s2um4tvy4gjucsjg19ouz\" target=\"_blank\" rel=\"noopener\">Lesen Sie mehr \u00fcber die neue Gesch\u00e4ftsf\u00fchrerin von SAMO, Deanna Armbruster<\/a>.<\/p>","protected":false},"excerpt":{"rendered":"<p>Dear Ventura County Community Foundation Family, This year, VCCF will award over $1.4 million in scholarships to more than 300 inspiring local students. VCCF could not support the educational pursuits&hellip;<\/p>","protected":false},"author":3,"featured_media":16231,"comment_status":"closed","ping_status":"closed","sticky":false,"template":"","format":"standard","meta":{"_acf_changed":false,"give_campaign_id":0,"footnotes":""},"categories":[24],"tags":[],"class_list":["post-16299","post","type-post","status-publish","format-standard","has-post-thumbnail","hentry","category-newsletters"],"acf":[],"_links":{"self":[{"href":"https:\/\/vccf.org\/de\/wp-json\/wp\/v2\/posts\/16299","targetHints":{"allow":["GET"]}}],"collection":[{"href":"https:\/\/vccf.org\/de\/wp-json\/wp\/v2\/posts"}],"about":[{"href":"https:\/\/vccf.org\/de\/wp-json\/wp\/v2\/types\/post"}],"author":[{"embeddable":true,"href":"https:\/\/vccf.org\/de\/wp-json\/wp\/v2\/users\/3"}],"replies":[{"embeddable":true,"href":"https:\/\/vccf.org\/de\/wp-json\/wp\/v2\/comments?post=16299"}],"version-history":[{"count":0,"href":"https:\/\/vccf.org\/de\/wp-json\/wp\/v2\/posts\/16299\/revisions"}],"wp:featuredmedia":[{"embeddable":true,"href":"https:\/\/vccf.org\/de\/wp-json\/wp\/v2\/media\/16231"}],"wp:attachment":[{"href":"https:\/\/vccf.org\/de\/wp-json\/wp\/v2\/media?parent=16299"}],"wp:term":[{"taxonomy":"category","embeddable":true,"href":"https:\/\/vccf.org\/de\/wp-json\/wp\/v2\/categories?post=16299"},{"taxonomy":"post_tag","embeddable":true,"href":"https:\/\/vccf.org\/de\/wp-json\/wp\/v2\/tags?post=16299"}],"curies":[{"name":"wp","href":"https:\/\/api.w.org\/{rel}","templated":true}]}}