{"id":16836,"date":"2022-10-31T12:06:31","date_gmt":"2022-10-31T19:06:31","guid":{"rendered":"https:\/\/vccf.org\/?p=16836"},"modified":"2025-03-03T05:30:04","modified_gmt":"2025-03-03T13:30:04","slug":"power-of-purpose-october-31-2022","status":"publish","type":"post","link":"https:\/\/vccf.org\/de\/power-of-purpose-october-31-2022\/","title":{"rendered":"Macht der Bestimmung - 31. Oktober 2022"},"content":{"rendered":"<p><img loading=\"lazy\" decoding=\"async\" class=\"aligncenter wp-image-14303 size-full\" src=\"https:\/\/vccf.org\/wp-content\/uploads\/2021\/12\/0ea2f070-926c-4b9e-fc28-bf93f02f9fe2.png\" alt=\"\" width=\"600\" height=\"301\" srcset=\"https:\/\/vccf.org\/wp-content\/uploads\/2021\/12\/0ea2f070-926c-4b9e-fc28-bf93f02f9fe2.png 600w, https:\/\/vccf.org\/wp-content\/uploads\/2021\/12\/0ea2f070-926c-4b9e-fc28-bf93f02f9fe2-300x151.png 300w, https:\/\/vccf.org\/wp-content\/uploads\/2021\/12\/0ea2f070-926c-4b9e-fc28-bf93f02f9fe2-18x9.png 18w\" sizes=\"auto, (max-width: 600px) 100vw, 600px\" \/>Liebe Ventura County Community Foundation Familie,<\/p>\n<p>Es wurde <strong>20 Jahre seit dem ersten offiziellen Unterrichtstag an der California State University, Channel Islands (CSUCI)<\/strong>. Es ist inspirierend, die historische Zeitleiste der Ereignisse zu lesen, die dazu f\u00fchrten, dass Ventura County seine eigene angesehene vierj\u00e4hrige \u00f6ffentliche Universit\u00e4t hat, und das Thema dieses Meilensteins, \"Ehrung unserer Vergangenheit - Aufbau der Zukunft\", ist einfach perfekt.<\/p>\n<p>Seit der Gr\u00fcndung der CSUCI waren es echte Gemeinschaftsanstrengungen und eine vision\u00e4re F\u00fchrung, die dazu gef\u00fchrt haben, dass <strong>lebensver\u00e4ndernde Bildung f\u00fcr unsere Region<\/strong>. Die wirtschaftlichen und kulturellen Vorteile f\u00fcr unsere Gemeinschaft sind zu zahlreich, um sie hier aufzuz\u00e4hlen; <strong>die Universit\u00e4t ist wirklich ein Eckpfeiler f\u00fcr eine gesunde Zukunft f\u00fcr alle in Ventura County<\/strong>.<\/p>\n<p>In unserer Gemeinschaft gibt es so viel Gutes zu tun. Im Folgenden finden Sie nur einige von vielen Beispielen. Unterm Strich, <strong>unser gemeinn\u00fctziger Sektor ist voll von Menschen wie Ihnen, die mit ganzem Herzen dabei sind<\/strong>Sie tun alles, was sie k\u00f6nnen, um in unserer gemeinsamen Welt etwas zu bewirken. Ich danke Ihnen!<\/p>\n<p>Abschlie\u00dfend hoffe ich, dass Sie mit mir die Anerkennung der folgenden Personen feiern werden <strong>Leah Lacayo, Vorstandssekret\u00e4rin des VCCF, f\u00fcr die Verleihung des Robert J. Lagomarsino Award 2022<\/strong> von CSUCI, und VCCF Vize <strong>President &amp; Chief Financial Officer, Bonnie Gilles, die von der Pacific Coast Business Times als TOP CFO in unserer Region ausgezeichnet wurde.<\/strong><\/p>\n<p>In Dankbarkeit,<br \/>\nVanessa<br \/>\n<em>Vanessa Bechtel, VCCF Pr\u00e4sidentin und CEO<\/em><img loading=\"lazy\" decoding=\"async\" class=\"wp-image-22681 size-medium alignleft\" src=\"https:\/\/vccf.org\/wp-content\/uploads\/2022\/10\/bonnie-scaled-1-300x189.jpg\" alt=\"\" width=\"300\" height=\"189\" srcset=\"https:\/\/vccf.org\/wp-content\/uploads\/2022\/10\/bonnie-scaled-1-300x189.jpg 300w, https:\/\/vccf.org\/wp-content\/uploads\/2022\/10\/bonnie-scaled-1-1024x645.jpg 1024w, https:\/\/vccf.org\/wp-content\/uploads\/2022\/10\/bonnie-scaled-1-768x484.jpg 768w, https:\/\/vccf.org\/wp-content\/uploads\/2022\/10\/bonnie-scaled-1-1536x967.jpg 1536w, https:\/\/vccf.org\/wp-content\/uploads\/2022\/10\/bonnie-scaled-1-18x12.jpg 18w, https:\/\/vccf.org\/wp-content\/uploads\/2022\/10\/bonnie-scaled-1.jpg 1920w\" sizes=\"auto, (max-width: 300px) 100vw, 300px\" \/><img loading=\"lazy\" decoding=\"async\" class=\"wp-image-22682 size-medium alignright\" src=\"https:\/\/vccf.org\/wp-content\/uploads\/2022\/10\/leah-scaled-e1667329133651-300x191.jpg\" alt=\"\" width=\"300\" height=\"191\" srcset=\"https:\/\/vccf.org\/wp-content\/uploads\/2022\/10\/leah-scaled-e1667329133651-300x191.jpg 300w, https:\/\/vccf.org\/wp-content\/uploads\/2022\/10\/leah-scaled-e1667329133651-1024x653.jpg 1024w, https:\/\/vccf.org\/wp-content\/uploads\/2022\/10\/leah-scaled-e1667329133651-768x490.jpg 768w, https:\/\/vccf.org\/wp-content\/uploads\/2022\/10\/leah-scaled-e1667329133651-1536x979.jpg 1536w, https:\/\/vccf.org\/wp-content\/uploads\/2022\/10\/leah-scaled-e1667329133651-18x12.jpg 18w, https:\/\/vccf.org\/wp-content\/uploads\/2022\/10\/leah-scaled-e1667329133651.jpg 1920w\" sizes=\"auto, (max-width: 300px) 100vw, 300px\" \/>CSUCI unterst\u00fctzen<\/p>\n<h2 style=\"text-align: center;\">Besuch von Growing Works vor Ort mit Supervisor Linda Parks<\/h2>\n<p><img loading=\"lazy\" decoding=\"async\" class=\"alignleft wp-image-16574 size-medium\" src=\"https:\/\/vccf.org\/wp-content\/uploads\/2022\/09\/dsc00174-scaled-1-300x200.jpg\" alt=\"\" width=\"300\" height=\"200\" srcset=\"https:\/\/vccf.org\/wp-content\/uploads\/2022\/09\/dsc00174-scaled-1-300x200.jpg 300w, https:\/\/vccf.org\/wp-content\/uploads\/2022\/09\/dsc00174-scaled-1-1024x683.jpg 1024w, https:\/\/vccf.org\/wp-content\/uploads\/2022\/09\/dsc00174-scaled-1-768x512.jpg 768w, https:\/\/vccf.org\/wp-content\/uploads\/2022\/09\/dsc00174-scaled-1-1536x1024.jpg 1536w, https:\/\/vccf.org\/wp-content\/uploads\/2022\/09\/dsc00174-scaled-1-18x12.jpg 18w, https:\/\/vccf.org\/wp-content\/uploads\/2022\/09\/dsc00174-scaled-1.jpg 1920w\" sizes=\"auto, (max-width: 300px) 100vw, 300px\" \/><img loading=\"lazy\" decoding=\"async\" class=\"wp-image-22684 size-medium alignright\" src=\"https:\/\/vccf.org\/wp-content\/uploads\/2022\/10\/5dsc00169-scaled-1-300x200.jpg\" alt=\"\" width=\"300\" height=\"200\" srcset=\"https:\/\/vccf.org\/wp-content\/uploads\/2022\/10\/5dsc00169-scaled-1-300x200.jpg 300w, https:\/\/vccf.org\/wp-content\/uploads\/2022\/10\/5dsc00169-scaled-1-1024x683.jpg 1024w, https:\/\/vccf.org\/wp-content\/uploads\/2022\/10\/5dsc00169-scaled-1-768x512.jpg 768w, https:\/\/vccf.org\/wp-content\/uploads\/2022\/10\/5dsc00169-scaled-1-1536x1024.jpg 1536w, https:\/\/vccf.org\/wp-content\/uploads\/2022\/10\/5dsc00169-scaled-1-18x12.jpg 18w, https:\/\/vccf.org\/wp-content\/uploads\/2022\/10\/5dsc00169-scaled-1.jpg 1920w\" sizes=\"auto, (max-width: 300px) 100vw, 300px\" \/>VCCF-Mitarbeiter und das Geber-Peer-Netzwerk besichtigten <strong>Wachsende Werke<\/strong>Einrichtung in der Lewis Road in Camarillo. Dieses Zentrum f\u00fcr \"Gartentherapie\" <strong>hilft Mitgliedern der Gemeinschaft, die von Obdachlosigkeit betroffen sind<\/strong> sich in Selbstf\u00fcrsorge \u00fcben, wertvolle F\u00e4higkeiten erlernen und die Barrieren \u00fcberwinden, auf die man so oft st\u00f6\u00dft, wenn man sich im Netz der sozialen Dienste von Ventura County bewegt.Read More<\/p>\n<h2 style=\"text-align: center;\">Nationale Stiftung f\u00fcr Katastrophensuchhunde<\/h2>\n<h3 style=\"text-align: center;\"><em>Pfoten vor Ort nach den Wirbelst\u00fcrmen<\/em><\/h3>\n<p><img loading=\"lazy\" decoding=\"async\" class=\"aligncenter wp-image-16844\" src=\"https:\/\/vccf.org\/wp-content\/uploads\/2022\/11\/sdf.jpg\" alt=\"\" width=\"600\" height=\"338\" srcset=\"https:\/\/vccf.org\/wp-content\/uploads\/2022\/11\/sdf.jpg 800w, https:\/\/vccf.org\/wp-content\/uploads\/2022\/11\/sdf-300x169.jpg 300w, https:\/\/vccf.org\/wp-content\/uploads\/2022\/11\/sdf-768x432.jpg 768w, https:\/\/vccf.org\/wp-content\/uploads\/2022\/11\/sdf-18x10.jpg 18w\" sizes=\"auto, (max-width: 600px) 100vw, 600px\" \/><\/p>\n<p>Als Reaktion auf die <strong>t\u00f6dliche Zerst\u00f6rung durch die Hurrikane Fiona und Ian<\/strong>Die gemeinn\u00fctzige Organisation mit Sitz in Santa Paula <strong>Nationale Stiftung f\u00fcr Katastrophensuchhunde<\/strong> im Einsatz <strong>vier ausgebildete Hundeteams f\u00fcr Katastrophenf\u00e4lle<\/strong> w\u00e4hrend und nach diesen St\u00fcrmen, um <strong>Gemeinden in Not helfen<\/strong>.mehr lesen<\/p>\n<h2 style=\"text-align: center;\">Kimberly J. Engberg Fund for LGBTQ+ Equality - Antr\u00e4ge ge\u00f6ffnet!<\/h2>\n<p><img loading=\"lazy\" decoding=\"async\" class=\"size-full wp-image-14495 aligncenter\" src=\"https:\/\/vccf.org\/wp-content\/uploads\/2021\/12\/kjef-white0.png\" alt=\"\" width=\"392\" height=\"196\" srcset=\"https:\/\/vccf.org\/wp-content\/uploads\/2021\/12\/kjef-white0.png 392w, https:\/\/vccf.org\/wp-content\/uploads\/2021\/12\/kjef-white0-300x150.png 300w, https:\/\/vccf.org\/wp-content\/uploads\/2021\/12\/kjef-white0-18x9.png 18w\" sizes=\"auto, (max-width: 392px) 100vw, 392px\" \/><strong>Bewerbungen f\u00fcr den Kimberly J. Engberg Fund for LGBTQ+ Equality sind m\u00f6glich!<\/strong> Dieser Fonds konzentriert sich auf <strong>Organisationen, die sich zu LGBTQ-Identit\u00e4ten bekennen und diesen Gemeinschaften dienen<\/strong> in den Bezirken Ventura, Santa Barbara und San Luis Obispo. Die Antr\u00e4ge m\u00fcssen \u00fcber das VCCF Fund Portal eingereicht werden bis <strong>Freitag, 18. November 2022. <\/strong>Hier bewerben<img loading=\"lazy\" decoding=\"async\" class=\"aligncenter wp-image-16845 size-full\" src=\"https:\/\/vccf.org\/wp-content\/uploads\/2022\/11\/natl-philanthropy-day.jpg\" alt=\"\" width=\"600\" height=\"205\" srcset=\"https:\/\/vccf.org\/wp-content\/uploads\/2022\/11\/natl-philanthropy-day.jpg 600w, https:\/\/vccf.org\/wp-content\/uploads\/2022\/11\/natl-philanthropy-day-300x103.jpg 300w, https:\/\/vccf.org\/wp-content\/uploads\/2022\/11\/natl-philanthropy-day-18x6.jpg 18w\" sizes=\"auto, (max-width: 600px) 100vw, 600px\" \/><\/p>\n<p>Am 15. November m\u00f6chte die VCCF <strong>jeden in unserer philanthropischen Gemeinschaft feiern<\/strong> f\u00fcr ihre <strong>Gro\u00dfz\u00fcgigkeit und aktive Unterst\u00fctzung von Ventura County!<\/strong> Vielen Dank an alle unsere unglaublichen Spender und <strong>sehen Sie, wie Sie etwas bewirken k\u00f6nnen<\/strong> mit Ihrer B\u00fcrgerstiftung.Fonds gr\u00fcnden<\/p>\n<h2 style=\"text-align: center;\">Die Macht der Gemeinschaft<\/h2>\n<h3 style=\"text-align: center;\">Gute Nachrichten aus IHRER Ventura-Gemeinschaft<\/h3>\n<p><img loading=\"lazy\" decoding=\"async\" class=\"size-full wp-image-14498 aligncenter\" src=\"https:\/\/vccf.org\/wp-content\/uploads\/2021\/12\/power-of-community.png\" alt=\"\" width=\"820\" height=\"312\" srcset=\"https:\/\/vccf.org\/wp-content\/uploads\/2021\/12\/power-of-community.png 820w, https:\/\/vccf.org\/wp-content\/uploads\/2021\/12\/power-of-community-300x114.png 300w, https:\/\/vccf.org\/wp-content\/uploads\/2021\/12\/power-of-community-768x292.png 768w, https:\/\/vccf.org\/wp-content\/uploads\/2021\/12\/power-of-community-18x7.png 18w\" sizes=\"auto, (max-width: 820px) 100vw, 820px\" \/><\/p>\n<h3 style=\"text-align: center;\">Amerikanisches Rotes Kreuz unterst\u00fctzt Tausende nach dem Hurrikan Ian<\/h3>\n<p><img loading=\"lazy\" decoding=\"async\" class=\"aligncenter wp-image-16847\" src=\"https:\/\/vccf.org\/wp-content\/uploads\/2022\/11\/red-cross-ian.jpg\" alt=\"\" width=\"600\" height=\"246\" srcset=\"https:\/\/vccf.org\/wp-content\/uploads\/2022\/11\/red-cross-ian.jpg 1132w, https:\/\/vccf.org\/wp-content\/uploads\/2022\/11\/red-cross-ian-300x123.jpg 300w, https:\/\/vccf.org\/wp-content\/uploads\/2022\/11\/red-cross-ian-1024x421.jpg 1024w, https:\/\/vccf.org\/wp-content\/uploads\/2022\/11\/red-cross-ian-768x315.jpg 768w, https:\/\/vccf.org\/wp-content\/uploads\/2022\/11\/red-cross-ian-18x7.jpg 18w\" sizes=\"auto, (max-width: 600px) 100vw, 600px\" \/><\/p>\n<p>Mehr als 1 500 Freiwillige und Mitarbeiter des Amerikanischen Roten Kreuzes leisteten Zehntausenden von Floridianern nach dem Hurrikan Ian, einem der schlimmsten St\u00fcrme, der den Bundesstaat heimsuchte, Hilfe. W\u00e4hrend etwa 600.000 Einwohner mit Stromausf\u00e4llen und t\u00fcckischen Bedingungen konfrontiert waren, als der Hurrikan \u00fcber die St\u00e4dte Floridas hinwegfegte, arbeiteten die Helfer des Roten Kreuzes unerm\u00fcdlich, um in Notunterk\u00fcnften und mit Hilfe von Rettungsfahrzeugen in schwer zug\u00e4nglichen Regionen Mahlzeiten, Ruhe, emotionale Unterst\u00fctzung und mehr anzubieten.<\/p>\n<p><img loading=\"lazy\" decoding=\"async\" class=\"aligncenter wp-image-16848\" src=\"https:\/\/vccf.org\/wp-content\/uploads\/2022\/11\/red-cross.jpg\" alt=\"\" width=\"600\" height=\"181\" srcset=\"https:\/\/vccf.org\/wp-content\/uploads\/2022\/11\/red-cross.jpg 1801w, https:\/\/vccf.org\/wp-content\/uploads\/2022\/11\/red-cross-300x91.jpg 300w, https:\/\/vccf.org\/wp-content\/uploads\/2022\/11\/red-cross-1024x309.jpg 1024w, https:\/\/vccf.org\/wp-content\/uploads\/2022\/11\/red-cross-768x232.jpg 768w, https:\/\/vccf.org\/wp-content\/uploads\/2022\/11\/red-cross-1536x464.jpg 1536w, https:\/\/vccf.org\/wp-content\/uploads\/2022\/11\/red-cross-18x5.jpg 18w\" sizes=\"auto, (max-width: 600px) 100vw, 600px\" \/>Mehr lesen<\/p>\n<h2 style=\"text-align: center;\">Veranstaltungen<\/h2>\n<p><img loading=\"lazy\" decoding=\"async\" class=\"aligncenter wp-image-16849\" src=\"https:\/\/vccf.org\/wp-content\/uploads\/2022\/11\/nov-coffee-connections-fb-header.png\" alt=\"\" width=\"600\" height=\"338\" srcset=\"https:\/\/vccf.org\/wp-content\/uploads\/2022\/11\/nov-coffee-connections-fb-header.png 1920w, https:\/\/vccf.org\/wp-content\/uploads\/2022\/11\/nov-coffee-connections-fb-header-300x169.png 300w, https:\/\/vccf.org\/wp-content\/uploads\/2022\/11\/nov-coffee-connections-fb-header-1024x576.png 1024w, https:\/\/vccf.org\/wp-content\/uploads\/2022\/11\/nov-coffee-connections-fb-header-768x432.png 768w, https:\/\/vccf.org\/wp-content\/uploads\/2022\/11\/nov-coffee-connections-fb-header-1536x864.png 1536w, https:\/\/vccf.org\/wp-content\/uploads\/2022\/11\/nov-coffee-connections-fb-header-18x10.png 18w\" sizes=\"auto, (max-width: 600px) 100vw, 600px\" \/>Register<\/p>","protected":false},"excerpt":{"rendered":"<p>Dear Ventura County Community Foundation Family, It has been 20 years since California State University, Channel Islands (CSUCI) held its first official day of classes. It is inspiring to read&hellip;<\/p>","protected":false},"author":3,"featured_media":16574,"comment_status":"closed","ping_status":"closed","sticky":false,"template":"","format":"standard","meta":{"_acf_changed":false,"give_campaign_id":0,"footnotes":""},"categories":[24],"tags":[],"class_list":["post-16836","post","type-post","status-publish","format-standard","has-post-thumbnail","hentry","category-newsletters"],"acf":[],"_links":{"self":[{"href":"https:\/\/vccf.org\/de\/wp-json\/wp\/v2\/posts\/16836","targetHints":{"allow":["GET"]}}],"collection":[{"href":"https:\/\/vccf.org\/de\/wp-json\/wp\/v2\/posts"}],"about":[{"href":"https:\/\/vccf.org\/de\/wp-json\/wp\/v2\/types\/post"}],"author":[{"embeddable":true,"href":"https:\/\/vccf.org\/de\/wp-json\/wp\/v2\/users\/3"}],"replies":[{"embeddable":true,"href":"https:\/\/vccf.org\/de\/wp-json\/wp\/v2\/comments?post=16836"}],"version-history":[{"count":0,"href":"https:\/\/vccf.org\/de\/wp-json\/wp\/v2\/posts\/16836\/revisions"}],"wp:featuredmedia":[{"embeddable":true,"href":"https:\/\/vccf.org\/de\/wp-json\/wp\/v2\/media\/16574"}],"wp:attachment":[{"href":"https:\/\/vccf.org\/de\/wp-json\/wp\/v2\/media?parent=16836"}],"wp:term":[{"taxonomy":"category","embeddable":true,"href":"https:\/\/vccf.org\/de\/wp-json\/wp\/v2\/categories?post=16836"},{"taxonomy":"post_tag","embeddable":true,"href":"https:\/\/vccf.org\/de\/wp-json\/wp\/v2\/tags?post=16836"}],"curies":[{"name":"wp","href":"https:\/\/api.w.org\/{rel}","templated":true}]}}