{"id":17893,"date":"2023-03-28T16:48:21","date_gmt":"2023-03-28T23:48:21","guid":{"rendered":"https:\/\/vccf.org\/?p=17893"},"modified":"2026-02-25T10:11:34","modified_gmt":"2026-02-25T18:11:34","slug":"vccf-power-of-purpose-newsletter-march-28-2023","status":"publish","type":"post","link":"https:\/\/vccf.org\/de\/vccf-power-of-purpose-newsletter-march-28-2023\/","title":{"rendered":"VCCF Power of Purpose Newsletter - M\u00e4rz 28, 2023"},"content":{"rendered":"<div class=\"wp-block-image\">\n<figure class=\"aligncenter size-full is-resized\"><img loading=\"lazy\" decoding=\"async\" width=\"600\" height=\"301\" src=\"https:\/\/vccf.org\/wp-content\/uploads\/2021\/12\/0ea2f070-926c-4b9e-fc28-bf93f02f9fe2.png\" alt=\"\" class=\"wp-image-14303\" style=\"width:768px;height:auto\" srcset=\"https:\/\/vccf.org\/wp-content\/uploads\/2021\/12\/0ea2f070-926c-4b9e-fc28-bf93f02f9fe2.png 600w, https:\/\/vccf.org\/wp-content\/uploads\/2021\/12\/0ea2f070-926c-4b9e-fc28-bf93f02f9fe2-300x151.png 300w, https:\/\/vccf.org\/wp-content\/uploads\/2021\/12\/0ea2f070-926c-4b9e-fc28-bf93f02f9fe2-18x9.png 18w\" sizes=\"auto, (max-width: 600px) 100vw, 600px\" \/><\/figure>\n<\/div>\n\n\n<p>Liebe Ventura County Community Foundation Familie,<\/p>\n\n\n\n<p>Obwohl ich in Maine aufgewachsen bin und wei\u00df, wie man mit dem Wetter umgeht (in Maine sagen wir gerne: \"Wenn du das Wetter nicht magst, warte eine Minute...\"), kann ich mich nicht erinnern, in meinen fast 40 Jahren in Kalifornien solche St\u00fcrme wie in dieser Saison erlebt zu haben. Diese St\u00fcrme haben unserer Region noch nie dagewesene Niederschl\u00e4ge gebracht, was sich zwar positiv auf unsere D\u00fcrre ausgewirkt hat (obwohl sie noch lange nicht vorbei ist), aber auch verheerende Folgen f\u00fcr viele Menschen hatte, vor allem f\u00fcr diejenigen, die nicht die Mittel haben, sich schnell oder vollst\u00e4ndig zu erholen.&nbsp;<strong>VCCF unterst\u00fctzt weiterhin 805 UndocuFund und das Programm zur Unterst\u00fctzung von Landarbeiterhaushalten<\/strong>&nbsp;um diesen bed\u00fcrftigen Familien in unserer Gemeinde Ressourcen zur Verf\u00fcgung zu stellen.<\/p>\n\n\n\n<p>Auf der Sitzung des VCCF-Verwaltungsrats im M\u00e4rz genehmigte der Verwaltungsrat mehr als&nbsp;<strong>$200.000 an Zusch\u00fcssen f\u00fcr gemeinn\u00fctzige Organisationen, die sich f\u00fcr die Gesundheit unserer Gemeinschaft einsetzen<\/strong>. Diese Zusch\u00fcsse erm\u00f6glichten es der Westminster Free Clinic, Planned Parenthood Central Coast und der Conejo Free Clinic, neue medizinische Ger\u00e4te zu kaufen und ihre Dienstleistungen zu erweitern.<\/p>\n\n\n\n<p>Ein Beispiel f\u00fcr einen sinnvollen Beitrag, den wir gemeinsam leisten, ist&nbsp;<strong>Stiftung f\u00fcr Gesundheitspflege f\u00fcr den Bezirk Ventura<\/strong>&nbsp;um den Spezialisten f\u00fcr Kinderleben im Ventura County Medical Center zu unterst\u00fctzen. Dank Amy Towner, der Gesch\u00e4ftsf\u00fchrerin des HCFVC, hatte ich das Vergn\u00fcgen, das VCMC zu besichtigen, und ich muss den eindr\u00fccklichsten Moment teilen, den ich bei dieser Tour hatte.&nbsp;<strong>Ich wurde Caitlyn Martin vorgestellt, VCMC's Certified Child Life Specialist<\/strong>. Das VCMC betreut einige der kr\u00e4nksten Kinder in Ventura County, und Caitlyn sorgt daf\u00fcr, dass diese jungen Patienten sich wohlf\u00fchlen. Mit ihrem einf\u00fchlsamen und pers\u00f6nlichen Ansatz hilft sie den Kindern bei der Vorbereitung auf Behandlungen wie Impfungen, Krebsbehandlungen und Operationen. Diese Kinder werden von Caitlyn in einigen ihrer schwierigsten Momente getr\u00f6stet. Ich wusste nicht, dass es diesen wunderbaren Dienst in Ventura County gibt, und ich nehme an, dass die meisten von Ihnen das auch nicht wussten. Caitlyn, ich danke Ihnen f\u00fcr die Arbeit, die Sie zur Unterst\u00fctzung unserer Gemeinschaft und insbesondere unserer Kinder leisten.<\/p>\n\n\n\n<p>Ich bin zuversichtlich, dass wir ein wunderbares Jahr des Gebens vor uns haben. Wir befinden uns in der Endphase der Vorbereitung unserer&nbsp;<strong>Legacy-Magazin<\/strong>&nbsp;in der viele Geschichten von unseren Spendern und gemeinn\u00fctzigen Partnern zu lesen sein werden, sowie die positiven Auswirkungen, die wir gemeinsam in Ventura County haben. Wir danken Ihnen f\u00fcr Ihre Partnerschaft.<\/p>\n\n\n\n<p>Jeffrey Lambert, Betriebsleiter des VCCF<\/p>\n\n\n\n<div style=\"height:10px\" aria-hidden=\"true\" class=\"wp-block-spacer\"><\/div>\n\n\n\n<figure class=\"wp-block-embed is-type-video is-provider-youtube wp-block-embed-youtube wp-embed-aspect-16-9 wp-has-aspect-ratio\"><div class=\"wp-block-embed__wrapper\">\n<iframe loading=\"lazy\" title=\"Child Life Specialist at Ventura County Medical Center\" width=\"500\" height=\"281\" src=\"https:\/\/www.youtube.com\/embed\/rDqcMOGYS9Y?feature=oembed\" frameborder=\"0\" allow=\"accelerometer; autoplay; clipboard-write; encrypted-media; gyroscope; picture-in-picture; web-share\" referrerpolicy=\"strict-origin-when-cross-origin\" allowfullscreen><\/iframe>\n<\/div><figcaption class=\"wp-element-caption\"><em>Wenn Sie mehr \u00fcber Caitlin und ihre Arbeit als Certified Child Life Specialist des VCMC erfahren m\u00f6chten, sehen Sie sich dieses Video an!<\/em><\/figcaption><\/figure>\n\n\n\n<div style=\"height:10px\" aria-hidden=\"true\" class=\"wp-block-spacer\"><\/div>\n\n\n\n<hr class=\"wp-block-separator has-alpha-channel-opacity\"\/>\n\n\n<div class=\"wp-block-image\">\n<figure class=\"alignleft size-full is-resized\"><img loading=\"lazy\" decoding=\"async\" width=\"688\" height=\"586\" src=\"https:\/\/vccf.org\/wp-content\/uploads\/2023\/04\/805uf-winter-update.jpg\" alt=\"\" class=\"wp-image-17702\" style=\"width:328px;height:auto\" srcset=\"https:\/\/vccf.org\/wp-content\/uploads\/2023\/04\/805uf-winter-update.jpg 688w, https:\/\/vccf.org\/wp-content\/uploads\/2023\/04\/805uf-winter-update-300x256.jpg 300w, https:\/\/vccf.org\/wp-content\/uploads\/2023\/04\/805uf-winter-update-14x12.jpg 14w\" sizes=\"auto, (max-width: 688px) 100vw, 688px\" \/><\/figure>\n<\/div>\n\n\n<h2 class=\"wp-block-heading has-text-align-center\">805 UndocuFund Update<\/h2>\n\n\n\n<p>Unsere Freunde von&nbsp;<strong>805 UndocuFund<\/strong>&nbsp;haben in diesem verregneten Winter hart gearbeitet&nbsp;<strong>Unterst\u00fctzung lokaler Familien ohne Papiere w\u00e4hrend der St\u00fcrme<\/strong>. Sehen Sie sich die unten stehende Pr\u00e4sentation an, um einen Einblick in ihre unglaubliche Arbeit und die Familien zu bekommen, denen sie durch die Katastrophen helfen.<\/p>\n\n\n\n<div class=\"wp-block-buttons is-layout-flex wp-block-buttons-is-layout-flex\">\n<div class=\"wp-block-button has-custom-width wp-block-button__width-50\"><a class=\"wp-block-button__link has-fl-topbar-bg-color has-fl-accent-background-color has-text-color has-background has-link-color has-medium-font-size has-custom-font-size wp-element-button\">Mehr erfahren<\/a><\/div>\n<\/div>\n\n\n\n<div style=\"height:10px\" aria-hidden=\"true\" class=\"wp-block-spacer\"><\/div>\n\n\n\n<hr class=\"wp-block-separator has-alpha-channel-opacity\"\/>\n\n\n<div class=\"wp-block-image\">\n<figure class=\"alignleft size-full is-resized\"><img loading=\"lazy\" decoding=\"async\" width=\"500\" height=\"400\" src=\"https:\/\/vccf.org\/wp-content\/uploads\/2023\/05\/aaron-emily-blog-post.png\" alt=\"\" class=\"wp-image-17896\" style=\"width:389px;height:auto\" srcset=\"https:\/\/vccf.org\/wp-content\/uploads\/2023\/05\/aaron-emily-blog-post.png 500w, https:\/\/vccf.org\/wp-content\/uploads\/2023\/05\/aaron-emily-blog-post-300x240.png 300w, https:\/\/vccf.org\/wp-content\/uploads\/2023\/05\/aaron-emily-blog-post-15x12.png 15w\" sizes=\"auto, (max-width: 500px) 100vw, 500px\" \/><\/figure>\n<\/div>\n\n\n<h2 class=\"wp-block-heading has-text-align-center\">Willkommen bei VCCF, Emily und Aaron!<\/h2>\n\n\n\n<p>We\u2019d like to welcome two of our newest team members! Emily Marostica serves as our Scholarship Coordinator, and Aaron Weissman serves as our Database Manager.<\/p>\n\n\n\n<div class=\"wp-block-buttons is-layout-flex wp-block-buttons-is-layout-flex\">\n<div class=\"wp-block-button has-custom-width wp-block-button__width-75\"><a class=\"wp-block-button__link has-fl-topbar-bg-color has-fl-accent-background-color has-text-color has-background has-link-color has-medium-font-size has-custom-font-size wp-element-button\" href=\"https:\/\/vccf.org\/de\/meet-emily-marostica-aaron-weissman-newest-vccf-staff\/\">Meet Aaron &amp; Emily<\/a><\/div>\n<\/div>\n\n\n\n<p><\/p>\n\n\n\n<div style=\"height:10px\" aria-hidden=\"true\" class=\"wp-block-spacer\"><\/div>\n\n\n\n<hr class=\"wp-block-separator has-alpha-channel-opacity\"\/>\n\n\n<div class=\"wp-block-image\">\n<figure class=\"alignleft size-full\"><img loading=\"lazy\" decoding=\"async\" width=\"373\" height=\"379\" src=\"https:\/\/vccf.org\/wp-content\/uploads\/2023\/05\/roscoes.jpg\" alt=\"\" class=\"wp-image-17897\" srcset=\"https:\/\/vccf.org\/wp-content\/uploads\/2023\/05\/roscoes.jpg 373w, https:\/\/vccf.org\/wp-content\/uploads\/2023\/05\/roscoes-295x300.jpg 295w, https:\/\/vccf.org\/wp-content\/uploads\/2023\/05\/roscoes-12x12.jpg 12w\" sizes=\"auto, (max-width: 373px) 100vw, 373px\" \/><\/figure>\n<\/div>\n\n\n<h2 class=\"wp-block-heading has-text-align-center\">Meet Kerry &amp; Stacy Roscoe<\/h2>\n\n\n\n<p>VCCF befragt&nbsp;<strong>Kerry und Stacy Roscoe<\/strong>&nbsp;f\u00fcr unsere&nbsp;<strong>M\u00e4rz Interview mit Spenderkunden<\/strong>. Diese langj\u00e4hrigen VCCF-Unterst\u00fctzer und -Freiwilligen sprachen \u00fcber das VCCF-Stipendienprogramm, ihre Inspirationen f\u00fcr den Dienst und die Bedeutung der F\u00f6rderung von Bildungsgerechtigkeit in ihrem Leben.Read More<\/p>\n\n\n\n<div class=\"wp-block-buttons is-layout-flex wp-block-buttons-is-layout-flex\">\n<div class=\"wp-block-button has-custom-width wp-block-button__width-75\"><a class=\"wp-block-button__link has-fl-topbar-bg-color has-fl-accent-background-color has-text-color has-background has-link-color has-medium-font-size has-custom-font-size wp-element-button\" href=\"https:\/\/vccf.org\/de\/vccf-donor-spotlight-interview-with-kerry-and-stacy-roscoe\/\">Read the Interview<\/a><\/div>\n<\/div>\n\n\n\n<p><\/p>\n\n\n\n<div style=\"height:10px\" aria-hidden=\"true\" class=\"wp-block-spacer\"><\/div>\n\n\n\n<hr class=\"wp-block-separator has-alpha-channel-opacity\"\/>\n\n\n\n<h2 class=\"wp-block-heading has-text-align-center\">Die Macht der Gemeinschaft<\/h2>\n\n\n<div class=\"wp-block-image\">\n<figure class=\"aligncenter size-full\"><img loading=\"lazy\" decoding=\"async\" width=\"820\" height=\"312\" src=\"https:\/\/vccf.org\/wp-content\/uploads\/2021\/12\/power-of-community.png\" alt=\"\" class=\"wp-image-14498\" srcset=\"https:\/\/vccf.org\/wp-content\/uploads\/2021\/12\/power-of-community.png 820w, https:\/\/vccf.org\/wp-content\/uploads\/2021\/12\/power-of-community-300x114.png 300w, https:\/\/vccf.org\/wp-content\/uploads\/2021\/12\/power-of-community-768x292.png 768w, https:\/\/vccf.org\/wp-content\/uploads\/2021\/12\/power-of-community-18x7.png 18w\" sizes=\"auto, (max-width: 820px) 100vw, 820px\" \/><\/figure>\n<\/div>\n\n\n<h3 class=\"wp-block-heading has-text-align-center\"><strong>\"Neugierde geht nie in Rente\" mit OLLI<\/strong><\/h3>\n\n\n<div class=\"wp-block-image\">\n<figure class=\"alignleft size-large is-resized\"><img loading=\"lazy\" decoding=\"async\" width=\"1024\" height=\"771\" src=\"https:\/\/vccf.org\/wp-content\/uploads\/2023\/03\/olli-1024x771.jpg\" alt=\"\" class=\"wp-image-17549\" style=\"width:382px;height:auto\" srcset=\"https:\/\/vccf.org\/wp-content\/uploads\/2023\/03\/olli-1024x771.jpg 1024w, https:\/\/vccf.org\/wp-content\/uploads\/2023\/03\/olli-300x226.jpg 300w, https:\/\/vccf.org\/wp-content\/uploads\/2023\/03\/olli-768x578.jpg 768w, https:\/\/vccf.org\/wp-content\/uploads\/2023\/03\/olli-16x12.jpg 16w, https:\/\/vccf.org\/wp-content\/uploads\/2023\/03\/olli.jpg 1204w\" sizes=\"auto, (max-width: 1024px) 100vw, 1024px\" \/><\/figure>\n<\/div>\n\n\n<p>Die&nbsp;<strong>Osher-Institut f\u00fcr lebenslanges Lernen an der CSU Channel Islands<\/strong>&nbsp;bringt die Aufregung und Stimulation von&nbsp;<strong>Hochschulbildung f\u00fcr Erwachsene in der Region (50 oder mehr!)<\/strong>&nbsp;die ihre Lernerfahrungen in einer universit\u00e4ren Atmosph\u00e4re erweitern m\u00f6chten, ohne dass sie durch Noten oder Abschlussanforderungen abgelenkt werden! Lesen Sie unser&nbsp;<strong>Artikel von OLLI-Lehrer und VCCF-Spender Jerry Clifford<\/strong>&nbsp;to learn about this fun opportunity available to you.<\/p>\n\n\n\n<div class=\"wp-block-buttons is-layout-flex wp-block-buttons-is-layout-flex\">\n<div class=\"wp-block-button has-custom-width wp-block-button__width-50\"><a class=\"wp-block-button__link has-fl-topbar-bg-color has-fl-accent-background-color has-text-color has-background has-link-color has-medium-font-size has-custom-font-size wp-element-button\">Mehr lesen<\/a><\/div>\n<\/div>","protected":false},"excerpt":{"rendered":"<p>Dear Ventura County Community Foundation Family, Although I grew up in Maine and understand how to live with weather (in Maine we like to say, \u201cIf you don\u2019t like the&hellip;<\/p>","protected":false},"author":3,"featured_media":17895,"comment_status":"closed","ping_status":"closed","sticky":false,"template":"","format":"standard","meta":{"_acf_changed":false,"give_campaign_id":0,"footnotes":""},"categories":[24],"tags":[],"class_list":["post-17893","post","type-post","status-publish","format-standard","has-post-thumbnail","hentry","category-newsletters"],"acf":[],"_links":{"self":[{"href":"https:\/\/vccf.org\/de\/wp-json\/wp\/v2\/posts\/17893","targetHints":{"allow":["GET"]}}],"collection":[{"href":"https:\/\/vccf.org\/de\/wp-json\/wp\/v2\/posts"}],"about":[{"href":"https:\/\/vccf.org\/de\/wp-json\/wp\/v2\/types\/post"}],"author":[{"embeddable":true,"href":"https:\/\/vccf.org\/de\/wp-json\/wp\/v2\/users\/3"}],"replies":[{"embeddable":true,"href":"https:\/\/vccf.org\/de\/wp-json\/wp\/v2\/comments?post=17893"}],"version-history":[{"count":0,"href":"https:\/\/vccf.org\/de\/wp-json\/wp\/v2\/posts\/17893\/revisions"}],"wp:featuredmedia":[{"embeddable":true,"href":"https:\/\/vccf.org\/de\/wp-json\/wp\/v2\/media\/17895"}],"wp:attachment":[{"href":"https:\/\/vccf.org\/de\/wp-json\/wp\/v2\/media?parent=17893"}],"wp:term":[{"taxonomy":"category","embeddable":true,"href":"https:\/\/vccf.org\/de\/wp-json\/wp\/v2\/categories?post=17893"},{"taxonomy":"post_tag","embeddable":true,"href":"https:\/\/vccf.org\/de\/wp-json\/wp\/v2\/tags?post=17893"}],"curies":[{"name":"wp","href":"https:\/\/api.w.org\/{rel}","templated":true}]}}