{"id":18698,"date":"2023-07-07T09:38:11","date_gmt":"2023-07-07T16:38:11","guid":{"rendered":"https:\/\/vccflegacy.wpenginepowered.com\/?p=18698"},"modified":"2025-01-29T07:47:09","modified_gmt":"2025-01-29T07:47:09","slug":"nonprofit-town-hall","status":"publish","type":"post","link":"https:\/\/vccf.org\/de\/nonprofit-town-hall\/","title":{"rendered":"Nonprofit-Rathaus"},"content":{"rendered":"<p>In Zusammenarbeit mit der Ventura County Community Foundation und dem Center for Nonprofit Leadership CLU lud Assemblymember Steve Bennett gemeinn\u00fctzige Organisationen zu einer Town Hall ein, um \u00fcber den aktuellen Staatshaushalt und seine Auswirkungen auf die gemeinn\u00fctzige Gemeinschaft zu diskutieren.<\/p>\n<p>Asm. Bennett ehrte seine gemeinn\u00fctzige Organisation des Jahres 2023,\u00a0<a href=\"https:\/\/causenow.org\/\" target=\"_blank\" rel=\"noopener\">Central Coast Alliance United for a Sustainable Economy (CAUSE)<\/a>auf der Veranstaltung.<\/p>\n<p><img loading=\"lazy\" decoding=\"async\" class=\"alignnone wp-image-18699\" src=\"https:\/\/vccflegacy.wpenginepowered.com\/wp-content\/uploads\/2023\/07\/nonprofit-of-year.jpg\" alt=\"Asm. Bennett honoring a CAUSE representative with an Assembly Resolution\" width=\"600\" height=\"447\" srcset=\"https:\/\/vccf.org\/wp-content\/uploads\/2023\/07\/nonprofit-of-year.jpg 951w, https:\/\/vccf.org\/wp-content\/uploads\/2023\/07\/nonprofit-of-year-300x224.jpg 300w, https:\/\/vccf.org\/wp-content\/uploads\/2023\/07\/nonprofit-of-year-768x573.jpg 768w, https:\/\/vccf.org\/wp-content\/uploads\/2023\/07\/nonprofit-of-year-16x12.jpg 16w\" sizes=\"auto, (max-width: 600px) 100vw, 600px\" \/><\/p>\n<p><strong><a href=\"https:\/\/www.youtube.com\/shorts\/B-L57sG5xfw\" target=\"_blank\" rel=\"noopener\">CAUSE wird bei der Sacramento Luncheon als AD-38's Nonprofit des Jahres geehrt<\/a><\/strong><\/p>\n<p>Die geladenen G\u00e4ste h\u00f6rten von einem Gremium erfahrener gemeinn\u00fctziger F\u00fchrungskr\u00e4fte, die Fragen beantworten, Herausforderungen ansprechen und Wege zur St\u00e4rkung von Partnerschaften im gesamten Bezirk aufzeigen werden.<\/p>\n<p>Podiumsteilnehmer-Organisationen:<\/p>\n<ul>\n<li>Netzwerk f\u00fcr Klimagerechtigkeit an der Zentralk\u00fcste<\/li>\n<li>Interface Kinder &amp; Familie Dienste<\/li>\n<li>Freie Klinik Westminster<\/li>\n<li>Women's Economic Ventures (WEV)<\/li>\n<\/ul>\n<p>Die Podiumsdiskussion wurde von Dena Jenson, Direktorin des Center for Nonprofit Leadership CLU, moderiert.<\/p>\n<p><strong><a href=\"https:\/\/a38.asmdc.org\/sites\/a38.asmdc.org\/files\/2023-07\/Nonprofit%20Town%20Hall%20Slideshow.pdf\" target=\"_blank\" rel=\"noopener\">Nonprofit-Rathaus-Diashow<\/a><\/strong><\/p>\n<p><strong>Kalifornische Gesetzgebung zur Initiative zur F\u00f6rderung der Gemeinn\u00fctzigkeit<\/strong><\/p>\n<p><strong>AB-885 \u00d6ffentliche Auftr\u00e4ge: Gemeinn\u00fctzige Organisationen; Eingef\u00fchrt vom Abgeordneten Luz Rivas. (2023-2024)<\/strong><\/p>\n<ul>\n<li><a href=\"https:\/\/leginfo.legislature.ca.gov\/faces\/billNavClient.xhtml?bill_id=202320240AB885\" target=\"_blank\" rel=\"noopener\">https:\/\/leginfo.legislature.ca.gov\/faces\/billNavClient.xhtml?bill_id=202320240AB885<\/a><\/li>\n<\/ul>\n<p><strong>AB-590 Staatlich finanzierte Zusch\u00fcsse und Vertr\u00e4ge: Vorauszahlungen; Eingef\u00fchrt von Assemblymember Gregg Hart. (2023-2024)<\/strong><\/p>\n<ul>\n<li><a href=\"https:\/\/leginfo.legislature.ca.gov\/faces\/billTextClient.xhtml?bill_id=202320240AB590\" target=\"_blank\" rel=\"noopener\">https:\/\/leginfo.legislature.ca.gov\/faces\/billTextClient.xhtml?bill_id=202320240AB590<\/a><\/li>\n<li><a href=\"https:\/\/a38.asmdc.org\/sites\/a38.asmdc.org\/files\/2023-07\/ab-590-fact-sheet-hart.pdf\" target=\"_blank\" rel=\"noopener\">AB 590 Informationsblatt<\/a><\/li>\n<\/ul>\n<p><strong>AB-696 Zusch\u00fcsse und Vertr\u00e4ge mit staatlichen Beh\u00f6rden. Eingef\u00fchrt von Assembly Member Josh Lowenthal (2023-2024)<\/strong><\/p>\n<ul>\n<li><a href=\"https:\/\/leginfo.legislature.ca.gov\/faces\/billNavClient.xhtml?bill_id=202320240AB696\" target=\"_blank\" rel=\"noopener\">https:\/\/leginfo.legislature.ca.gov\/faces\/billNavClient.xhtml?bill_id=202320240AB696<\/a><\/li>\n<li><a href=\"https:\/\/a38.asmdc.org\/sites\/a38.asmdc.org\/files\/2023-07\/ab-696-fact-sheet-lowenthal.pdf\" target=\"_blank\" rel=\"noopener\">AB 696 Informationsblatt<\/a><\/li>\n<\/ul>\n<p><strong>AB-860 Zuschussprogramme: Verwaltung.<\/strong>\u00a0<strong>Eingef\u00fchrt vom Abgeordneten Avelino Valencia. (2023-2024)<\/strong><\/p>\n<ul>\n<li><a href=\"https:\/\/leginfo.legislature.ca.gov\/faces\/billNavClient.xhtml?bill_id=202320240AB860\" target=\"_blank\" rel=\"noopener\">https:\/\/leginfo.legislature.ca.gov\/faces\/billNavClient.xhtml?bill_id=202320240AB860<\/a><\/li>\n<li><a href=\"https:\/\/a38.asmdc.org\/sites\/a38.asmdc.org\/files\/2023-07\/ab-860-fac-sheet-valencia.pdf\" target=\"_blank\" rel=\"noopener\">AB 860 Informationsblatt<\/a><\/li>\n<\/ul>\n<p><strong>AB-619 Staatliche Verwaltung: Notfalldienste: gemeinn\u00fctzige Dienstleistungsanbieter. Eingef\u00fchrt vom Abgeordneten Vince Fong. (2023-2024)<\/strong><\/p>\n<ul>\n<li><a href=\"https:\/\/leginfo.legislature.ca.gov\/faces\/billNavClient.xhtml?bill_id=202320240AB619\" target=\"_blank\" rel=\"noopener\">https:\/\/leginfo.legislature.ca.gov\/faces\/billNavClient.xhtml?bill_id=202320240AB619<\/a><\/li>\n<li><a href=\"https:\/\/a38.asmdc.org\/sites\/a38.asmdc.org\/files\/2023-07\/ab-619-fact-sheet-fong.pdf\" target=\"_blank\" rel=\"noopener\">AB 619 Informationsblatt<\/a><\/li>\n<\/ul>\n<p><strong>SB-336 Staatliche F\u00f6rderprogramme: ausgehandelte indirekte Kostens\u00e4tze. Eingef\u00fchrt von Senator Umberg. (2023-2024)<\/strong><\/p>\n<ul>\n<li><a href=\"https:\/\/leginfo.legislature.ca.gov\/faces\/billNavClient.xhtml?bill_id=202320240SB336\" target=\"_blank\" rel=\"noopener\">https:\/\/leginfo.legislature.ca.gov\/faces\/billNavClient.xhtml?bill_id=202320240SB336<\/a><\/li>\n<li><a href=\"https:\/\/a38.asmdc.org\/sites\/a38.asmdc.org\/files\/2023-07\/sb-336-fact-sheet-umberg.pdf\" target=\"_blank\" rel=\"noopener\">SB 336 Merkblatt<\/a><\/li>\n<\/ul>\n<p><strong>SB-557 California Prompt Payment Act: Gemeinn\u00fctzige Organisationen. Eingef\u00fchrt von Senatorin Monique Lim\u00f3n. (2023-2024)<\/strong><\/p>\n<ul>\n<li><a href=\"https:\/\/leginfo.legislature.ca.gov\/faces\/billNavClient.xhtml?bill_id=202320240SB557\" target=\"_blank\" rel=\"noopener\">https:\/\/leginfo.legislature.ca.gov\/faces\/billNavClient.xhtml?bill_id=202320240SB557<\/a><\/li>\n<li><a href=\"https:\/\/a38.asmdc.org\/sites\/a38.asmdc.org\/files\/2023-07\/sb-557-fact-sheet-limon.pdf\" target=\"_blank\" rel=\"noopener\">SB 557 Merkblatt<\/a><\/li>\n<\/ul>\n<p><strong>Partner\/Panelisten Bios (<a href=\"https:\/\/a38.asmdc.org\/sites\/a38.asmdc.org\/files\/2023-07\/nonproft-town-hall-speaker-bios.pdf\" target=\"_blank\" rel=\"noopener\">PDF anzeigen<\/a>)<\/strong><\/p>\n<h4>Partner<\/h4>\n<ul>\n<li>Dena Jenson, Direktorin, CLU Center for Nonprofit Leadership<\/li>\n<li>Mike Silacci, Verantwortlicher f\u00fcr Philanthropie, Ventura County Community Foundation<\/li>\n<\/ul>\n<h4>Diskussionsteilnehmer<\/h4>\n<ul>\n<li>Kelly Brown, Community Impact Officer, Interface Children and Family Services<br \/>\n<a href=\"https:\/\/www.icfs.org\/\" target=\"_blank\" rel=\"noopener\">https:\/\/www.icfs.org<\/a><\/li>\n<\/ul>\n<ul>\n<li>Nicki Parr, Gesch\u00e4ftsf\u00fchrerin, Women's Economic Ventures<br \/>\n<a href=\"https:\/\/www.wevonline.org\/\" target=\"_blank\" rel=\"noopener\">https:\/\/www.wevonline.org<\/a><\/li>\n<\/ul>\n<ul>\n<li>Lisa Safaeinili, Gesch\u00e4ftsf\u00fchrerin, Westminster Free Clinic<br \/>\n<a href=\"https:\/\/westminsterclinic.org\/\" target=\"_blank\" rel=\"noopener\">https:\/\/westminsterclinic.org<\/a><\/li>\n<\/ul>\n<ul>\n<li>Lucas Zucker, Mitglied, Central Coast Climate Justice Network<br \/>\n<a href=\"https:\/\/www.cccjn.org\/\" target=\"_blank\" rel=\"noopener\">https:\/\/www.cccjn.org<\/a><\/li>\n<\/ul>\n<p><strong>Ressourcen<\/strong><\/p>\n<ul>\n<li>CalNonprofits:\u00a0<a href=\"https:\/\/calnonprofits.org\/\" target=\"_blank\" rel=\"noopener\">https:\/\/calnonprofits.org<\/a><br \/>\nDie California Association of Nonprofits (CalNonprofits) ist eine landesweite Mitgliederorganisation, die gemeinn\u00fctzige Organisationen zusammenbringt, um sich f\u00fcr die Gemeinden einzusetzen, denen wir dienen.<\/li>\n<\/ul>\n<p><a href=\"https:\/\/a38.asmdc.org\/event\/20230707-nonprofit-town-hall\" target=\"_blank\" rel=\"noopener\">Dieser Artikel wurde urspr\u00fcnglich auf der Website von Assemblymember Steve Bennett ver\u00f6ffentlicht.<\/a><\/p>","protected":false},"excerpt":{"rendered":"<p>Assemblymember Steve Bennett, in partnership with Ventura County Community Foundation and Center for Nonprofit Leadership CLU, hosted nonprofit organizations to a town hall to discuss state budget updates and its&hellip;<\/p>","protected":false},"author":5,"featured_media":18699,"comment_status":"closed","ping_status":"closed","sticky":false,"template":"","format":"standard","meta":{"_acf_changed":false,"give_campaign_id":0,"footnotes":""},"categories":[22],"tags":[],"class_list":["post-18698","post","type-post","status-publish","format-standard","has-post-thumbnail","hentry","category-latest-coverage"],"acf":[],"_links":{"self":[{"href":"https:\/\/vccf.org\/de\/wp-json\/wp\/v2\/posts\/18698","targetHints":{"allow":["GET"]}}],"collection":[{"href":"https:\/\/vccf.org\/de\/wp-json\/wp\/v2\/posts"}],"about":[{"href":"https:\/\/vccf.org\/de\/wp-json\/wp\/v2\/types\/post"}],"author":[{"embeddable":true,"href":"https:\/\/vccf.org\/de\/wp-json\/wp\/v2\/users\/5"}],"replies":[{"embeddable":true,"href":"https:\/\/vccf.org\/de\/wp-json\/wp\/v2\/comments?post=18698"}],"version-history":[{"count":0,"href":"https:\/\/vccf.org\/de\/wp-json\/wp\/v2\/posts\/18698\/revisions"}],"wp:featuredmedia":[{"embeddable":true,"href":"https:\/\/vccf.org\/de\/wp-json\/wp\/v2\/media\/18699"}],"wp:attachment":[{"href":"https:\/\/vccf.org\/de\/wp-json\/wp\/v2\/media?parent=18698"}],"wp:term":[{"taxonomy":"category","embeddable":true,"href":"https:\/\/vccf.org\/de\/wp-json\/wp\/v2\/categories?post=18698"},{"taxonomy":"post_tag","embeddable":true,"href":"https:\/\/vccf.org\/de\/wp-json\/wp\/v2\/tags?post=18698"}],"curies":[{"name":"wp","href":"https:\/\/api.w.org\/{rel}","templated":true}]}}