{"id":19463,"date":"2023-10-19T10:02:57","date_gmt":"2023-10-19T17:02:57","guid":{"rendered":"https:\/\/vccflegacy.wpenginepowered.com\/?p=19463"},"modified":"2025-01-29T07:47:08","modified_gmt":"2025-01-29T07:47:08","slug":"kzsb-speaks-with-vccf-on-isabella-project","status":"publish","type":"post","link":"https:\/\/vccf.org\/de\/kzsb-speaks-with-vccf-on-isabella-project\/","title":{"rendered":"KZSB spricht mit VCCF \u00fcber das Isabella-Projekt"},"content":{"rendered":"<p>Vanessa Bechtel, Pr\u00e4sidentin und CEO der VCCF, und Dr. Gabino Aguirre, Co-Vorsitzender des Isabella-Projekts, sprachen mit Neil Kreisel von der KZSB-Radiosendung \"About Education\" \u00fcber die Geschichte und den Auftrag der Ventura County Community Foundation und ihr ganz besonderes Isabella-Projekt.<\/p>\n<p>Die Ventura County Community Foundation wurde 1987 gegr\u00fcndet und hat sich auf die F\u00f6rderung der Philanthropie in unserer Region konzentriert, indem sie durch sorgf\u00e4ltige Verwaltung des uns anvertrauten Wohlt\u00e4tigkeitskapitals Verm\u00e4chtnisse verwaltet. Wir sind einer langfristigen Perspektive f\u00fcr Ventura County verpflichtet. Wir honorieren den Willen der Spender, indem wir Stiftungsgelder f\u00fcr immer sch\u00fctzen, und wir sind darauf spezialisiert, philanthropische Ressourcen mit den Bed\u00fcrfnissen der Gemeinschaft zum Nutzen aller zu verbinden. Wir investieren in die Zukunft, indem wir Stipendien vergeben, Zusch\u00fcsse gew\u00e4hren und Partnerschaften eingehen.<iframe loading=\"lazy\" src=\"https:\/\/w.soundcloud.com\/player\/?url=https%3A\/\/api.soundcloud.com\/tracks\/1637796369&amp;color=%23ff5500&amp;auto_play=false&amp;hide_related=false&amp;show_comments=true&amp;show_user=true&amp;show_reposts=false&amp;show_teaser=true&amp;visual=true\" width=\"100%\" height=\"300\" frameborder=\"no\" scrolling=\"no\"><\/iframe><\/p>\n<div style=\"font-size: 10px; color: #cccccc; line-break: anywhere; word-break: normal; overflow: hidden; white-space: nowrap; text-overflow: ellipsis; font-family: Interstate,Lucida Grande,Lucida Sans Unicode,Lucida Sans,Garuda,Verdana,Tahoma,sans-serif; font-weight: 100;\"><a style=\"color: #cccccc; text-decoration: none;\" title=\"\u00dcber Bildung\" href=\"https:\/\/soundcloud.com\/user-873816943\" target=\"_blank\" rel=\"noopener\">\u00dcber Bildung<\/a> - <a style=\"color: #cccccc; text-decoration: none;\" title=\"Ventura County Gemeinschaftsstiftung (11. Oktober 2023)\" href=\"https:\/\/soundcloud.com\/user-873816943\/csuci-presents101123\" target=\"_blank\" rel=\"noopener\">Ventura County Gemeinschaftsstiftung (11. Oktober 2023)<\/a><\/div>\n<p><\/p>","protected":false},"excerpt":{"rendered":"<p>Die Pr\u00e4sidentin und Gesch\u00e4ftsf\u00fchrerin des VCCF, Vanessa Bechtel, und der Co-Vorsitzende des Isabella-Projekts, Dr. Gabino Aguirre, sprachen mit Neil Kreisel in der Radiosendung \"About Education\" von KZSB \u00fcber die Geschichte und den Auftrag des...<\/p>","protected":false},"author":5,"featured_media":19465,"comment_status":"closed","ping_status":"closed","sticky":false,"template":"","format":"standard","meta":{"_acf_changed":false,"give_campaign_id":0,"footnotes":""},"categories":[22],"tags":[],"class_list":["post-19463","post","type-post","status-publish","format-standard","has-post-thumbnail","hentry","category-latest-coverage"],"acf":[],"_links":{"self":[{"href":"https:\/\/vccf.org\/de\/wp-json\/wp\/v2\/posts\/19463","targetHints":{"allow":["GET"]}}],"collection":[{"href":"https:\/\/vccf.org\/de\/wp-json\/wp\/v2\/posts"}],"about":[{"href":"https:\/\/vccf.org\/de\/wp-json\/wp\/v2\/types\/post"}],"author":[{"embeddable":true,"href":"https:\/\/vccf.org\/de\/wp-json\/wp\/v2\/users\/5"}],"replies":[{"embeddable":true,"href":"https:\/\/vccf.org\/de\/wp-json\/wp\/v2\/comments?post=19463"}],"version-history":[{"count":0,"href":"https:\/\/vccf.org\/de\/wp-json\/wp\/v2\/posts\/19463\/revisions"}],"wp:featuredmedia":[{"embeddable":true,"href":"https:\/\/vccf.org\/de\/wp-json\/wp\/v2\/media\/19465"}],"wp:attachment":[{"href":"https:\/\/vccf.org\/de\/wp-json\/wp\/v2\/media?parent=19463"}],"wp:term":[{"taxonomy":"category","embeddable":true,"href":"https:\/\/vccf.org\/de\/wp-json\/wp\/v2\/categories?post=19463"},{"taxonomy":"post_tag","embeddable":true,"href":"https:\/\/vccf.org\/de\/wp-json\/wp\/v2\/tags?post=19463"}],"curies":[{"name":"wp","href":"https:\/\/api.w.org\/{rel}","templated":true}]}}