{"id":20288,"date":"2024-02-07T15:36:34","date_gmt":"2024-02-07T23:36:34","guid":{"rendered":"https:\/\/vccf.org\/?p=20288"},"modified":"2025-02-26T03:14:06","modified_gmt":"2025-02-26T11:14:06","slug":"vccf-power-of-purpose-february-2024-2","status":"publish","type":"post","link":"https:\/\/vccf.org\/de\/vccf-power-of-purpose-february-2024-2\/","title":{"rendered":"VCCF Power of Purpose - Februar 2024"},"content":{"rendered":"<p><img loading=\"lazy\" decoding=\"async\" class=\"size-full wp-image-14303 aligncenter\" src=\"https:\/\/vccf.org\/wp-content\/uploads\/2021\/12\/0ea2f070-926c-4b9e-fc28-bf93f02f9fe2.png\" alt=\"\" width=\"600\" height=\"301\" srcset=\"https:\/\/vccf.org\/wp-content\/uploads\/2021\/12\/0ea2f070-926c-4b9e-fc28-bf93f02f9fe2.png 600w, https:\/\/vccf.org\/wp-content\/uploads\/2021\/12\/0ea2f070-926c-4b9e-fc28-bf93f02f9fe2-300x151.png 300w, https:\/\/vccf.org\/wp-content\/uploads\/2021\/12\/0ea2f070-926c-4b9e-fc28-bf93f02f9fe2-18x9.png 18w\" sizes=\"auto, (max-width: 600px) 100vw, 600px\" \/>Liebe Ventura County Community Foundation Familie,<\/p>\n<p>Letzten Monat haben wir einen geliebten Freund und ein gesch\u00e4tztes ehemaliges Vorstandsmitglied, Gary Erickson, verloren. Seine Abwesenheit ist tief empfunden, und wir vermissen ihn sehr.<\/p>\n<p>F\u00fcr diejenigen, die Gary nicht pers\u00f6nlich kannten, war er ein engagierter F\u00fcrsprecher f\u00fcr die Bewohner von Ventura County. Sein unerm\u00fcdlicher Einsatz erstreckte sich auf ein breites Spektrum von Anliegen, von der Unterst\u00fctzung lokaler Veteranen bis hin zur F\u00f6rderung des Zugangs zu wichtigen Gesundheitsdiensten wie Brust- und Geb\u00e4rmutterhalskrebsbehandlungen, unabh\u00e4ngig von den eigenen finanziellen M\u00f6glichkeiten. Garys Einfluss reichte weit \u00fcber unsere Gemeinde hinaus; er war in zahlreichen gemeinn\u00fctzigen Gremien t\u00e4tig und spielte eine entscheidende Rolle bei der Beschaffung von Hunderten von Millionen Dollar f\u00fcr den Zugang zu h\u00f6herer Bildung und f\u00fcr gemeinn\u00fctzige Organisationen in unserem gesamten Bundesstaat.<\/p>\n<p>Gary verk\u00f6rperte die Kernwerte von VCCF, insbesondere Mitgef\u00fchl, Gerechtigkeit und authentische Verbindung. Ich habe noch nie einen aufrichtigeren Menschen kennengelernt, und ich konnte mich immer darauf verlassen, dass er da ist, egal was passiert. Er ist einer der wenigen Menschen, dessen Telefonnummer ich mit geschlossenen Augen w\u00e4hlen konnte.<\/p>\n<p>Wenn wir \u00fcber Garys Verm\u00e4chtnis nachdenken, werden wir an die Kraft der Freundlichkeit und eines echten Sinns f\u00fcr Humor erinnert, die er immer wieder bewiesen hat und die die bemerkenswerte F\u00e4higkeit haben, Berge zu versetzen.<\/p>\n<p>Ich sende dir so viel Liebe, lieber Freund. Danke f\u00fcr alles, was Sie getan haben, um unsere gemeinsame Welt zu einem besseren Ort f\u00fcr alle zu machen.<\/p>\n<p>In Dankbarkeit,<\/p>\n<p>Vanessa<\/p>\n<p><em>Vanessa Bechtel, VCCF Pr\u00e4sidentin und CEO<\/em><\/p>\n<h1 style=\"text-align: center;\">Dringend ben\u00f6tigte Sturmhilfe f\u00fcr Ventura County<\/h1>\n<p><img loading=\"lazy\" decoding=\"async\" class=\"aligncenter wp-image-20168 size-full\" src=\"https:\/\/vccf.org\/wp-content\/uploads\/2024\/01\/storm-banner.png\" alt=\"A street flooded up to the fences of the homes lining the road\" width=\"600\" height=\"150\" srcset=\"https:\/\/vccf.org\/wp-content\/uploads\/2024\/01\/storm-banner.png 600w, https:\/\/vccf.org\/wp-content\/uploads\/2024\/01\/storm-banner-300x75.png 300w, https:\/\/vccf.org\/wp-content\/uploads\/2024\/01\/storm-banner-18x5.png 18w\" sizes=\"auto, (max-width: 600px) 100vw, 600px\" \/>Die Einwohner von Ventura County ben\u00f6tigen nach den historischen, zerst\u00f6rerischen Sturzfluten vom Dezember 2023 dringend Hilfe. \u00dcber 400 H\u00e4user und 650 Fahrzeuge wurden besch\u00e4digt, und vor allem \u00e4ltere Menschen und Familien mit geringem Einkommen sind ohne Versicherung oder FEMA-Hilfe, um sich zu erholen. <a href=\"https:\/\/vccf.org\/de\/vccf-initiatives\/ventura-county-storm-fund\/\">Unterst\u00fctzen Sie Ihre Nachbarn und spenden Sie noch heute.<\/a><\/p>\n<h1 style=\"text-align: center;\">Bewerbungszyklus f\u00fcr Stipendien 2024 verzeichnet rekordverd\u00e4chtige Zahlen<\/h1>\n<p><img loading=\"lazy\" decoding=\"async\" class=\"size-full wp-image-19676 alignright\" src=\"https:\/\/vccf.org\/wp-content\/uploads\/2023\/11\/nov-2023-scholarship-images.png\" alt=\"\" width=\"300\" height=\"300\" srcset=\"https:\/\/vccf.org\/wp-content\/uploads\/2023\/11\/nov-2023-scholarship-images.png 300w, https:\/\/vccf.org\/wp-content\/uploads\/2023\/11\/nov-2023-scholarship-images-150x150.png 150w, https:\/\/vccf.org\/wp-content\/uploads\/2023\/11\/nov-2023-scholarship-images-12x12.png 12w\" sizes=\"auto, (max-width: 300px) 100vw, 300px\" \/>Herzlichen Gl\u00fcckwunsch an alle Studenten, die sich f\u00fcr die VCCF-Stipendiensaison 2024 beworben haben! In diesem Jahr haben wir eine \u00fcberw\u00e4ltigende Zahl von 1.476 Bewerbern verzeichnet, was einem Anstieg von 50,6% im Vergleich zum letzten Jahr entspricht!<\/p>\n<p>Die Preise werden im Mai bekannt gegeben. Wenn Sie daran interessiert sind, diesen gro\u00dfartigen Studenten die Unterst\u00fctzung zukommen zu lassen, die sie brauchen, um ihre akademischen Ziele zu erreichen, lesen Sie unten \u00fcber die M\u00f6glichkeit, sich als ehrenamtlicher Stipendienleser zu engagieren! Weitere Informationen<\/p>\n<h1 style=\"text-align: center;\">M\u00f6chten Sie ehrenamtlich mitarbeiten? Werden Sie Stipendienleser!<\/h1>\n<p><img loading=\"lazy\" decoding=\"async\" class=\"alignright wp-image-20290 size-medium\" src=\"https:\/\/vccf.org\/wp-content\/uploads\/2024\/02\/copy-of-scholarship-readers-inst-300x300.png\" alt=\"\" width=\"300\" height=\"300\" srcset=\"https:\/\/vccf.org\/wp-content\/uploads\/2024\/02\/copy-of-scholarship-readers-inst-300x300.png 300w, https:\/\/vccf.org\/wp-content\/uploads\/2024\/02\/copy-of-scholarship-readers-inst-1024x1024.png 1024w, https:\/\/vccf.org\/wp-content\/uploads\/2024\/02\/copy-of-scholarship-readers-inst-150x150.png 150w, https:\/\/vccf.org\/wp-content\/uploads\/2024\/02\/copy-of-scholarship-readers-inst-768x768.png 768w, https:\/\/vccf.org\/wp-content\/uploads\/2024\/02\/copy-of-scholarship-readers-inst-12x12.png 12w, https:\/\/vccf.org\/wp-content\/uploads\/2024\/02\/copy-of-scholarship-readers-inst.png 1080w\" sizes=\"auto, (max-width: 300px) 100vw, 300px\" \/>M\u00f6chten Sie Studenten aus Ventura County dabei helfen, ihre Bildungstr\u00e4ume zu verwirklichen und sie mit Stipendien im Wert von \u00fcber $1,4 Millionen in Verbindung bringen? Das VCCF-Stipendienprogramm sucht lokale Freiwillige, die daran interessiert sind, Stipendienantr\u00e4ge f\u00fcr die Saison 2024 zu lesen und zu bewerten!<\/p>\n<p>VCCF wird Sie dabei unterst\u00fctzen, 25 bis 50 Bewerbungen virtuell zu lesen, und zwar in diesem Fr\u00fchjahr \u00fcber einen Zeitraum von sechs Wochen und in Ihrem eigenen Tempo.Fill Out Interest Form<\/p>\n<h1 style=\"text-align: center;\">VCCF begr\u00fc\u00dft seine neuen Teammitglieder!<\/h1>\n<p><img loading=\"lazy\" decoding=\"async\" class=\"size-full wp-image-19991 alignright\" src=\"https:\/\/vccf.org\/wp-content\/uploads\/2024\/01\/aidan-headshot.png\" alt=\"\" width=\"300\" height=\"400\" srcset=\"https:\/\/vccf.org\/wp-content\/uploads\/2024\/01\/aidan-headshot.png 300w, https:\/\/vccf.org\/wp-content\/uploads\/2024\/01\/aidan-headshot-225x300.png 225w, https:\/\/vccf.org\/wp-content\/uploads\/2024\/01\/aidan-headshot-9x12.png 9w\" sizes=\"auto, (max-width: 300px) 100vw, 300px\" \/><img loading=\"lazy\" decoding=\"async\" class=\"alignleft wp-image-20134 size-full\" src=\"https:\/\/vccf.org\/wp-content\/uploads\/2024\/01\/sylvia-barron.png\" alt=\"\" width=\"300\" height=\"400\" srcset=\"https:\/\/vccf.org\/wp-content\/uploads\/2024\/01\/sylvia-barron.png 300w, https:\/\/vccf.org\/wp-content\/uploads\/2024\/01\/sylvia-barron-225x300.png 225w, https:\/\/vccf.org\/wp-content\/uploads\/2024\/01\/sylvia-barron-9x12.png 9w\" sizes=\"auto, (max-width: 300px) 100vw, 300px\" \/>VCCF m\u00f6chte seine neuesten Teammitglieder willkommen hei\u00dfen! Sylvia Barron ist Leiterin der Buchhaltung und Aiden Miner ist Praktikant f\u00fcr Marketing und Kommunikation. Im Folgenden erfahren Sie mehr \u00fcber die beiden: Sylvia und Aiden<\/p>\n<h1 style=\"text-align: center;\">Allianz der Rettungsmissionen<\/h1>\n<p><img loading=\"lazy\" decoding=\"async\" class=\"size-full wp-image-20291 aligncenter\" src=\"https:\/\/vccf.org\/wp-content\/uploads\/2024\/02\/rma.png\" alt=\"\" width=\"500\" height=\"375\" srcset=\"https:\/\/vccf.org\/wp-content\/uploads\/2024\/02\/rma.png 500w, https:\/\/vccf.org\/wp-content\/uploads\/2024\/02\/rma-300x225.png 300w, https:\/\/vccf.org\/wp-content\/uploads\/2024\/02\/rma-16x12.png 16w\" sizes=\"auto, (max-width: 500px) 100vw, 500px\" \/>Im vergangenen Januar, dem Nationalen Monat des Menschenhandels, hat sich die Rescue Mission Alliance, insbesondere das Lighthouse Recovery Program for Women and Children, unerm\u00fcdlich f\u00fcr den Schutz und die Unterst\u00fctzung der Opfer von Menschenhandel eingesetzt. Die Tage bis zur Er\u00f6ffnung des Angel House in Oxnard, einer Einrichtung, in der mehr als 20% der Betten f\u00fcr Frauen und Kinder, die den Menschenhandel in Kalifornien \u00fcberlebt haben, zur Verf\u00fcgung stehen werden, werden immer k\u00fcrzer.<\/p>\n<p>Wenn Sie weitere Informationen w\u00fcnschen oder diese Bem\u00fchungen unterst\u00fctzen m\u00f6chten, besuchen Sie bitte den unten stehenden Link. Gehen Sie noch heute eine Partnerschaft mit der Rescue Mission Alliance ein, um Leben f\u00fcr immer zu ver\u00e4ndern.<img loading=\"lazy\" decoding=\"async\" class=\"size-full wp-image-19531 aligncenter\" src=\"https:\/\/vccf.org\/wp-content\/uploads\/2023\/10\/power-of-community.png\" alt=\"\" width=\"820\" height=\"312\" srcset=\"https:\/\/vccf.org\/wp-content\/uploads\/2023\/10\/power-of-community.png 820w, https:\/\/vccf.org\/wp-content\/uploads\/2023\/10\/power-of-community-300x114.png 300w, https:\/\/vccf.org\/wp-content\/uploads\/2023\/10\/power-of-community-768x292.png 768w, https:\/\/vccf.org\/wp-content\/uploads\/2023\/10\/power-of-community-18x7.png 18w\" sizes=\"auto, (max-width: 820px) 100vw, 820px\" \/><\/p>\n<h1 style=\"text-align: center;\">TOArts Youth Arts Leadership Academy<\/h1>\n<p><img loading=\"lazy\" decoding=\"async\" class=\"aligncenter wp-image-20294\" src=\"https:\/\/vccf.org\/wp-content\/uploads\/2024\/02\/youth-arts-leadership-academy.jpg\" alt=\"\" width=\"450\" height=\"338\" srcset=\"https:\/\/vccf.org\/wp-content\/uploads\/2024\/02\/youth-arts-leadership-academy.jpg 1920w, https:\/\/vccf.org\/wp-content\/uploads\/2024\/02\/youth-arts-leadership-academy-300x225.jpg 300w, https:\/\/vccf.org\/wp-content\/uploads\/2024\/02\/youth-arts-leadership-academy-1024x768.jpg 1024w, https:\/\/vccf.org\/wp-content\/uploads\/2024\/02\/youth-arts-leadership-academy-768x576.jpg 768w, https:\/\/vccf.org\/wp-content\/uploads\/2024\/02\/youth-arts-leadership-academy-1536x1152.jpg 1536w, https:\/\/vccf.org\/wp-content\/uploads\/2024\/02\/youth-arts-leadership-academy-16x12.jpg 16w\" sizes=\"auto, (max-width: 450px) 100vw, 450px\" \/>Das brandneue Programm von TOArts, die Youth Arts Leadership Academy, ist mit einem fantastischen ersten Treffen offiziell gestartet!<\/p>\n<p>Im Laufe von acht Monaten wird sich die Gruppe von 25 Sch\u00fclern monatlich treffen, um Lebenskompetenzen wie Finanz-, Personal- und Projektmanagement zu erlernen und gleichzeitig eine kunstspezifische Berufsausbildung zu erhalten. Anschlie\u00dfend werden sie in verschiedenen Rollen zusammenarbeiten, um am Ende des Schuljahres ein Abschlussprojekt zu erstellen und durchzuf\u00fchren, das der Gemeinde zugute kommt.<\/p>\n<p>Dieses Programm bietet eine inspirierende Mischung aus dem, was in der Welt der K\u00fcnste m\u00f6glich ist, und dem Aufbau von F\u00e4higkeiten, die in der realen Welt verankert sind.Erfahren Sie mehr<\/p>\n<p style=\"text-align: center;\"><a href=\"https:\/\/vccf.org\/de\/media-news\/email-newsletter-sign-up\/\"><em>Abonnieren Sie den Power of Purpose Newsletter, um jeden Monat gute Nachrichten in Ihren Posteingang zu bekommen!<\/em><\/a><\/p>\n<p><\/p>","protected":false},"excerpt":{"rendered":"<p>Dear Ventura County Community Foundation Family, Last month, we lost a beloved friend and esteemed past Board Member, Gary Erickson. His absence is deeply felt, and we miss him dearly.&hellip;<\/p>","protected":false},"author":3,"featured_media":20082,"comment_status":"closed","ping_status":"closed","sticky":false,"template":"","format":"standard","meta":{"_acf_changed":false,"give_campaign_id":0,"footnotes":""},"categories":[24],"tags":[],"class_list":["post-20288","post","type-post","status-publish","format-standard","has-post-thumbnail","hentry","category-newsletters"],"acf":[],"_links":{"self":[{"href":"https:\/\/vccf.org\/de\/wp-json\/wp\/v2\/posts\/20288","targetHints":{"allow":["GET"]}}],"collection":[{"href":"https:\/\/vccf.org\/de\/wp-json\/wp\/v2\/posts"}],"about":[{"href":"https:\/\/vccf.org\/de\/wp-json\/wp\/v2\/types\/post"}],"author":[{"embeddable":true,"href":"https:\/\/vccf.org\/de\/wp-json\/wp\/v2\/users\/3"}],"replies":[{"embeddable":true,"href":"https:\/\/vccf.org\/de\/wp-json\/wp\/v2\/comments?post=20288"}],"version-history":[{"count":0,"href":"https:\/\/vccf.org\/de\/wp-json\/wp\/v2\/posts\/20288\/revisions"}],"wp:featuredmedia":[{"embeddable":true,"href":"https:\/\/vccf.org\/de\/wp-json\/wp\/v2\/media\/20082"}],"wp:attachment":[{"href":"https:\/\/vccf.org\/de\/wp-json\/wp\/v2\/media?parent=20288"}],"wp:term":[{"taxonomy":"category","embeddable":true,"href":"https:\/\/vccf.org\/de\/wp-json\/wp\/v2\/categories?post=20288"},{"taxonomy":"post_tag","embeddable":true,"href":"https:\/\/vccf.org\/de\/wp-json\/wp\/v2\/tags?post=20288"}],"curies":[{"name":"wp","href":"https:\/\/api.w.org\/{rel}","templated":true}]}}