{"id":20855,"date":"2024-04-10T15:59:59","date_gmt":"2024-04-10T22:59:59","guid":{"rendered":"https:\/\/vccf.org\/?p=20855"},"modified":"2025-01-29T07:47:05","modified_gmt":"2025-01-29T07:47:05","slug":"harleys-for-heroes","status":"publish","type":"post","link":"https:\/\/vccf.org\/de\/harleys-for-heroes\/","title":{"rendered":"Harleys f\u00fcr Helden"},"content":{"rendered":"<p>Die Mitglieder der \u00f6rtlichen Ortsgruppe von Rolling Thunder sind zwar keine Ersthelfer, aber sie wissen, wie wichtig die Arbeit der Ersthelfer ist.<\/p>\n<p>Deshalb beschloss 2015 eine Gruppe von 15 Motorradfahrern des Clubs, dessen Hauptaufgabe darin besteht, Kriegsgefangene und vermisste Soldaten zur Rechenschaft zu ziehen, mit ihren Motorr\u00e4dern an Polizeistationen in Ventura County vorbeizufahren, um sich bei den Vollzugsbeamten f\u00fcr ihre Arbeit zu bedanken - und das in einer Zeit, in der die Zahl der im Dienst get\u00f6teten Polizisten stieg.<\/p>\n<p>Hinter den Bem\u00fchungen stand der in Thousand Oaks ans\u00e4ssige und motorradbegeisterte John Short.<\/p>\n<p>\"(Ersthelfer) tun ihr Bestes, um uns in Ventura County zu sch\u00fctzen, wohl wissend, dass sie am Ende ihrer Schicht vielleicht nicht nach Hause kommen, und sie tun das freiwillig und selbstlos\", sagte Short und erkl\u00e4rte, warum er und seine Kollegen die Tradition jedes Jahr fortsetzen.<\/p>\n<p>Die neunte j\u00e4hrliche Veranstaltung, die am 4. Mai stattfindet, wird Hunderte von Motorradfahrern aus dem ganzen Bundesstaat zusammenbringen, um die \u00f6rtlichen \u00c4rzte, Sanit\u00e4ter, Feuerwehrleute und Polizisten zu besuchen und die psychiatrischen Dienste zu unterst\u00fctzen.<\/p>\n<p>Die Fahrt wurde f\u00fcr Short am 7. November 2018 noch pers\u00f6nlicher. Der Sheriff von Ventura County, Ron Helus, ein Freund von Short, wurde erschossen, als er auf eine Massenschie\u00dferei in der Borderline Bar and Grill in Thousand Oaks reagierte.<\/p>\n<p>Um seinen gefallenen Freund zu ehren, f\u00fcgte Short der j\u00e4hrlichen Veranstaltung den Namen von Helus hinzu.<\/p>\n<p>\"Als er die Borderline betrat, wusste er, dass er mit hoher Wahrscheinlichkeit nicht wieder herauskommen w\u00fcrde, aber er war bereit, sein Leben zu opfern, um in dieser Nacht Hunderte von Menschen zu retten\", sagte Short. \"Er war ein gottesf\u00fcrchtiger Mensch, der die Gemeinschaft besch\u00fctzte und ihr diente.<\/p>\n<p>Der Sheriff von Ventura County, Jim Fryhoff, sagte, er sei dankbar, dass Short den Namen der Veranstaltung ge\u00e4ndert habe, um Helus' Bereitschaft zu ehren, in die Gefahr zu laufen und das ultimative Opfer zu bringen.<\/p>\n<p>\"Rons Heldentum und sein Verm\u00e4chtnis werden nie vergessen werden, und Ride for the Blue wird dies auch weiterhin sicherstellen\", sagte er.<\/p>\n<p>Der Geist, der hinter der Veranstaltung steht, weitete sich 2020 erneut aus, als Short sich berufen f\u00fchlte, nicht nur dem B\u00fcro des Sheriffs, sondern allen Ersthelfern, insbesondere dem Gesundheitspersonal, als Reaktion auf die COVID-19-Pandemie Anerkennung zu zollen.<\/p>\n<p>Ersthelfer, so Short, k\u00f6nnen in einer einzigen Schicht ein lebenslanges Trauma erleben. Bleibt dieses Trauma unbehandelt, kann es sich mit der Zeit aufbauen und sich negativ auf die Arbeitsleistung, pers\u00f6nliche Beziehungen, die Gesundheit und mehr auswirken.<\/p>\n<p>Seit diesem Jahr kommt der gesamte Erl\u00f6s des Ride for the Blue der Ventura County Community Foundation zugute, einer gemeinn\u00fctzigen Organisation, die lokalen Ersthelferorganisationen Schulungen zu den Themen Peer Support, F\u00fchrung, Wellness und Resilienz anbietet.<\/p>\n<p>\"Die Unterst\u00fctzung der psychischen Gesundheit ist von gr\u00f6\u00dfter Bedeutung\", sagte Short. \"Die Bereitstellung dieser Unterst\u00fctzung f\u00fcr die psychische Gesundheit und der Wellness-Schulung f\u00fcr alle unsere Ersthelfer wird es ihnen erm\u00f6glichen, das Beste aus sich herauszuholen.\"<\/p>\n<p>Der Leiter der Feuerwehr von Ventura County, Dustin Gardner, betonte ebenfalls die Bedeutung von Ressourcen f\u00fcr die psychische Gesundheit und brachte seine Anerkennung f\u00fcr die Bem\u00fchungen der Gemeinde zum Ausdruck.<\/p>\n<p>\"So wie wir in jener Nacht gemeinsam gehandelt haben, stehen wir jetzt mit unseren Kollegen aus der Strafverfolgung und allen anderen Ersthelfern zusammen, um Rons Opfer zu gedenken und das Bewusstsein f\u00fcr die psychischen Bed\u00fcrfnisse aller zu sch\u00e4rfen, die in Notf\u00e4llen den Notruf w\u00e4hlen\", sagte er.<\/p>\n<p>Dieses Jahr werden 400 Teilnehmer erwartet, die sieben Stunden lang Ersthelfer in Polizeistationen in neun St\u00e4dten besuchen werden: Simi Valley, Thousand Oaks, Moorpark, Camarillo, Port Hueneme, Oxnard, Ventura, Santa Paula und Fillmore<\/p>\n<p>Der Check-in ist f\u00fcr Samstag, den 4. Mai, um 6.30 Uhr im Rathaus von Simi Valley, 2929 Tapo Canyon Road, vorgesehen.<\/p>\n<p>Wenn Sie mehr \u00fcber die diesj\u00e4hrige Ride for the Blue-Veranstaltung erfahren m\u00f6chten, besuchen Sie die Website oder kontaktieren Sie Short unter (800) 606-1390.<\/p>\n<p><a href=\"https:\/\/www.toacorn.com\/articles\/harleys-for-heroes\/\" target=\"_blank\" rel=\"noopener\"><em>Dieser Artikel wurde urspr\u00fcnglich vom Thousand Oaks Acorn ver\u00f6ffentlicht.<\/em><\/a><\/p>","protected":false},"excerpt":{"rendered":"<p>Members of the local chapter of Rolling Thunder might not be first responders, but they understand the importance of the work first responders do. That\u2019s why in 2015 a group&hellip;<\/p>","protected":false},"author":3,"featured_media":20856,"comment_status":"closed","ping_status":"closed","sticky":false,"template":"","format":"standard","meta":{"_acf_changed":false,"give_campaign_id":0,"footnotes":""},"categories":[22],"tags":[],"class_list":["post-20855","post","type-post","status-publish","format-standard","has-post-thumbnail","hentry","category-latest-coverage"],"acf":[],"_links":{"self":[{"href":"https:\/\/vccf.org\/de\/wp-json\/wp\/v2\/posts\/20855","targetHints":{"allow":["GET"]}}],"collection":[{"href":"https:\/\/vccf.org\/de\/wp-json\/wp\/v2\/posts"}],"about":[{"href":"https:\/\/vccf.org\/de\/wp-json\/wp\/v2\/types\/post"}],"author":[{"embeddable":true,"href":"https:\/\/vccf.org\/de\/wp-json\/wp\/v2\/users\/3"}],"replies":[{"embeddable":true,"href":"https:\/\/vccf.org\/de\/wp-json\/wp\/v2\/comments?post=20855"}],"version-history":[{"count":0,"href":"https:\/\/vccf.org\/de\/wp-json\/wp\/v2\/posts\/20855\/revisions"}],"wp:featuredmedia":[{"embeddable":true,"href":"https:\/\/vccf.org\/de\/wp-json\/wp\/v2\/media\/20856"}],"wp:attachment":[{"href":"https:\/\/vccf.org\/de\/wp-json\/wp\/v2\/media?parent=20855"}],"wp:term":[{"taxonomy":"category","embeddable":true,"href":"https:\/\/vccf.org\/de\/wp-json\/wp\/v2\/categories?post=20855"},{"taxonomy":"post_tag","embeddable":true,"href":"https:\/\/vccf.org\/de\/wp-json\/wp\/v2\/tags?post=20855"}],"curies":[{"name":"wp","href":"https:\/\/api.w.org\/{rel}","templated":true}]}}