{"id":22104,"date":"2024-11-19T10:46:25","date_gmt":"2024-11-19T18:46:25","guid":{"rendered":"https:\/\/vccf.org\/?p=22104"},"modified":"2025-01-29T07:47:02","modified_gmt":"2025-01-29T07:47:02","slug":"wallis-annenberg-commits-to-100k-donation-for-mountain-fire-fund","status":"publish","type":"post","link":"https:\/\/vccf.org\/de\/wallis-annenberg-commits-to-100k-donation-for-mountain-fire-fund\/","title":{"rendered":"Wallis Annenberg verpflichtet sich zu einer $100K-Spende f\u00fcr den Mountain Fire Fund"},"content":{"rendered":"<p><em><a href=\"https:\/\/www.vcstar.com\/story\/news\/2024\/11\/14\/wallis-annenberg-commits-to-100k-donation-for-mountain-fire-fund\/76279881007\/\" target=\"_blank\" rel=\"noopener\">Dieser Artikel wurde urspr\u00fcnglich vom VC Star ver\u00f6ffentlicht.<\/a><\/em><\/p>\n<p>Die Philanthropin Wallis Annenberg hat eine Spende in H\u00f6he von $100.000 zur Unterst\u00fctzung des Fonds f\u00fcr die \u00dcberlebenden des Mountain Fire zugesagt, wie lokale Beh\u00f6rden diese Woche bekannt gaben.<\/p>\n<p>Das Feuer brach am 6. November auf dem South Mountain in der N\u00e4he von Somis aus. Es brannte auf einer Fl\u00e4che von etwa 32 Quadratmeilen, zerst\u00f6rte zahlreiche H\u00e4user und erzwang Evakuierungen in Gemeinden von Camarillo bis Fillmore. Mindestens 240 Geb\u00e4ude wurden durch das Feuer zerst\u00f6rt und weitere 125 besch\u00e4digt, wie aus einer laufenden Bewertung hervorgeht. Am Donnerstagmorgen war das Feuer auf 82% einged\u00e4mmt.<\/p>\n<p>Als Reaktion auf das Feuer richtete der Bezirk Ventura in Zusammenarbeit mit der Ventura County Community Foundation einen Notfallfonds ein, um die vom Feuer am st\u00e4rksten Betroffenen zu unterst\u00fctzen, so die Beh\u00f6rden. County Supervisor Jeff Gorell k\u00fcndigte die erwartete Spende von $100.000 von Annenberg am Mittwochabend in einer Stadthalle in Camarillo an.<\/p>\n<p>Vor dieser Ank\u00fcndigung hatte der Fonds bisher $93.500 gesammelt und verteilt. Das Geld wurde direkt an Familien und Einzelpersonen sowie an gemeinn\u00fctzige Einrichtungen verteilt, sagte Vanessa Bechtel, die Vorsitzende und Gesch\u00e4ftsf\u00fchrerin der B\u00fcrgerstiftung. Weitere $10.000 wurden f\u00fcr die Deckung von Kosten im Zusammenhang mit der Evakuierung von Tieren in Notf\u00e4llen verwendet.<\/p>\n<p>Es wird erwartet, dass Annenbergs Spende denjenigen zugute kommt, die ihre H\u00e4user verloren haben, sowie den Landarbeitern, die von dem Brand betroffen sind, so die Beh\u00f6rden.<\/p>\n<p>\"Ich bin unendlich dankbar f\u00fcr unsere Gemeinschaft\", sagte Bechtel.<\/p>\n<p>Weitere Informationen \u00fcber den Mountain Fire Fund und dar\u00fcber, wie Sie spenden oder Hilfe suchen k\u00f6nnen, finden Sie unter vccf.org\/vccf-community-update-on-mountain-fire.<\/p>","protected":false},"excerpt":{"rendered":"<p>This article was originally published by the VC Star. Philanthropist Wallis Annenberg has committed to a $100,000 donation to support the Mountain Fire survivors fund, local officials announced this week.&hellip;<\/p>","protected":false},"author":3,"featured_media":21873,"comment_status":"closed","ping_status":"closed","sticky":false,"template":"","format":"standard","meta":{"_acf_changed":false,"give_campaign_id":0,"footnotes":""},"categories":[22],"tags":[],"class_list":["post-22104","post","type-post","status-publish","format-standard","has-post-thumbnail","hentry","category-latest-coverage"],"acf":[],"_links":{"self":[{"href":"https:\/\/vccf.org\/de\/wp-json\/wp\/v2\/posts\/22104","targetHints":{"allow":["GET"]}}],"collection":[{"href":"https:\/\/vccf.org\/de\/wp-json\/wp\/v2\/posts"}],"about":[{"href":"https:\/\/vccf.org\/de\/wp-json\/wp\/v2\/types\/post"}],"author":[{"embeddable":true,"href":"https:\/\/vccf.org\/de\/wp-json\/wp\/v2\/users\/3"}],"replies":[{"embeddable":true,"href":"https:\/\/vccf.org\/de\/wp-json\/wp\/v2\/comments?post=22104"}],"version-history":[{"count":0,"href":"https:\/\/vccf.org\/de\/wp-json\/wp\/v2\/posts\/22104\/revisions"}],"wp:featuredmedia":[{"embeddable":true,"href":"https:\/\/vccf.org\/de\/wp-json\/wp\/v2\/media\/21873"}],"wp:attachment":[{"href":"https:\/\/vccf.org\/de\/wp-json\/wp\/v2\/media?parent=22104"}],"wp:term":[{"taxonomy":"category","embeddable":true,"href":"https:\/\/vccf.org\/de\/wp-json\/wp\/v2\/categories?post=22104"},{"taxonomy":"post_tag","embeddable":true,"href":"https:\/\/vccf.org\/de\/wp-json\/wp\/v2\/tags?post=22104"}],"curies":[{"name":"wp","href":"https:\/\/api.w.org\/{rel}","templated":true}]}}