{"id":22517,"date":"2024-08-02T14:28:00","date_gmt":"2024-08-02T21:28:00","guid":{"rendered":"https:\/\/vccf.org\/?p=22517"},"modified":"2025-02-11T14:29:40","modified_gmt":"2025-02-11T22:29:40","slug":"ojai-music-festival-receives-75k-grant-from-county","status":"publish","type":"post","link":"https:\/\/vccf.org\/de\/ojai-music-festival-receives-75k-grant-from-county\/","title":{"rendered":"Ojai Music Festival erh\u00e4lt $75K Zuschuss vom Bezirk"},"content":{"rendered":"<p><a href=\"https:\/\/www.ojaivalleynews.com\/culture\/ojai-music-festival-receives-75k-grant-from-county\/article_2d80b144-5098-11ef-975c-df8889274ea3.html\" target=\"_blank\" rel=\"noopener\"><em>Dieser Artikel wurde urspr\u00fcnglich von Ojai Valley News ver\u00f6ffentlicht.<\/em><\/a><\/p>\n\n\n\n<p>Das Ojai Music Festival hat vom County of Ventura und der Ventura County Community Foundation einen Zuschuss aus dem Arts and Culture Investment Fund erhalten.<\/p>\n\n\n\n<p>Der Zuschuss in H\u00f6he von $75.000 unterst\u00fctzt das international anerkannte j\u00e4hrliche Ojai Music Festival, das klassische und zeitgen\u00f6ssische Musik mit den innovativsten und bekanntesten K\u00fcnstlern von heute pr\u00e4sentiert, eine Ausweitung seiner ganzj\u00e4hrigen Aktivit\u00e4ten, die \u00f6ffentliche Auff\u00fchrungen und Partnerschaften in der Gemeinde Ojai und im weiteren Ventura County umfassen, sowie die Ausweitung seines BRAVO-Bildungsprogramms in \u00f6ffentlichen Schulen mit SCORE, einem Musikkompositionskurs f\u00fcr Highschool-Sch\u00fcler.<\/p>\n\n\n\n<p>\"Wir sind dem County und dem Board of Supervisors sehr dankbar f\u00fcr diese gro\u00dfz\u00fcgige und sinnvolle Unterst\u00fctzung\", sagte Ara Guzelimian, k\u00fcnstlerischer und gesch\u00e4ftsf\u00fchrender Direktor des Ojai Music Festival. \"Dies ist ein wichtiger Meilenstein im kulturellen Leben von Ventura County, der das st\u00e4ndig wachsende Angebot an lebendigen k\u00fcnstlerischen Aktivit\u00e4ten in unseren Gemeinden anerkennt und unterst\u00fctzt.\"<\/p>\n\n\n\n<p>Der Kunst- und Kulturinvestitionsfonds ist das erste spezielle Kunst- und Kulturf\u00f6rderprogramm des Bezirks Ventura County, das vom Aufsichtsgremium als Teil des Wiederaufbauplans 2023 des Bezirks genehmigt wurde, um die laufende Erholung von der Pandemie zu unterst\u00fctzen. Gef\u00f6rdert werden sowohl gemeinn\u00fctzige Kunst- und Kultureinrichtungen als auch in Ventura County ans\u00e4ssige K\u00fcnstler. Weitere Informationen \u00fcber den Arts and Culture Investment Fund und eine vollst\u00e4ndige Liste der Zuschussempf\u00e4nger finden Sie unter ventura.org\/arts.<\/p>\n\n\n\n<p>Ojai Musikfestival 2025<br>Das 79. Ojai Music Festival, das vom 5. bis 8. Juni 2025 stattfindet, wird die Fl\u00f6tistin Claire Chase als Musikdirektorin begr\u00fc\u00dfen, k\u00fcndigte Guzelimian an. Besuchen Sie ojaifestival.org f\u00fcr weitere Informationen.<\/p>\n\n\n\n<p>Chase, die von der New York Times als \"der Nordstern des sich st\u00e4ndig erweiternden Universums ihres Instruments\" bezeichnet wurde, ist Musikerin, interdisziplin\u00e4re K\u00fcnstlerin und P\u00e4dagogin. Sie widmet sich leidenschaftlich der Schaffung neuer \u00d6kosysteme f\u00fcr die Musik unserer Zeit und hat Hunderte neuer Werke einer neuen Generation von K\u00fcnstlern uraufgef\u00fchrt. 2013 startete sie das seit 24 Jahren laufende Projekt Density 2036. Im 11. Jahr seines Bestehens stellt Density 2036 die Solofl\u00f6tenliteratur eines Vierteljahrhunderts durch Auftragswerke, Auff\u00fchrungen, Aufnahmen, Bildung und ein zug\u00e4ngliches Archiv unter density2036.org neu vor.<\/p>\n\n\n\n<p>Chase war Mitbegr\u00fcnder des International Contemporary Ensemble im Jahr 2001, wurde 2012 zum MacArthur Fellow ernannt und erhielt 2017 den Avery Fisher Prize des Lincoln Center for the Performing Arts. Chase ist Professor f\u00fcr Musikpraxis am Department of Music der Harvard University, Creative Associate an der Juilliard School und Collaborative Partner von Esa-Pekka Salonen und der San Francisco Symphony.<\/p>\n\n\n\n<p>\"Als Ara mich mit der Einladung anrief, habe ich fast das Telefon fallen lassen! Das Ojai Festival ist eine Art Traumland f\u00fcr mich, seit ich als Kind in S\u00fcdkalifornien aufgewachsen bin, und ich hege eine tiefe Zuneigung f\u00fcr das Publikum in Ojai - ich wei\u00df nicht, ob es irgendwo auf der Welt eine neugierigere, abenteuerlustigere und offenere Gruppe von Zuh\u00f6rern gibt. Ich freue mich sehr darauf, mit Ara zusammenzuarbeiten, um Erlebnisse zu schaffen, die hoffentlich die Verbindungen zwischen der Musik der Vergangenheit und der Gegenwart, in der das Herz schl\u00e4gt, beleben, verkomplizieren und feiern\", so Chase.<\/p>\n\n\n\n<p>Zuvor trat Chase beim Ojai Music Festival mit dem International Contemporary Ensemble auf, und zwar 2015 mit dem damaligen Musikdirektor Steven Schick, 2016 mit Musikdirektor Peter Sellars und 2017 mit Musikdirektor Vijay Iyer.<\/p>","protected":false},"excerpt":{"rendered":"<p>This article was originally published by Ojai Valley News. The Ojai Music Festival has received an Arts and Culture Investment Fund Grant from the County of Ventura and the Ventura&hellip;<\/p>","protected":false},"author":8,"featured_media":0,"comment_status":"closed","ping_status":"closed","sticky":false,"template":"","format":"standard","meta":{"_acf_changed":false,"give_campaign_id":0,"footnotes":""},"categories":[22],"tags":[],"class_list":["post-22517","post","type-post","status-publish","format-standard","hentry","category-latest-coverage"],"acf":[],"_links":{"self":[{"href":"https:\/\/vccf.org\/de\/wp-json\/wp\/v2\/posts\/22517","targetHints":{"allow":["GET"]}}],"collection":[{"href":"https:\/\/vccf.org\/de\/wp-json\/wp\/v2\/posts"}],"about":[{"href":"https:\/\/vccf.org\/de\/wp-json\/wp\/v2\/types\/post"}],"author":[{"embeddable":true,"href":"https:\/\/vccf.org\/de\/wp-json\/wp\/v2\/users\/8"}],"replies":[{"embeddable":true,"href":"https:\/\/vccf.org\/de\/wp-json\/wp\/v2\/comments?post=22517"}],"version-history":[{"count":0,"href":"https:\/\/vccf.org\/de\/wp-json\/wp\/v2\/posts\/22517\/revisions"}],"wp:attachment":[{"href":"https:\/\/vccf.org\/de\/wp-json\/wp\/v2\/media?parent=22517"}],"wp:term":[{"taxonomy":"category","embeddable":true,"href":"https:\/\/vccf.org\/de\/wp-json\/wp\/v2\/categories?post=22517"},{"taxonomy":"post_tag","embeddable":true,"href":"https:\/\/vccf.org\/de\/wp-json\/wp\/v2\/tags?post=22517"}],"curies":[{"name":"wp","href":"https:\/\/api.w.org\/{rel}","templated":true}]}}