{"id":22541,"date":"2025-02-14T09:39:56","date_gmt":"2025-02-14T17:39:56","guid":{"rendered":"https:\/\/vccf.org\/?p=22541"},"modified":"2025-02-14T09:40:01","modified_gmt":"2025-02-14T17:40:01","slug":"rebrand-2025","status":"publish","type":"post","link":"https:\/\/vccf.org\/de\/rebrand-2025\/","title":{"rendered":"Mit dem Herzen dabei: Der neue Look von VCCF"},"content":{"rendered":"<p>Die Ventura County Community Foundation, Ihre Gemeinschaftsstiftung, ist von der Liebe und Gro\u00dfz\u00fcgigkeit dieses Bezirks beeindruckt, seit wir 1987 zum ersten Mal unsere T\u00fcren \u00f6ffneten. Wenn wir zusammenkommen und unsere Leidenschaften und Talente einbringen, um unsere Nachbarn zu unterst\u00fctzen, ist alles m\u00f6glich. Von der Gemeindef\u00fchrung bis hin zur philanthropischen Beratung arbeiten wir Hand in Hand mit unseren Nachbarn, um eine engagierte und bl\u00fchende Gemeinde zu schaffen, die durch wachsende Gro\u00dfz\u00fcgigkeit inspiriert wird.<\/p>\n\n\n\n<p>In den Jahrzehnten seit der Gr\u00fcndung von VCCF hat sich unsere Marke mit den Bed\u00fcrfnissen und der Identit\u00e4t unserer Gemeinschaft weiterentwickelt, sei es durch unsere Logos, Farben und unsere Website - erinnert sich noch jemand an die Zeit, als wir unsere Homepage mit der sich drehenden Muschel hatten? Als sich uns die Gelegenheit bot, unsere Marke neu zu gestalten, haben wir die Chance begr\u00fc\u00dft, unserem Auftrag nachzukommen, Menschen, Ressourcen und L\u00f6sungen miteinander zu verbinden, um in unserer gemeinsamen Welt nachhaltige Wirkung zu erzielen. Jetzt blicken wir nach vorne und freuen uns, ein neues Kapitel auf unserer Reise aufzuschlagen - eines, das unsere Wurzeln ehrt und gleichzeitig hoffnungsvoll und zielgerichtet in die Zukunft blickt.<\/p>\n\n\n\n<div style=\"height:10px\" aria-hidden=\"true\" class=\"wp-block-spacer\"><\/div>\n\n\n\n<h2 class=\"wp-block-heading\">FR\u00dcHERE LOGOS UND FARBPALETTEN<\/h2>\n\n\n<div class=\"wp-block-image\">\n<figure class=\"aligncenter size-large\"><img loading=\"lazy\" decoding=\"async\" width=\"1024\" height=\"256\" src=\"https:\/\/vccf.org\/wp-content\/uploads\/2025\/02\/Untitled-design-2-1024x256.png\" alt=\"Examples of past logos and color palettes throughout VCCF's history\" class=\"wp-image-22542\" srcset=\"https:\/\/vccf.org\/wp-content\/uploads\/2025\/02\/Untitled-design-2-1024x256.png 1024w, https:\/\/vccf.org\/wp-content\/uploads\/2025\/02\/Untitled-design-2-300x75.png 300w, https:\/\/vccf.org\/wp-content\/uploads\/2025\/02\/Untitled-design-2-768x192.png 768w, https:\/\/vccf.org\/wp-content\/uploads\/2025\/02\/Untitled-design-2-1536x384.png 1536w, https:\/\/vccf.org\/wp-content\/uploads\/2025\/02\/Untitled-design-2-2048x512.png 2048w, https:\/\/vccf.org\/wp-content\/uploads\/2025\/02\/Untitled-design-2-18x5.png 18w\" sizes=\"auto, (max-width: 1024px) 100vw, 1024px\" \/><\/figure>\n<\/div>\n\n\n<div style=\"height:10px\" aria-hidden=\"true\" class=\"wp-block-spacer\"><\/div>\n\n\n\n<h2 class=\"wp-block-heading\">UNSER PROZESS<\/h2>\n\n\n\n<p>Im Jahr 2023 schloss sich die VCCF mit der Branding- und Digitalmarketing-Agentur Everneu zusammen, um unsere Markenidentit\u00e4t mit einer klaren Vision neu zu gestalten: Sie soll den einzigartigen Geist von Ventura County und die unglaubliche Gro\u00dfz\u00fcgigkeit der Menschen dort widerspiegeln. Nach einem ersten Beratungsgespr\u00e4ch, in dem wir unsere Hoffnungen und Tr\u00e4ume f\u00fcr die VCCF und Ventura County beschrieben, begannen wir zusammen mit Everneu offiziell mit unserer Markenumgestaltung. Nach mehr als einem Jahr der Besprechungen und \u00dcberarbeitungen freut sich die VCCF, ihre neue visuelle Markenidentit\u00e4t und Website vorzustellen! Mit unseren aufmunternden und klassischen Farben, dem Logo und dem visuellen Gef\u00fchl, das von der nat\u00fcrlichen Sch\u00f6nheit und Lebendigkeit unserer Region inspiriert ist, hoffen wir, die Herzen unserer Gemeindemitglieder anzusprechen, die Ventura County zu einem besseren Ort machen wollen.<\/p>\n\n\n\n<div style=\"height:10px\" aria-hidden=\"true\" class=\"wp-block-spacer\"><\/div>\n\n\n\n<h2 class=\"wp-block-heading\">LOGO<\/h2>\n\n\n\n<p>Seit der Gr\u00fcndung von VCCF haben sich unsere Logos mehrfach ver\u00e4ndert. Everneu trat an die VCCF mit einer neuen Design-Iteration heran, die mit der Richtung \u00fcbereinstimmte, die die VCCF f\u00fcr ihre Zukunft und ihre Positionierung im Ventura County sah.<\/p>\n\n\n\n<div style=\"height:10px\" aria-hidden=\"true\" class=\"wp-block-spacer\"><\/div>\n\n\n<div class=\"wp-block-image\">\n<figure class=\"aligncenter size-large is-resized\"><img loading=\"lazy\" decoding=\"async\" width=\"1024\" height=\"445\" src=\"https:\/\/vccf.org\/wp-content\/uploads\/2025\/02\/VCCF_Logo_Color_2-1024x445.png\" alt=\"The new VCCF logo\" class=\"wp-image-22543\" style=\"width:632px;height:auto\" srcset=\"https:\/\/vccf.org\/wp-content\/uploads\/2025\/02\/VCCF_Logo_Color_2-1024x445.png 1024w, https:\/\/vccf.org\/wp-content\/uploads\/2025\/02\/VCCF_Logo_Color_2-300x130.png 300w, https:\/\/vccf.org\/wp-content\/uploads\/2025\/02\/VCCF_Logo_Color_2-768x334.png 768w, https:\/\/vccf.org\/wp-content\/uploads\/2025\/02\/VCCF_Logo_Color_2-18x8.png 18w, https:\/\/vccf.org\/wp-content\/uploads\/2025\/02\/VCCF_Logo_Color_2.png 1316w\" sizes=\"auto, (max-width: 1024px) 100vw, 1024px\" \/><\/figure>\n<\/div>\n\n\n<div style=\"height:10px\" aria-hidden=\"true\" class=\"wp-block-spacer\"><\/div>\n\n\n\n<p>Die Buchstaben unseres neuen Logos sind alle unterschiedlich, aber in dasselbe Quadrat eingeschlossen. So entsteht eine Analogie zwischen Menschen, die alle unterschiedlich sind (Buchstaben), und einem Quadrat, das sie vereint und umschlie\u00dft (Gemeinschaft). Die unterschiedlichen Gr\u00f6\u00dfen der Buchstaben stehen f\u00fcr die Energie und Lebendigkeit der guten Taten, die durch die inspirierende Gro\u00dfz\u00fcgigkeit unseres Landes entstehen. Die Buchstaben passen nicht vollst\u00e4ndig in das Quadrat, was den Eindruck von Weite und Freiheit vermittelt. Das Quadrat ist kein Begrenzer, sondern ein Erm\u00f6glicher, der jedem die M\u00f6glichkeit gibt, zu wachsen.<\/p>\n\n\n\n<div style=\"height:10px\" aria-hidden=\"true\" class=\"wp-block-spacer\"><\/div>\n\n\n\n<h2 class=\"wp-block-heading\">FARBEN<\/h2>\n\n\n\n<p>Die Palette f\u00fcr die neue visuelle Identit\u00e4t von VCCF kommuniziert die emotionalen T\u00f6ne unserer Marke und schafft ein raffiniertes Gleichgewicht zwischen lebendigen Farben. K\u00fchle Blau- und Gr\u00fcnt\u00f6ne vermitteln Vertrauen, Gemeinschaft und Natur, w\u00e4hrend warme Farbt\u00f6ne ein Gef\u00fchl von Energie und W\u00e4rme vermitteln. Die Farbauswahl ist von der lokalen Natur inspiriert - Sonnenunterg\u00e4nge, Himmel, Meer, W\u00e4lder, Wiesen und Blumen.<\/p>\n\n\n\n<p>Die Verwendung des Farbverlaufs vermittelt die Konzepte der Vermischung verschiedener Aktivit\u00e4ten und Menschen sowie die Ausdehnung von Handlungen der Gro\u00dfz\u00fcgigkeit. Der Farbverlauf spiegelt die Verflechtung der Gemeinschaft wider und vermittelt ein Gef\u00fchl der Lebendigkeit.<\/p>\n\n\n\n<div style=\"height:10px\" aria-hidden=\"true\" class=\"wp-block-spacer\"><\/div>\n\n\n<div class=\"wp-block-image\">\n<figure class=\"aligncenter size-large\"><img loading=\"lazy\" decoding=\"async\" width=\"1024\" height=\"579\" src=\"https:\/\/vccf.org\/wp-content\/uploads\/2025\/02\/Color-Palette-1024x579.png\" alt=\"The new color palette for VCCF, with vivid blue, light grass green, tangerine, golden haze, and purple lupine\" class=\"wp-image-22544\" srcset=\"https:\/\/vccf.org\/wp-content\/uploads\/2025\/02\/Color-Palette-1024x579.png 1024w, https:\/\/vccf.org\/wp-content\/uploads\/2025\/02\/Color-Palette-300x170.png 300w, https:\/\/vccf.org\/wp-content\/uploads\/2025\/02\/Color-Palette-768x435.png 768w, https:\/\/vccf.org\/wp-content\/uploads\/2025\/02\/Color-Palette-18x10.png 18w, https:\/\/vccf.org\/wp-content\/uploads\/2025\/02\/Color-Palette.png 1200w\" sizes=\"auto, (max-width: 1024px) 100vw, 1024px\" \/><\/figure>\n<\/div>\n\n\n<div style=\"height:10px\" aria-hidden=\"true\" class=\"wp-block-spacer\"><\/div>\n\n\n\n<h2 class=\"wp-block-heading\">WEBSITE<\/h2>\n\n\n\n<p>Schlie\u00dflich war VCCF sehr erfreut \u00fcber die Aussicht, mit Everneu an einer neuen Website zu arbeiten, die mit unserem Rebranding zusammenf\u00e4llt. Zusammen mit der Marke sollte die Website das Gef\u00fchl der lokalen Natur einfangen und die tiefe emotionale Verbindung zu unserem Standort st\u00e4rken. Wir wollten die Auswirkungen der Vergangenheit und der Zukunft kommunizieren und jedem sagen: \"Wir tun Gutes f\u00fcr die Gemeinschaft - machen Sie mit!\" Wir hoffen, dass die Erz\u00e4hlungen auf unserer neuen Website zeigen, wie sehr man an Lebenssinn gewinnt, wenn man die Auswirkungen unserer Beitr\u00e4ge sieht.<\/p>\n\n\n\n<div style=\"height:10px\" aria-hidden=\"true\" class=\"wp-block-spacer\"><\/div>\n\n\n<div class=\"wp-block-image\">\n<figure class=\"aligncenter size-large\"><img loading=\"lazy\" decoding=\"async\" width=\"1024\" height=\"532\" src=\"https:\/\/vccf.org\/wp-content\/uploads\/2025\/02\/Screenshot-2025-02-03-114507-1024x532.png\" alt=\"A screenshot of the new VCCF homepage\" class=\"wp-image-22545\" srcset=\"https:\/\/vccf.org\/wp-content\/uploads\/2025\/02\/Screenshot-2025-02-03-114507-1024x532.png 1024w, https:\/\/vccf.org\/wp-content\/uploads\/2025\/02\/Screenshot-2025-02-03-114507-300x156.png 300w, https:\/\/vccf.org\/wp-content\/uploads\/2025\/02\/Screenshot-2025-02-03-114507-768x399.png 768w, https:\/\/vccf.org\/wp-content\/uploads\/2025\/02\/Screenshot-2025-02-03-114507-1536x798.png 1536w, https:\/\/vccf.org\/wp-content\/uploads\/2025\/02\/Screenshot-2025-02-03-114507-18x9.png 18w, https:\/\/vccf.org\/wp-content\/uploads\/2025\/02\/Screenshot-2025-02-03-114507.png 1895w\" sizes=\"auto, (max-width: 1024px) 100vw, 1024px\" \/><\/figure>\n<\/div>\n\n\n<div style=\"height:10px\" aria-hidden=\"true\" class=\"wp-block-spacer\"><\/div>\n\n\n\n<h2 class=\"wp-block-heading\">SCHLUSSFOLGERUNG<\/h2>\n\n\n\n<p>Mit der Zusammenf\u00fchrung aller Elemente unserer neuen Marke und unserem Engagement f\u00fcr unseren Auftrag, unsere Vision und unsere Werte hoffen wir, die Herzen aller Menschen in Ventura County anzusprechen und ihnen zu sagen, dass Ihre Gemeinschaftsstiftung f\u00fcr Sie da ist. Wir freuen uns auf unsere Zukunft, in der wir das Erbe unserer Gemeinschaft durch Vertrauen, Transparenz, Mitgef\u00fchl, Gerechtigkeit, Hartn\u00e4ckigkeit, Exzellenz und authentische Verbindung besser verwalten k\u00f6nnen.<\/p>\n\n\n\n<div style=\"height:10px\" aria-hidden=\"true\" class=\"wp-block-spacer\"><\/div>\n\n\n\n<div class=\"wp-block-columns is-layout-flex wp-container-core-columns-is-layout-9d6595d7 wp-block-columns-is-layout-flex\">\n<div class=\"wp-block-column is-layout-flow wp-block-column-is-layout-flow\">\n<figure class=\"wp-block-image size-large\"><img loading=\"lazy\" decoding=\"async\" width=\"1024\" height=\"745\" src=\"https:\/\/vccf.org\/wp-content\/uploads\/2025\/02\/Logo-and-Photo-Collage-1024x745.png\" alt=\"A collage of the VCCF logo with photos of happy families\" class=\"wp-image-22546\" srcset=\"https:\/\/vccf.org\/wp-content\/uploads\/2025\/02\/Logo-and-Photo-Collage-1024x745.png 1024w, https:\/\/vccf.org\/wp-content\/uploads\/2025\/02\/Logo-and-Photo-Collage-300x218.png 300w, https:\/\/vccf.org\/wp-content\/uploads\/2025\/02\/Logo-and-Photo-Collage-768x559.png 768w, https:\/\/vccf.org\/wp-content\/uploads\/2025\/02\/Logo-and-Photo-Collage-16x12.png 16w, https:\/\/vccf.org\/wp-content\/uploads\/2025\/02\/Logo-and-Photo-Collage.png 1200w\" sizes=\"auto, (max-width: 1024px) 100vw, 1024px\" \/><\/figure>\n<\/div>\n\n\n\n<div class=\"wp-block-column is-layout-flow wp-block-column-is-layout-flow\">\n<figure class=\"wp-block-image size-large\"><img loading=\"lazy\" decoding=\"async\" width=\"1024\" height=\"770\" src=\"https:\/\/vccf.org\/wp-content\/uploads\/2025\/02\/Sample-Collateral-1024x770.png\" alt=\"Examples of VCCF's new branding on pamphlets, webpages, and business cards\" class=\"wp-image-22547\" srcset=\"https:\/\/vccf.org\/wp-content\/uploads\/2025\/02\/Sample-Collateral-1024x770.png 1024w, https:\/\/vccf.org\/wp-content\/uploads\/2025\/02\/Sample-Collateral-300x226.png 300w, https:\/\/vccf.org\/wp-content\/uploads\/2025\/02\/Sample-Collateral-768x577.png 768w, https:\/\/vccf.org\/wp-content\/uploads\/2025\/02\/Sample-Collateral-16x12.png 16w, https:\/\/vccf.org\/wp-content\/uploads\/2025\/02\/Sample-Collateral.png 1197w\" sizes=\"auto, (max-width: 1024px) 100vw, 1024px\" \/><\/figure>\n<\/div>\n<\/div>\n\n\n<div class=\"wp-block-image\">\n<figure class=\"alignright size-large is-resized\"><img loading=\"lazy\" decoding=\"async\" width=\"1024\" height=\"683\" src=\"https:\/\/vccf.org\/wp-content\/uploads\/2025\/02\/VCCF-LR-98-1024x683.jpg\" alt=\"Mike and Loretta Merewether smiling at the Ventura Botanical Gardens\" class=\"wp-image-22550\" style=\"aspect-ratio:1;object-fit:cover;width:400px\" srcset=\"https:\/\/vccf.org\/wp-content\/uploads\/2025\/02\/VCCF-LR-98-1024x683.jpg 1024w, https:\/\/vccf.org\/wp-content\/uploads\/2025\/02\/VCCF-LR-98-300x200.jpg 300w, https:\/\/vccf.org\/wp-content\/uploads\/2025\/02\/VCCF-LR-98-768x512.jpg 768w, https:\/\/vccf.org\/wp-content\/uploads\/2025\/02\/VCCF-LR-98-1536x1024.jpg 1536w, https:\/\/vccf.org\/wp-content\/uploads\/2025\/02\/VCCF-LR-98-2048x1366.jpg 2048w, https:\/\/vccf.org\/wp-content\/uploads\/2025\/02\/VCCF-LR-98-18x12.jpg 18w\" sizes=\"auto, (max-width: 1024px) 100vw, 1024px\" \/><\/figure>\n<\/div>\n\n\n<p>Wir freuen uns, unser neues Erscheinungsbild und unsere neue Website vorzustellen, die deutlich machen, wer wir sind und was uns wichtig ist, und die dazu beitragen werden, die Geschichte von Ventura County besser zu erz\u00e4hlen, eine Geschichte, die w\u00fcrdigt, was wir erreicht haben und wohin wir uns gemeinsam bewegen werden.<\/p>\n\n\n\n<p>Dieses Projekt w\u00e4re ohne die Gro\u00dfz\u00fcgigkeit von Mike und Loretta Merewether nicht m\u00f6glich gewesen. Das gesamte VCCF-Team m\u00f6chte ihnen f\u00fcr ihre Unterst\u00fctzung zutiefst danken.<\/p>\n\n\n\n<p>Wir m\u00f6chten uns besonders bei Ark Rozental und Everneu sowie dem VCCF-Team f\u00fcr die harte Arbeit, den Flei\u00df und die Kreativit\u00e4t bedanken, die sie in das Projekt eingebracht haben.<\/p>\n\n\n\n<p>Wir laden Sie ein, gemeinsam mit uns das n\u00e4chste Kapitel der Geschichte von Ventura County zu schreiben - ein Kapitel voller Hoffnung, Verbundenheit und freundlicher Taten, die uns alle voranbringen.<\/p>","protected":false},"excerpt":{"rendered":"<p>The Ventura County Community Foundation, your community foundation, has been in awe of this county\u2019s love and generosity since we first opened our doors in 1987, and when we come&hellip;<\/p>","protected":false},"author":8,"featured_media":22549,"comment_status":"closed","ping_status":"closed","sticky":false,"template":"","format":"standard","meta":{"_acf_changed":false,"give_campaign_id":0,"footnotes":""},"categories":[27],"tags":[],"class_list":["post-22541","post","type-post","status-publish","format-standard","has-post-thumbnail","hentry","category-blog-posts"],"acf":[],"_links":{"self":[{"href":"https:\/\/vccf.org\/de\/wp-json\/wp\/v2\/posts\/22541","targetHints":{"allow":["GET"]}}],"collection":[{"href":"https:\/\/vccf.org\/de\/wp-json\/wp\/v2\/posts"}],"about":[{"href":"https:\/\/vccf.org\/de\/wp-json\/wp\/v2\/types\/post"}],"author":[{"embeddable":true,"href":"https:\/\/vccf.org\/de\/wp-json\/wp\/v2\/users\/8"}],"replies":[{"embeddable":true,"href":"https:\/\/vccf.org\/de\/wp-json\/wp\/v2\/comments?post=22541"}],"version-history":[{"count":0,"href":"https:\/\/vccf.org\/de\/wp-json\/wp\/v2\/posts\/22541\/revisions"}],"wp:featuredmedia":[{"embeddable":true,"href":"https:\/\/vccf.org\/de\/wp-json\/wp\/v2\/media\/22549"}],"wp:attachment":[{"href":"https:\/\/vccf.org\/de\/wp-json\/wp\/v2\/media?parent=22541"}],"wp:term":[{"taxonomy":"category","embeddable":true,"href":"https:\/\/vccf.org\/de\/wp-json\/wp\/v2\/categories?post=22541"},{"taxonomy":"post_tag","embeddable":true,"href":"https:\/\/vccf.org\/de\/wp-json\/wp\/v2\/tags?post=22541"}],"curies":[{"name":"wp","href":"https:\/\/api.w.org\/{rel}","templated":true}]}}