{"id":22745,"date":"2025-03-05T15:16:49","date_gmt":"2025-03-05T23:16:49","guid":{"rendered":"https:\/\/vccf.org\/?p=22745"},"modified":"2025-03-10T11:55:51","modified_gmt":"2025-03-10T18:55:51","slug":"vccf-power-of-purpose-march-2025","status":"publish","type":"post","link":"https:\/\/vccf.org\/de\/vccf-power-of-purpose-march-2025\/","title":{"rendered":"VCCF Power of Purpose - M\u00e4rz 2025"},"content":{"rendered":"<div class=\"wp-block-image\">\n<figure class=\"aligncenter size-large\"><img loading=\"lazy\" decoding=\"async\" width=\"1024\" height=\"341\" src=\"https:\/\/vccf.org\/wp-content\/uploads\/2025\/03\/2024-Rebrand-Power-of-Purpose-Header-Final-2-1024x341.png\" alt=\"Power of Purpose - Growing Generosity in Ventura County\" class=\"wp-image-22747\" srcset=\"https:\/\/vccf.org\/wp-content\/uploads\/2025\/03\/2024-Rebrand-Power-of-Purpose-Header-Final-2-1024x341.png 1024w, https:\/\/vccf.org\/wp-content\/uploads\/2025\/03\/2024-Rebrand-Power-of-Purpose-Header-Final-2-300x100.png 300w, https:\/\/vccf.org\/wp-content\/uploads\/2025\/03\/2024-Rebrand-Power-of-Purpose-Header-Final-2-768x256.png 768w, https:\/\/vccf.org\/wp-content\/uploads\/2025\/03\/2024-Rebrand-Power-of-Purpose-Header-Final-2-1536x512.png 1536w, https:\/\/vccf.org\/wp-content\/uploads\/2025\/03\/2024-Rebrand-Power-of-Purpose-Header-Final-2-2048x683.png 2048w, https:\/\/vccf.org\/wp-content\/uploads\/2025\/03\/2024-Rebrand-Power-of-Purpose-Header-Final-2-18x6.png 18w\" sizes=\"auto, (max-width: 1024px) 100vw, 1024px\" \/><\/figure>\n<\/div>\n\n\n<p>Liebe Ventura County Community Foundation Familie,<\/p>\n\n\n\n<p>\"Ich wohne in der M\u00f6glichkeit \/ Ein sch\u00f6neres Haus als Prosa\" - Emily Dickinson<\/p>\n\n\n\n<p>In solchen Momenten wende ich mich der Kunst zu, um meine Seele aufzutanken und meinen Geist zu beleben. Heute Morgen fand ich Trost in den Worten von Emily Dickinsons Gedicht \"<a href=\"https:\/\/www.poetryfoundation.org\/poems\/52197\/i-dwell-in-possibility-466\" target=\"_blank\" rel=\"noopener\">Ich wohne in Possibility<\/a>.\" In nur wenigen kurzen Zeilen erinnert uns Dickinson daran, die Hoffnung zu w\u00e4hlen, den Schl\u00fcssel, um das Gute in unsere gemeinsame Welt zu bringen. Ihre Worte wirken wie ein Aufruf zum Handeln, der uns auffordert, zu geben, was wir k\u00f6nnen, einander die Hand zu reichen und uns daran zu erinnern, dass die M\u00f6glichkeit ein Ort ist, den wir w\u00e4hlen k\u00f6nnen, um zu leben.<\/p>\n\n\n\n<p>Hin und wieder vergesse ich das und f\u00fchle mich klein angesichts der vor mir liegenden Herausforderungen. Aber unsere VCCF-Familie taucht immer wieder auf und erinnert mich an die unglaubliche Kraft, die wir haben, wenn wir mit Liebe und Zielstrebigkeit handeln - gemeinsam.<\/p>\n\n\n\n<p>Mein Mann sagt oft, dass die Arbeit, die wir in der Gemeinschaftsstiftung leisten, wie das Kochen von Steinsuppe ist, eine Anspielung auf das von der europ\u00e4ischen Folklore inspirierte Lied von Tom Chapin. Es handelt von einem Fremden, der hungrig in die Stadt kommt und die Kinder \u00fcberredet, ihm zu helfen, aus ein paar Steinen eine Suppe zu kochen. Als der Topf zu kochen beginnt, schl\u00e4gt er vor, dass die Suppe mit einem Suppenknochen noch besser schmecken k\u00f6nnte... und vielleicht ein paar Karotten... und schon bald hat sich das ganze Dorf zusammengefunden, um eine k\u00f6stliche Mahlzeit zuzubereiten, die alle satt macht.<\/p>\n\n\n\n<p>Das ist genau das, was ich hier in Ventura County sehe. Lassen Sie uns nicht aus den Augen verlieren, welchen unglaublichen Einfluss wir gemeinsam haben, mehr als 23.000 von uns, die sich alle daf\u00fcr einsetzen, dass Ventura County der beste Ort zum Leben f\u00fcr alle ist.<\/p>\n\n\n\n<p>Erinnern Sie sich kurz: Nach dem Bergfeuer haben Hunderte von Ihnen mobilisiert, um zu helfen. Gemeinsam waren wir Zeugen au\u00dferordentlicher Gro\u00dfz\u00fcgigkeit und F\u00fcrsorge und sammelten mehr als $1 Million, um unsere Nachbarn in der Zeit der Not zu unterst\u00fctzen. Ich bin nach wie vor zutiefst inspiriert von der F\u00fchrung von Interface Children &amp; Family Services, 211 Ventura County, Ventura County VOAD, Anne Whatley und Supervisor Jeff Gorell - die alle in der vergangenen Woche vom VCCF-Vorstand f\u00fcr ihren engagierten Einsatz geehrt wurden - und vielen anderen, die unerm\u00fcdlich daran gearbeitet haben, unsere Gemeinschaft zu sch\u00fctzen und zu unterst\u00fctzen.<\/p>\n\n\n\n<p>Und obwohl die Herausforderungen bestehen bleiben, halten wir an dem fest, was m\u00f6glich ist. Die j\u00fcngste Studie von Dr. Jamshid Damooei \"Affording a Dignified Life on the Central Coast\" erinnert uns daran, wie schwer es f\u00fcr Familien ist, selbst ihre grundlegendsten Bed\u00fcrfnisse zu befriedigen. Unsere gemeinn\u00fctzigen Partner sp\u00fcren diesen Druck tagt\u00e4glich, da die Anfragen nach Hilfe weiter steigen.<\/p>\n\n\n\n<p>Und doch gibt es noch so viel Hoffnung. Ich freue mich, Ihnen mitteilen zu k\u00f6nnen, dass drei au\u00dfergew\u00f6hnliche neue Kollegen zu unserem VCCF-Team gesto\u00dfen sind, die frische Energie und gro\u00dfes Engagement f\u00fcr unsere Mission mitbringen. Mit ihnen - und mit Ihnen allen - glaube ich, dass wir weiterhin eine Zukunft aufbauen k\u00f6nnen, in der jeder in Ventura County die Chance hat, nicht nur \u00fcber die Runden zu kommen, sondern wirklich zu gedeihen.<\/p>\n\n\n\n<p>Wenn Sie die Last dieser Zeit sp\u00fcren, sollten Sie wissen, dass Sie nicht allein sind. Wir sehen Sie. Wir sind bei Ihnen. Und gemeinsam, indem wir uns entscheiden, in der M\u00f6glichkeit zu verweilen, werden wir es schaffen - st\u00e4rker, freundlicher und verbundener als je zuvor.<\/p>\n\n\n\n<p>Mit Dankbarkeit und Hoffnung,<\/p>\n\n\n\n<p>Vanessa Bechtel VCCF Pr\u00e4sidentin und CEO<\/p>\n\n\n\n<div style=\"height:10px\" aria-hidden=\"true\" class=\"wp-block-spacer\"><\/div>\n\n\n<div class=\"wp-block-image\">\n<figure class=\"aligncenter size-large\"><img loading=\"lazy\" decoding=\"async\" width=\"1024\" height=\"666\" src=\"https:\/\/vccf.org\/wp-content\/uploads\/2025\/03\/f8e3c507-0b75-4b16-9780-7503d41bc9fa-1024x666.jpg\" alt=\"The VCCF Board and staff standing at the certificate presentation with partners during the Mountain Fire\" class=\"wp-image-22748\" srcset=\"https:\/\/vccf.org\/wp-content\/uploads\/2025\/03\/f8e3c507-0b75-4b16-9780-7503d41bc9fa-1024x666.jpg 1024w, https:\/\/vccf.org\/wp-content\/uploads\/2025\/03\/f8e3c507-0b75-4b16-9780-7503d41bc9fa-300x195.jpg 300w, https:\/\/vccf.org\/wp-content\/uploads\/2025\/03\/f8e3c507-0b75-4b16-9780-7503d41bc9fa-768x500.jpg 768w, https:\/\/vccf.org\/wp-content\/uploads\/2025\/03\/f8e3c507-0b75-4b16-9780-7503d41bc9fa-1536x1000.jpg 1536w, https:\/\/vccf.org\/wp-content\/uploads\/2025\/03\/f8e3c507-0b75-4b16-9780-7503d41bc9fa-2048x1333.jpg 2048w, https:\/\/vccf.org\/wp-content\/uploads\/2025\/03\/f8e3c507-0b75-4b16-9780-7503d41bc9fa-18x12.jpg 18w\" sizes=\"auto, (max-width: 1024px) 100vw, 1024px\" \/><\/figure>\n<\/div>\n\n\n<div class=\"wp-block-group\"><div class=\"wp-block-group__inner-container is-layout-constrained wp-block-group-is-layout-constrained\">\n<div style=\"height:10px\" aria-hidden=\"true\" class=\"wp-block-spacer\"><\/div>\n\n\n\n<hr class=\"wp-block-separator has-alpha-channel-opacity is-style-wide\"\/>\n\n\n\n<div style=\"height:10px\" aria-hidden=\"true\" class=\"wp-block-spacer\"><\/div>\n<\/div><\/div>\n\n\n\n<h2 class=\"wp-block-heading has-text-align-center\">\"Ein w\u00fcrdiges Leben an der Zentralk\u00fcste Kaliforniens erm\u00f6glichen\"<\/h2>\n\n\n\n<h3 class=\"wp-block-heading has-text-align-center\"><em>Cal Lutheran's Center for Economics of Social Issues 2025 Konferenz<\/em><\/h3>\n\n\n<div class=\"wp-block-image\">\n<figure class=\"aligncenter size-full is-resized\"><img loading=\"lazy\" decoding=\"async\" width=\"1600\" height=\"900\" src=\"https:\/\/vccf.org\/wp-content\/uploads\/2025\/03\/LDN-L-ROSE-PARADE-2023-SR-41.webp\" alt=\"A protest of Pasadena residents wearing red and holding a banner reading &quot;Affordable Housing Now!&quot;\" class=\"wp-image-22749\" style=\"width:752px;height:auto\" srcset=\"https:\/\/vccf.org\/wp-content\/uploads\/2025\/03\/LDN-L-ROSE-PARADE-2023-SR-41.webp 1600w, https:\/\/vccf.org\/wp-content\/uploads\/2025\/03\/LDN-L-ROSE-PARADE-2023-SR-41-300x169.webp 300w, https:\/\/vccf.org\/wp-content\/uploads\/2025\/03\/LDN-L-ROSE-PARADE-2023-SR-41-1024x576.webp 1024w, https:\/\/vccf.org\/wp-content\/uploads\/2025\/03\/LDN-L-ROSE-PARADE-2023-SR-41-768x432.webp 768w, https:\/\/vccf.org\/wp-content\/uploads\/2025\/03\/LDN-L-ROSE-PARADE-2023-SR-41-1536x864.webp 1536w, https:\/\/vccf.org\/wp-content\/uploads\/2025\/03\/LDN-L-ROSE-PARADE-2023-SR-41-18x10.webp 18w\" sizes=\"auto, (max-width: 1600px) 100vw, 1600px\" \/><\/figure>\n<\/div>\n\n\n<p>Letzte Woche beleuchtete Dr. Jamshid Damooei auf der Jahreskonferenz der CESI, an der auch VCCF-Vorstandsmitglied Dr. C\u00e9sar Morales und Pr\u00e4sidentin und Gesch\u00e4ftsf\u00fchrerin Vanessa Bechtel teilnahmen, was f\u00fcr ein menschenw\u00fcrdiges Leben an der kalifornischen Zentralk\u00fcste erforderlich ist.<\/p>\n\n\n\n<p><a href=\"https:\/\/drive.google.com\/file\/d\/1IoXXvBs-LYbRbpHvhim6kR92ZLZuAutR\/view\" target=\"_blank\" rel=\"noopener\">Die vollst\u00e4ndige Studie von Dr. Damooei enth\u00e4lt augen\u00f6ffnende Zahlen zu den dringenden Problemen, mit denen die Kalifornier konfrontiert sind<\/a>die von existenzsichernden L\u00f6hnen \u00fcber fr\u00fchkindliche Bildung bis hin zu Lebensmittelmarken reichen. Erfahren Sie mehr, indem Sie sich einige der wichtigsten Punkte der Studie ansehen.<\/p>\n\n\n\n<div class=\"wp-block-buttons is-content-justification-center is-layout-flex wp-container-core-buttons-is-layout-16018d1d wp-block-buttons-is-layout-flex\">\n<div class=\"wp-block-button has-custom-font-size has-medium-font-size\"><a class=\"wp-block-button__link has-fl-topbar-bg-color has-text-color has-background has-link-color wp-element-button\" href=\"https:\/\/drive.google.com\/file\/d\/1mSCZhFtgVgUUBhAyxcdoZsmTkAeNF1_P\/view\" style=\"background-color:#3ca5e7\" target=\"_blank\" rel=\"noopener\">Mehr lesen<\/a><\/div>\n<\/div>\n\n\n\n<div class=\"wp-block-group\"><div class=\"wp-block-group__inner-container is-layout-constrained wp-block-group-is-layout-constrained\">\n<div style=\"height:10px\" aria-hidden=\"true\" class=\"wp-block-spacer\"><\/div>\n\n\n\n<hr class=\"wp-block-separator has-alpha-channel-opacity is-style-wide\"\/>\n\n\n\n<div style=\"height:10px\" aria-hidden=\"true\" class=\"wp-block-spacer\"><\/div>\n<\/div><\/div>\n\n\n\n<h2 class=\"wp-block-heading has-text-align-center\">Wir haben uns umbenannt! Treffen Sie Ihr neues VCCF<\/h2>\n\n\n<div class=\"wp-block-image\">\n<figure class=\"aligncenter size-large is-resized\"><img loading=\"lazy\" decoding=\"async\" width=\"1024\" height=\"745\" src=\"https:\/\/vccf.org\/wp-content\/uploads\/2025\/03\/Logo-and-Photo-Collage-1024x745.png\" alt=\"The new VCCF logo along with photos of community members\" class=\"wp-image-22751\" style=\"width:686px;height:auto\" srcset=\"https:\/\/vccf.org\/wp-content\/uploads\/2025\/03\/Logo-and-Photo-Collage-1024x745.png 1024w, https:\/\/vccf.org\/wp-content\/uploads\/2025\/03\/Logo-and-Photo-Collage-300x218.png 300w, https:\/\/vccf.org\/wp-content\/uploads\/2025\/03\/Logo-and-Photo-Collage-768x559.png 768w, https:\/\/vccf.org\/wp-content\/uploads\/2025\/03\/Logo-and-Photo-Collage-16x12.png 16w, https:\/\/vccf.org\/wp-content\/uploads\/2025\/03\/Logo-and-Photo-Collage.png 1200w\" sizes=\"auto, (max-width: 1024px) 100vw, 1024px\" \/><\/figure>\n<\/div>\n\n\n<p>VCCF freut sich \u00fcber die Einf\u00fchrung unserer neuen Marke! Wir laden Sie ein, unsere brandneue Website zu erkunden. Schauen Sie mal rein!<\/p>\n\n\n\n<div class=\"wp-block-buttons is-content-justification-center is-layout-flex wp-container-core-buttons-is-layout-5e6b19ed wp-block-buttons-is-layout-flex\">\n<div class=\"wp-block-button has-custom-font-size has-medium-font-size\"><a class=\"wp-block-button__link has-fl-topbar-bg-color has-text-color has-background has-link-color wp-element-button\" href=\"https:\/\/vccf.org\/de\/rebrand-2025\/\" style=\"background-color:#3ca5e7\">Mehr lesen<\/a><\/div>\n<\/div>\n\n\n\n<div class=\"wp-block-group\"><div class=\"wp-block-group__inner-container is-layout-constrained wp-block-group-is-layout-constrained\">\n<div style=\"height:10px\" aria-hidden=\"true\" class=\"wp-block-spacer\"><\/div>\n\n\n\n<hr class=\"wp-block-separator has-alpha-channel-opacity is-style-wide\"\/>\n\n\n\n<div style=\"height:10px\" aria-hidden=\"true\" class=\"wp-block-spacer\"><\/div>\n<\/div><\/div>\n\n\n\n<h2 class=\"wp-block-heading has-text-align-center\">VCCF-Finanzierungsm\u00f6glichkeiten - jetzt offen<\/h2>\n\n\n\n<p>Wir haben zwei F\u00f6rderm\u00f6glichkeiten, die Sie nicht verpassen sollten! <a href=\"https:\/\/vccf.org\/de\/grants\/past-current-and-upcoming-grants\/\">Weitere Informationen finden Sie auf unserer Seite Finanzhilfen<\/a>.<\/p>\n\n\n\n<p><strong>Bert M. und Mildred O. Dahl Fonds<\/strong><\/p>\n\n\n\n<p>Zusch\u00fcsse aus dem Bert M. und Mildred O. Dahl Fund sind in Ventura County f\u00fcr allgemeine wohlt\u00e4tige Zwecke zugunsten der Jugend von Oak View, Kalifornien, zu verwenden. Gemeinn\u00fctzige Organisationen m\u00fcssen Programme f\u00fcr die Jugend von Oak View einrichten oder unterst\u00fctzen. Dies kann auch den Bau und die Instandhaltung von Einrichtungen f\u00fcr solche Programme umfassen. Bewerbungsschluss ist Montag, der 17. M\u00e4rz um 17 Uhr PST.<\/p>\n\n\n\n<p><strong>Barbara Barnard Smith Fund for World Musics<\/strong><\/p>\n\n\n\n<p>Die Zusch\u00fcsse des Barbara Barnard Smith Fund for World Musics dienen der Unterst\u00fctzung von Live-Auff\u00fchrungen oder Programmen, die nicht-westliche Musik repr\u00e4sentieren. Bewerbungsschluss ist Freitag, der 28. M\u00e4rz um 17.00 Uhr PST.<\/p>\n\n\n\n<div class=\"wp-block-buttons is-content-justification-center is-layout-flex wp-container-core-buttons-is-layout-16018d1d wp-block-buttons-is-layout-flex\">\n<div class=\"wp-block-button has-custom-font-size has-medium-font-size\"><a class=\"wp-block-button__link has-fl-topbar-bg-color has-text-color has-background has-link-color wp-element-button\" href=\"https:\/\/vccf.org\/de\/grants\/past-current-and-upcoming-grants\/\" style=\"background-color:#3ca5e7\">Jetzt bewerben<\/a><\/div>\n<\/div>\n\n\n\n<div class=\"wp-block-group\"><div class=\"wp-block-group__inner-container is-layout-constrained wp-block-group-is-layout-constrained\">\n<div style=\"height:10px\" aria-hidden=\"true\" class=\"wp-block-spacer\"><\/div>\n\n\n\n<hr class=\"wp-block-separator has-alpha-channel-opacity is-style-wide\"\/>\n\n\n\n<div style=\"height:10px\" aria-hidden=\"true\" class=\"wp-block-spacer\"><\/div>\n<\/div><\/div>\n\n\n\n<h2 class=\"wp-block-heading has-text-align-center\">Wir begr\u00fc\u00dfen die neuen VCCF-Teammitglieder!<\/h2>\n\n\n\n<div class=\"wp-block-columns is-layout-flex wp-container-core-columns-is-layout-9d6595d7 wp-block-columns-is-layout-flex\">\n<div class=\"wp-block-column is-layout-flow wp-block-column-is-layout-flow\">\n<figure class=\"wp-block-image size-large\"><img loading=\"lazy\" decoding=\"async\" width=\"1024\" height=\"1024\" src=\"https:\/\/vccf.org\/wp-content\/uploads\/2025\/03\/Roshin-Mathew-1024x1024.png\" alt=\"Roshin Mathew\" class=\"wp-image-22752\" srcset=\"https:\/\/vccf.org\/wp-content\/uploads\/2025\/03\/Roshin-Mathew-1024x1024.png 1024w, https:\/\/vccf.org\/wp-content\/uploads\/2025\/03\/Roshin-Mathew-300x300.png 300w, https:\/\/vccf.org\/wp-content\/uploads\/2025\/03\/Roshin-Mathew-150x150.png 150w, https:\/\/vccf.org\/wp-content\/uploads\/2025\/03\/Roshin-Mathew-768x768.png 768w, https:\/\/vccf.org\/wp-content\/uploads\/2025\/03\/Roshin-Mathew-12x12.png 12w, https:\/\/vccf.org\/wp-content\/uploads\/2025\/03\/Roshin-Mathew.png 1080w\" sizes=\"auto, (max-width: 1024px) 100vw, 1024px\" \/><\/figure>\n<\/div>\n\n\n\n<div class=\"wp-block-column is-layout-flow wp-block-column-is-layout-flow\">\n<figure class=\"wp-block-image size-large\"><img loading=\"lazy\" decoding=\"async\" width=\"1024\" height=\"1024\" src=\"https:\/\/vccf.org\/wp-content\/uploads\/2025\/03\/Gary-Byrne-1024x1024.png\" alt=\"Gary Byrne\" class=\"wp-image-22753\" srcset=\"https:\/\/vccf.org\/wp-content\/uploads\/2025\/03\/Gary-Byrne-1024x1024.png 1024w, https:\/\/vccf.org\/wp-content\/uploads\/2025\/03\/Gary-Byrne-300x300.png 300w, https:\/\/vccf.org\/wp-content\/uploads\/2025\/03\/Gary-Byrne-150x150.png 150w, https:\/\/vccf.org\/wp-content\/uploads\/2025\/03\/Gary-Byrne-768x768.png 768w, https:\/\/vccf.org\/wp-content\/uploads\/2025\/03\/Gary-Byrne-12x12.png 12w, https:\/\/vccf.org\/wp-content\/uploads\/2025\/03\/Gary-Byrne.png 1080w\" sizes=\"auto, (max-width: 1024px) 100vw, 1024px\" \/><\/figure>\n<\/div>\n\n\n\n<div class=\"wp-block-column is-layout-flow wp-block-column-is-layout-flow\">\n<figure class=\"wp-block-image size-large\"><img loading=\"lazy\" decoding=\"async\" width=\"1024\" height=\"1024\" src=\"https:\/\/vccf.org\/wp-content\/uploads\/2025\/03\/3-1024x1024.png\" alt=\"Nailea Gaytan\" class=\"wp-image-22754\" srcset=\"https:\/\/vccf.org\/wp-content\/uploads\/2025\/03\/3-1024x1024.png 1024w, https:\/\/vccf.org\/wp-content\/uploads\/2025\/03\/3-300x300.png 300w, https:\/\/vccf.org\/wp-content\/uploads\/2025\/03\/3-150x150.png 150w, https:\/\/vccf.org\/wp-content\/uploads\/2025\/03\/3-768x768.png 768w, https:\/\/vccf.org\/wp-content\/uploads\/2025\/03\/3-12x12.png 12w, https:\/\/vccf.org\/wp-content\/uploads\/2025\/03\/3.png 1080w\" sizes=\"auto, (max-width: 1024px) 100vw, 1024px\" \/><\/figure>\n<\/div>\n<\/div>\n\n\n\n<p>Wir m\u00f6chten Ihnen die neuesten Teammitglieder von VCCF vorstellen: Roshin Mathew, Direktorin f\u00fcr strategische Initiativen, Gary Byrne, Vizepr\u00e4sident, und Nailea Gaytan, Praktikantin f\u00fcr Marketing und Kommunikation! Lesen Sie unten mehr \u00fcber sie!<\/p>\n\n\n\n<div class=\"wp-block-buttons is-content-justification-center is-layout-flex wp-container-core-buttons-is-layout-16018d1d wp-block-buttons-is-layout-flex\">\n<div class=\"wp-block-button has-custom-font-size has-medium-font-size\"><a class=\"wp-block-button__link has-fl-topbar-bg-color has-text-color has-background has-link-color wp-element-button\" href=\"https:\/\/vccf.org\/de\/vccf-welcomes-three-new-team-members\/\" style=\"background-color:#3ca5e7\">Treffen Sie unser Team<\/a><\/div>\n<\/div>\n\n\n\n<div class=\"wp-block-group\"><div class=\"wp-block-group__inner-container is-layout-constrained wp-block-group-is-layout-constrained\">\n<div style=\"height:10px\" aria-hidden=\"true\" class=\"wp-block-spacer\"><\/div>\n\n\n\n<hr class=\"wp-block-separator has-alpha-channel-opacity is-style-wide\"\/>\n\n\n\n<div style=\"height:10px\" aria-hidden=\"true\" class=\"wp-block-spacer\"><\/div>\n<\/div><\/div>\n\n\n\n<h2 class=\"wp-block-heading has-text-align-center\">Sicherheit im Wasser: S\u00fcdost-Ventura County YMCA<\/h2>\n\n\n\n<div class=\"wp-block-columns is-layout-flex wp-container-core-columns-is-layout-9d6595d7 wp-block-columns-is-layout-flex\">\n<div class=\"wp-block-column is-layout-flow wp-block-column-is-layout-flow\">\n<figure class=\"wp-block-image size-large\"><img loading=\"lazy\" decoding=\"async\" width=\"1024\" height=\"768\" src=\"https:\/\/vccf.org\/wp-content\/uploads\/2025\/03\/ymca-saw-1024x768.jpg\" alt=\"Children smiling and wearing life vests in a pool at the Southeast Ventura County YMCA\" class=\"wp-image-22755\" srcset=\"https:\/\/vccf.org\/wp-content\/uploads\/2025\/03\/ymca-saw-1024x768.jpg 1024w, https:\/\/vccf.org\/wp-content\/uploads\/2025\/03\/ymca-saw-300x225.jpg 300w, https:\/\/vccf.org\/wp-content\/uploads\/2025\/03\/ymca-saw-768x576.jpg 768w, https:\/\/vccf.org\/wp-content\/uploads\/2025\/03\/ymca-saw-16x12.jpg 16w, https:\/\/vccf.org\/wp-content\/uploads\/2025\/03\/ymca-saw.jpg 1198w\" sizes=\"auto, (max-width: 1024px) 100vw, 1024px\" \/><\/figure>\n<\/div>\n\n\n\n<div class=\"wp-block-column is-layout-flow wp-block-column-is-layout-flow\">\n<p>SEVYMCA setzt sich daf\u00fcr ein, dass die Pr\u00e4vention von Ertrinkungsunf\u00e4llen in unserer Gemeinde Priorit\u00e4t hat, und stellt sicher, dass alle Kinder die M\u00f6glichkeit haben, Wassersicherheitstechniken durch Safety Around Water zu erlernen, ein kostenloses Programm, das Wassersicherheit und grundlegende Schwimmf\u00e4higkeiten f\u00fcr diejenigen lehrt, die wenig oder keine Erfahrung haben.<br>Wenn Sie mehr \u00fcber dieses lebensrettende Programm und andere Dienste erfahren m\u00f6chten, besuchen Sie die Website von SEVYMCA.<\/p>\n<\/div>\n<\/div>\n\n\n\n<div class=\"wp-block-buttons is-content-justification-center is-layout-flex wp-container-core-buttons-is-layout-16018d1d wp-block-buttons-is-layout-flex\">\n<div class=\"wp-block-button has-custom-font-size has-medium-font-size\"><a class=\"wp-block-button__link has-fl-topbar-bg-color has-text-color has-background has-link-color wp-element-button\" href=\"https:\/\/www.sevymca.org\/safety-around-water\" style=\"background-color:#3ca5e7\" target=\"_blank\" rel=\"noopener\">Mehr erfahren<\/a><\/div>\n<\/div>\n\n\n\n<div class=\"wp-block-group\"><div class=\"wp-block-group__inner-container is-layout-constrained wp-block-group-is-layout-constrained\">\n<div style=\"height:10px\" aria-hidden=\"true\" class=\"wp-block-spacer\"><\/div>\n\n\n\n<hr class=\"wp-block-separator has-alpha-channel-opacity is-style-wide\"\/>\n\n\n\n<div style=\"height:10px\" aria-hidden=\"true\" class=\"wp-block-spacer\"><\/div>\n<\/div><\/div>\n\n\n<div class=\"wp-block-image\">\n<figure class=\"aligncenter size-large\"><img loading=\"lazy\" decoding=\"async\" width=\"1024\" height=\"341\" src=\"https:\/\/vccf.org\/wp-content\/uploads\/2025\/03\/power-of-community-1024x341.png\" alt=\"Power of Community - Good News from your Ventura County\" class=\"wp-image-22756\" srcset=\"https:\/\/vccf.org\/wp-content\/uploads\/2025\/03\/power-of-community-1024x341.png 1024w, https:\/\/vccf.org\/wp-content\/uploads\/2025\/03\/power-of-community-300x100.png 300w, https:\/\/vccf.org\/wp-content\/uploads\/2025\/03\/power-of-community-768x256.png 768w, https:\/\/vccf.org\/wp-content\/uploads\/2025\/03\/power-of-community-1536x512.png 1536w, https:\/\/vccf.org\/wp-content\/uploads\/2025\/03\/power-of-community-2048x683.png 2048w, https:\/\/vccf.org\/wp-content\/uploads\/2025\/03\/power-of-community-18x6.png 18w\" sizes=\"auto, (max-width: 1024px) 100vw, 1024px\" \/><\/figure>\n<\/div>\n\n\n<h2 class=\"wp-block-heading has-text-align-center\">Neues Kunststadttheater<\/h2>\n\n\n<div class=\"wp-block-image\">\n<figure class=\"alignleft size-large is-resized\"><a href=\"https:\/\/www.youtube.com\/watch?v=3ufFQ9CL8uc\" target=\"_blank\" rel=\"noopener\"><img loading=\"lazy\" decoding=\"async\" width=\"1024\" height=\"506\" src=\"https:\/\/vccf.org\/wp-content\/uploads\/2025\/03\/New-Art-City-Thumbnail-1024x506.png\" alt=\"A thumbnail of the music video for &quot;A Show that May Change the World&quot; with a group dancing on the Ventura Pier\" class=\"wp-image-22757\" style=\"width:458px;height:auto\" srcset=\"https:\/\/vccf.org\/wp-content\/uploads\/2025\/03\/New-Art-City-Thumbnail-1024x506.png 1024w, https:\/\/vccf.org\/wp-content\/uploads\/2025\/03\/New-Art-City-Thumbnail-300x148.png 300w, https:\/\/vccf.org\/wp-content\/uploads\/2025\/03\/New-Art-City-Thumbnail-768x379.png 768w, https:\/\/vccf.org\/wp-content\/uploads\/2025\/03\/New-Art-City-Thumbnail-18x9.png 18w, https:\/\/vccf.org\/wp-content\/uploads\/2025\/03\/New-Art-City-Thumbnail.png 1267w\" sizes=\"auto, (max-width: 1024px) 100vw, 1024px\" \/><\/a><\/figure>\n<\/div>\n\n\n<p>Das Anfang 2023 gegr\u00fcndete New Art City Theatre ist ein professionelles Theaterunternehmen, das sich ausschlie\u00dflich der Entwicklung neuer B\u00fchnenwerke widmet. Die einzigartige Aufgabe des NACT besteht darin, Dramatikern, Komponisten und Textern aller Hintergr\u00fcnde den gleichen Zugang zu wichtigen Ressourcen zu erm\u00f6glichen und die Beteiligung des Publikums durch freien Eintritt zu vielen NACT-Veranstaltungen zu erweitern. NACT bringt Autoren aus dem ganzen Land nach Ventura, wo in Live-Lesungen und Workshops St\u00fccke oder Musicals entwickelt werden. Die gemeinn\u00fctzige Organisation hat einen Raum der Zusammenarbeit f\u00fcr K\u00fcnstler und Publikum gleicherma\u00dfen geschaffen, so dass jeder an dem spannenden Prozess der Theatererstellung teilnehmen kann. VCCF ist stolz darauf, NACT zu unterst\u00fctzen, und wir m\u00f6chten Sie ermutigen, sich \"A Show That May Change the World\" anzusehen, das die Kraft des Theaters und den Weg zur Magie demonstriert. <a href=\"https:\/\/vimeo.com\/1056575144\" target=\"_blank\" rel=\"noopener\">Schauen Sie sich die Aufzeichnung des Virtual Lunch &amp; Learn diesen Monat an.<\/a><\/p>\n\n\n\n<div class=\"wp-block-buttons is-content-justification-center is-layout-flex wp-container-core-buttons-is-layout-16018d1d wp-block-buttons-is-layout-flex\">\n<div class=\"wp-block-button has-custom-font-size has-medium-font-size\"><a class=\"wp-block-button__link has-fl-topbar-bg-color has-text-color has-background has-link-color wp-element-button\" href=\"https:\/\/www.youtube.com\/watch?v=3ufFQ9CL8uc\" style=\"background-color:#3ca5e7\" target=\"_blank\" rel=\"noopener\">Das Video ansehen<\/a><\/div>\n<\/div>\n\n\n\n<p><\/p>","protected":false},"excerpt":{"rendered":"<p>Liebe Ventura County Community Foundation Familie, \"I dwell in Possibility\/A fairer House than Prose\" - Emily Dickinson In Momenten wie diesen wende ich mich den K\u00fcnsten zu, um sie zu...<\/p>","protected":false},"author":8,"featured_media":0,"comment_status":"closed","ping_status":"closed","sticky":false,"template":"","format":"standard","meta":{"_acf_changed":false,"give_campaign_id":0,"footnotes":""},"categories":[24],"tags":[],"class_list":["post-22745","post","type-post","status-publish","format-standard","hentry","category-newsletters"],"acf":[],"_links":{"self":[{"href":"https:\/\/vccf.org\/de\/wp-json\/wp\/v2\/posts\/22745","targetHints":{"allow":["GET"]}}],"collection":[{"href":"https:\/\/vccf.org\/de\/wp-json\/wp\/v2\/posts"}],"about":[{"href":"https:\/\/vccf.org\/de\/wp-json\/wp\/v2\/types\/post"}],"author":[{"embeddable":true,"href":"https:\/\/vccf.org\/de\/wp-json\/wp\/v2\/users\/8"}],"replies":[{"embeddable":true,"href":"https:\/\/vccf.org\/de\/wp-json\/wp\/v2\/comments?post=22745"}],"version-history":[{"count":0,"href":"https:\/\/vccf.org\/de\/wp-json\/wp\/v2\/posts\/22745\/revisions"}],"wp:attachment":[{"href":"https:\/\/vccf.org\/de\/wp-json\/wp\/v2\/media?parent=22745"}],"wp:term":[{"taxonomy":"category","embeddable":true,"href":"https:\/\/vccf.org\/de\/wp-json\/wp\/v2\/categories?post=22745"},{"taxonomy":"post_tag","embeddable":true,"href":"https:\/\/vccf.org\/de\/wp-json\/wp\/v2\/tags?post=22745"}],"curies":[{"name":"wp","href":"https:\/\/api.w.org\/{rel}","templated":true}]}}