{"id":23111,"date":"2025-06-23T15:05:59","date_gmt":"2025-06-23T22:05:59","guid":{"rendered":"https:\/\/vccf.org\/?p=23111"},"modified":"2025-06-24T09:18:13","modified_gmt":"2025-06-24T16:18:13","slug":"reflections-on-vccf-intern-experience-and-celebrating-vccfs-grads","status":"publish","type":"post","link":"https:\/\/vccf.org\/de\/reflections-on-vccf-intern-experience-and-celebrating-vccfs-grads\/","title":{"rendered":"\u00dcberlegungen zur VCCF-Praktikantenerfahrung und zur Feier der VCCF-Absolventen!"},"content":{"rendered":"<div class=\"wp-block-image\">\n<figure class=\"alignright size-full is-resized\"><img loading=\"lazy\" decoding=\"async\" width=\"600\" height=\"600\" src=\"https:\/\/vccf.org\/wp-content\/uploads\/2025\/06\/2.png\" alt=\"\" class=\"wp-image-23114\" style=\"width:401px;height:auto\" srcset=\"https:\/\/vccf.org\/wp-content\/uploads\/2025\/06\/2.png 600w, https:\/\/vccf.org\/wp-content\/uploads\/2025\/06\/2-300x300.png 300w, https:\/\/vccf.org\/wp-content\/uploads\/2025\/06\/2-150x150.png 150w, https:\/\/vccf.org\/wp-content\/uploads\/2025\/06\/2-12x12.png 12w\" sizes=\"auto, (max-width: 600px) 100vw, 600px\" \/><figcaption class=\"wp-element-caption\">Jade Barth<\/figcaption><\/figure>\n<\/div>\n\n\n<p>Die Ventura County Community Foundation hat immer wieder die Ehre, einige der kl\u00fcgsten und engagiertesten Studenten unseres Bezirks in ihr Team aufzunehmen, von Praktikanten \u00fcber Vollzeitmitarbeiter bis hin zu Freiwilligen. Zu Beginn dieses Jahres begr\u00fc\u00dfte die VCCF die Praktikantinnen Nailea Gaytan und Carolina Diaz, um sie bei den Marketingbem\u00fchungen f\u00fcr die Stiftung und das Isabella-Projekt zu unterst\u00fctzen, eine Initiative, die von der VCCF ins Leben gerufen wurde, um sicherzustellen, dass alle Kinder in Santa Paula Zugang zu qualitativ hochwertiger, ganzt\u00e4giger Fr\u00fchbetreuung und -erziehung haben, die ihre Entwicklung unterst\u00fctzt und den Bed\u00fcrfnissen ihrer Familien entspricht. Nailea arbeitete als Teilzeit-Praktikantin in der Marketing-Abteilung von VCCF, w\u00e4hrend Carolina ihr Abschlussprojekt auf die Produktion eines bald erscheinenden Videos f\u00fcr das Isabella-Projekt konzentrierte. Lesen Sie mehr \u00fcber ihre Erfahrungen und die wertvollen Erkenntnisse, die sie aus ihrer Arbeit mitnehmen konnten.<\/p>\n\n\n\n<p>Wir sind sehr stolz auf Nailea und Carolina sowie auf das VCCF-Teammitglied Aidan Miner und die Videoregisseurin des Isabella-Projekts, Jade Barth, die gerade ihren Abschluss an der California State University, Channel Islands, gefeiert haben. Wir k\u00f6nnen es kaum erwarten, zu sehen, wohin das Leben sie alle als n\u00e4chstes f\u00fchrt!<\/p>\n\n\n\n<div style=\"height:25px\" aria-hidden=\"true\" class=\"wp-block-spacer\"><\/div>\n\n\n\n<h2 class=\"wp-block-heading\">Nailea Gaytan<\/h2>\n\n\n<div class=\"wp-block-image\">\n<figure class=\"alignleft size-full is-resized\"><img loading=\"lazy\" decoding=\"async\" width=\"600\" height=\"600\" src=\"https:\/\/vccf.org\/wp-content\/uploads\/2025\/06\/1.png\" alt=\"\" class=\"wp-image-23113\" style=\"width:337px;height:auto\" srcset=\"https:\/\/vccf.org\/wp-content\/uploads\/2025\/06\/1.png 600w, https:\/\/vccf.org\/wp-content\/uploads\/2025\/06\/1-300x300.png 300w, https:\/\/vccf.org\/wp-content\/uploads\/2025\/06\/1-150x150.png 150w, https:\/\/vccf.org\/wp-content\/uploads\/2025\/06\/1-12x12.png 12w\" sizes=\"auto, (max-width: 600px) 100vw, 600px\" \/><figcaption class=\"wp-element-caption\">Aidan Miner (links) mit Nailea Gaytan (rechts)<\/figcaption><\/figure>\n<\/div>\n\n\n<p>Meine Praktikumserfahrung bei der Ventura County Community Foundation war wirklich bereichernd und hat es mir erm\u00f6glicht, zu wirkungsvollen Initiativen im Ventura County beizutragen. Durch eine Gelegenheit, die vom CSU Channel Islands Communication Program angeboten wird, das Studenten durch Service-Learning, Praktika und Kurszusammenarbeit mit Gemeindeorganisationen f\u00fchrt, hatte ich das Privileg, die VCCF durch das Isabella Project zu unterst\u00fctzen, eine Initiative zur fr\u00fchkindlichen Bildung, die sich der Sicherstellung einer qualitativ hochwertigen Bildung f\u00fcr kleine Kinder widmet, und die Disaster Resilience and Preparedness Initiative, die Familien, die unter anderem vom Bergfeuer 2024 in Ventura County betroffen sind, entscheidende Hilfe bietet. Die Widerstandsf\u00e4higkeit unserer Gemeinschaft und das Engagement der VCCF bei diesen Bem\u00fchungen zu sehen, war sehr inspirierend.&nbsp;<\/p>\n\n\n\n<p>Unterst\u00fctzung des Isabella Project's <em>Todos Juntos Por Los Ni\u00f1os<\/em> Festival im Oktober 2024 an der Seite von Sofia Herron, Laila James, Peter Hernandez und Mentor Aidan Miner war die Initialz\u00fcndung f\u00fcr meine Zusammenarbeit mit der Stiftung. Dieses fr\u00fche Engagement vermittelte mir aus erster Hand einen Einblick in das Engagement der VCCF f\u00fcr die Gemeinde Santa Paula und ebnete letztlich den Weg f\u00fcr meine Praktikumsrolle, die es mir erm\u00f6glichte, die Mission der Stiftung in gr\u00f6\u00dferem Umfang zu unterst\u00fctzen, z. B. durch das Hervorheben der Reichweite der VCCF durch die Erstellung von Inhalten. Ich habe aktiv dazu beigetragen, ansprechende Blog-Beitr\u00e4ge und Social-Media-Inhalte zu verfassen, um das Bewusstsein f\u00fcr Veranstaltungen und Initiativen der VCCF zu sch\u00e4rfen. Dazu geh\u00f6rte das Teilen von Wirkungsgeschichten, das Bereitstellen von Updates zu Initiativen und das Hervorheben der kritischen Bed\u00fcrfnisse in Ventura County. Ein wichtiger Aspekt meines Praktikums war die Dokumentation gemeinn\u00fctziger Bem\u00fchungen und der Herausforderungen, denen unterrepr\u00e4sentierte Bev\u00f6lkerungsgruppen in Ventura County gegen\u00fcberstehen.<\/p>\n\n\n\n<p>Neben der Erstellung von Inhalten umfasste mein Praktikum auch die Zusammenarbeit mit verschiedenen kommunalen Organisationen und Mitgliedern wie der Weingart Foundation for the <em>House Farm Workers!<\/em> Bus Tour sowie One Capital Management, LLC, um Jose Negrete, einen ehemaligen VCCF-Stipendiaten, professionell \u00fcber seine laufenden Bem\u00fchungen bei den Vereinten Nationen in Genf, Schweiz, zu interviewen. Diese praktische Erfahrung in den Bereichen Marketing und Kommunikation unter der Anleitung von Candice Tang Nyholt und Lauren Graf hat mir unsch\u00e4tzbare F\u00e4higkeiten vermittelt, um aussagekr\u00e4ftige Botschaften zu vermitteln und ein gr\u00f6\u00dferes Publikum anzusprechen.<\/p>\n\n\n\n<p>Dieses Praktikum hat mir gezeigt, wie wichtig die Zusammenarbeit ist und welche entscheidende Rolle gemeinn\u00fctzige Organisationen bei der Beseitigung von Ungleichheiten und der Schaffung einer st\u00e4rkeren, solidarischeren Gemeinschaft f\u00fcr alle spielen. Mein Verst\u00e4ndnis f\u00fcr Gleichberechtigung und Inklusion und die Bedeutung der Unterst\u00fctzung der Gemeinschaft - Werte, die f\u00fcr die Mission der VCCF von zentraler Bedeutung sind - ist in den letzten Monaten enorm gewachsen. Die VCCF hat mich mit einer Reihe von F\u00e4higkeiten ausgestattet und bereits vorhandene Werte gest\u00e4rkt. Dar\u00fcber hinaus habe ich Verbindungen innerhalb des gemeinn\u00fctzigen Sektors und der Gemeinde von Ventura County gekn\u00fcpft und damit eine solide Grundlage f\u00fcr k\u00fcnftige Bestrebungen im Bereich des gesellschaftlichen Engagements und des \u00f6ffentlichen Dienstes geschaffen.&nbsp;<\/p>\n\n\n\n<div style=\"height:25px\" aria-hidden=\"true\" class=\"wp-block-spacer\"><\/div>\n\n\n\n<h2 class=\"wp-block-heading\">Carolina Diaz<\/h2>\n\n\n\n<p>Im vergangenen Semester hatte ich die unglaubliche Gelegenheit, mit der Ventura County Community Foundation am Isabella-Projekt zu arbeiten, einer starken Initiative, die die Bedeutung der fr\u00fchkindlichen Bildung hervorhebt. Meine Aufgabe bestand darin, bei der Erstellung eines Videos mitzuwirken, das das Bewusstsein sch\u00e4rfen und zu mehr Engagement in der Gemeinde anregen sollte. Von Anfang bis Ende vertiefte diese Erfahrung meine Wertsch\u00e4tzung f\u00fcr die Arbeit hinter den Kulissen, die mit dem Erz\u00e4hlen von Geschichten, der Interessenvertretung und der \u00d6ffentlichkeitsarbeit verbunden ist.<\/p>\n\n\n<div class=\"wp-block-image\">\n<figure class=\"alignleft size-full is-resized\"><img loading=\"lazy\" decoding=\"async\" width=\"567\" height=\"425\" src=\"https:\/\/vccf.org\/wp-content\/uploads\/2025\/06\/IMG_0186-edited.jpg\" alt=\"\" class=\"wp-image-23116\" style=\"width:410px;height:auto\" srcset=\"https:\/\/vccf.org\/wp-content\/uploads\/2025\/06\/IMG_0186-edited.jpg 567w, https:\/\/vccf.org\/wp-content\/uploads\/2025\/06\/IMG_0186-edited-300x225.jpg 300w, https:\/\/vccf.org\/wp-content\/uploads\/2025\/06\/IMG_0186-edited-16x12.jpg 16w\" sizes=\"auto, (max-width: 567px) 100vw, 567px\" \/><figcaption class=\"wp-element-caption\">Carolina arbeitet an einem Video f\u00fcr das Isabella-Projekt<\/figcaption><\/figure>\n<\/div>\n\n\n<p>Eine meiner Hauptaufgaben war die Teilnahme an Besprechungen, bei denen ich aktiv zuh\u00f6rte, detaillierte Notizen machte und daf\u00fcr sorgte, dass alle Beteiligten auf derselben Seite standen. Au\u00dferdem k\u00fcmmerte ich mich um die Kommunikation mit den Beteiligten - ich kontaktierte sie per E-Mail, um Drehtermine zu planen, Genehmigungen zu beantragen und Medienfreigabeformulare zu erhalten. Die Logistik war manchmal eine Herausforderung, wenn es darum ging, ein Datum und eine Uhrzeit zu finden, die f\u00fcr alle Beteiligten geeignet waren, aber ich habe gelernt, wie wichtig Beharrlichkeit und klare Dokumentation bei der Koordination mit vielbesch\u00e4ftigten Gemeindemitgliedern sein k\u00f6nnen.<\/p>\n\n\n\n<p>Einer der lohnenden Aspekte dieses Praktikums war, dass ich als Spanischsprachige einen Beitrag leisten konnte. Ich konnte helfen, Kommunikationsl\u00fccken zu \u00fcberbr\u00fccken und sicherstellen, dass sich jeder geh\u00f6rt und verstanden f\u00fchlt. Es war sinnvoll, meine Sprachkenntnisse auf eine Art und Weise einzusetzen, die das Projektziel der Inklusion und der Zug\u00e4nglichkeit f\u00fcr Gemeindemitglieder direkt unterst\u00fctzt.<\/p>\n\n\n\n<p>W\u00e4hrend dieser Erfahrung erhielt ich positives Feedback von Candice Tang Nyholt, der Direktorin f\u00fcr Marketing und Kommunikation bei VCCF, die meine Organisation und Vorbereitung sch\u00e4tzte. Durch ihre Ermutigung f\u00fchlte ich mich sicherer in meiner F\u00e4higkeit, komplexe Aufgaben zu bew\u00e4ltigen und einen Beitrag zu einer gr\u00f6\u00dferen Aufgabe zu leisten. Es hat mir auch gezeigt, wie wichtig es ist, ein zuverl\u00e4ssiges Teammitglied zu sein, wenn man an einem gemeinsamen Projekt arbeitet.<\/p>\n\n\n<div class=\"wp-block-image\">\n<figure class=\"alignright size-full is-resized\"><img loading=\"lazy\" decoding=\"async\" width=\"600\" height=\"600\" src=\"https:\/\/vccf.org\/wp-content\/uploads\/2025\/06\/Carolina-Diaz.png\" alt=\"\" class=\"wp-image-23117\" style=\"width:296px;height:auto\" srcset=\"https:\/\/vccf.org\/wp-content\/uploads\/2025\/06\/Carolina-Diaz.png 600w, https:\/\/vccf.org\/wp-content\/uploads\/2025\/06\/Carolina-Diaz-300x300.png 300w, https:\/\/vccf.org\/wp-content\/uploads\/2025\/06\/Carolina-Diaz-150x150.png 150w, https:\/\/vccf.org\/wp-content\/uploads\/2025\/06\/Carolina-Diaz-12x12.png 12w\" sizes=\"auto, (max-width: 600px) 100vw, 600px\" \/><figcaption class=\"wp-element-caption\">Carolina Diaz<\/figcaption><\/figure>\n<\/div>\n\n\n<p>Letztendlich hat die Arbeit am Isabella-Projekt nicht nur meine Kommunikations-, Koordinations- und Zeitmanagementf\u00e4higkeiten verbessert, sondern mir auch gezeigt, welchen Einfluss eine gut geschriebene Geschichte auf eine Gemeinschaft haben kann. Ich bin stolz darauf, einen Beitrag zur F\u00f6rderung der fr\u00fchkindlichen Bildung geleistet und so wunderbare Menschen wie Abril, Perla und Jade getroffen zu haben. Ich hoffe, dass dieses Video dazu beitr\u00e4gt, Gespr\u00e4che, Verbindungen und Aktionen in Santa Paula und dar\u00fcber hinaus anzuregen. Vielen Dank, Isabella Project!<\/p>","protected":false},"excerpt":{"rendered":"<p>The Ventura County Community Foundation has had the ongoing honor of bringing some of our county\u2019s brightest and most dedicated students onto our team, from interns to full-time staff to&hellip;<\/p>","protected":false},"author":8,"featured_media":0,"comment_status":"closed","ping_status":"closed","sticky":false,"template":"","format":"standard","meta":{"_acf_changed":false,"give_campaign_id":0,"footnotes":""},"categories":[27],"tags":[35],"class_list":["post-23111","post","type-post","status-publish","format-standard","hentry","category-blog-posts","tag-isabella-project"],"acf":[],"_links":{"self":[{"href":"https:\/\/vccf.org\/de\/wp-json\/wp\/v2\/posts\/23111","targetHints":{"allow":["GET"]}}],"collection":[{"href":"https:\/\/vccf.org\/de\/wp-json\/wp\/v2\/posts"}],"about":[{"href":"https:\/\/vccf.org\/de\/wp-json\/wp\/v2\/types\/post"}],"author":[{"embeddable":true,"href":"https:\/\/vccf.org\/de\/wp-json\/wp\/v2\/users\/8"}],"replies":[{"embeddable":true,"href":"https:\/\/vccf.org\/de\/wp-json\/wp\/v2\/comments?post=23111"}],"version-history":[{"count":0,"href":"https:\/\/vccf.org\/de\/wp-json\/wp\/v2\/posts\/23111\/revisions"}],"wp:attachment":[{"href":"https:\/\/vccf.org\/de\/wp-json\/wp\/v2\/media?parent=23111"}],"wp:term":[{"taxonomy":"category","embeddable":true,"href":"https:\/\/vccf.org\/de\/wp-json\/wp\/v2\/categories?post=23111"},{"taxonomy":"post_tag","embeddable":true,"href":"https:\/\/vccf.org\/de\/wp-json\/wp\/v2\/tags?post=23111"}],"curies":[{"name":"wp","href":"https:\/\/api.w.org\/{rel}","templated":true}]}}