{"id":24150,"date":"2026-04-30T12:27:54","date_gmt":"2026-04-30T19:27:54","guid":{"rendered":"https:\/\/vccf.org\/?p=24150"},"modified":"2026-04-30T12:32:19","modified_gmt":"2026-04-30T19:32:19","slug":"power-of-purpose-april-2026","status":"publish","type":"post","link":"https:\/\/vccf.org\/de\/power-of-purpose-april-2026\/","title":{"rendered":"Power of Purpose \u2013 April 2026"},"content":{"rendered":"<div class=\"wp-block-image\">\n<figure class=\"aligncenter size-large\"><img loading=\"lazy\" decoding=\"async\" width=\"1024\" height=\"341\" src=\"https:\/\/vccf.org\/wp-content\/uploads\/2025\/03\/2024-Rebrand-Power-of-Purpose-Header-Final-2-1024x341.png\" alt=\"\" class=\"wp-image-22747\" srcset=\"https:\/\/vccf.org\/wp-content\/uploads\/2025\/03\/2024-Rebrand-Power-of-Purpose-Header-Final-2-1024x341.png 1024w, https:\/\/vccf.org\/wp-content\/uploads\/2025\/03\/2024-Rebrand-Power-of-Purpose-Header-Final-2-300x100.png 300w, https:\/\/vccf.org\/wp-content\/uploads\/2025\/03\/2024-Rebrand-Power-of-Purpose-Header-Final-2-768x256.png 768w, https:\/\/vccf.org\/wp-content\/uploads\/2025\/03\/2024-Rebrand-Power-of-Purpose-Header-Final-2-1536x512.png 1536w, https:\/\/vccf.org\/wp-content\/uploads\/2025\/03\/2024-Rebrand-Power-of-Purpose-Header-Final-2-2048x683.png 2048w, https:\/\/vccf.org\/wp-content\/uploads\/2025\/03\/2024-Rebrand-Power-of-Purpose-Header-Final-2-18x6.png 18w\" sizes=\"auto, (max-width: 1024px) 100vw, 1024px\" \/><\/figure>\n<\/div>\n\n\n<div style=\"height:10px\" aria-hidden=\"true\" class=\"wp-block-spacer\"><\/div>\n\n\n\n<p>Liebe Ventura County Community Foundation Familie,<\/p>\n\n\n\n<p>Some months leave a mark on you. This was one of them, and my heart is full.<\/p>\n\n\n<div class=\"wp-block-image\">\n<figure class=\"alignleft size-full is-resized\"><img loading=\"lazy\" decoding=\"async\" width=\"1024\" height=\"791\" src=\"https:\/\/vccf.org\/wp-content\/uploads\/2026\/04\/Rosalba-Photo-w.-Son-1024x791-1.jpg\" alt=\"\" class=\"wp-image-24156\" style=\"aspect-ratio:1.2945794302501987;width:398px;height:auto\" srcset=\"https:\/\/vccf.org\/wp-content\/uploads\/2026\/04\/Rosalba-Photo-w.-Son-1024x791-1.jpg 1024w, https:\/\/vccf.org\/wp-content\/uploads\/2026\/04\/Rosalba-Photo-w.-Son-1024x791-1-300x232.jpg 300w, https:\/\/vccf.org\/wp-content\/uploads\/2026\/04\/Rosalba-Photo-w.-Son-1024x791-1-768x593.jpg 768w, https:\/\/vccf.org\/wp-content\/uploads\/2026\/04\/Rosalba-Photo-w.-Son-1024x791-1-16x12.jpg 16w\" sizes=\"auto, (max-width: 1024px) 100vw, 1024px\" \/><\/figure>\n<\/div>\n\n\n<p>In Santa Paula, <strong><a href=\"https:\/\/isabellaproject.org\/meet-rosalba-guaranteed-income-pilot-program-recipient\/\" data-type=\"link\" data-id=\"https:\/\/isabellaproject.org\/meet-rosalba-guaranteed-income-pilot-program-recipient\/\" target=\"_blank\" rel=\"noopener\">eight home-based childcare providers are receiving $521 a month for two years through a guaranteed income pilot<\/a><\/strong> made possible by the leadership of Child Development Resources of Ventura County, the Economic Development Collaborative, Poder Popular, and Rhode Futures Foundation. These are women who show up every single day for the youngest children in our community, children whose parents can work because someone they trust is caring for them.<\/p>\n\n\n\n<p>For many of these providers, this modest, unconditional income is the first financial breathing room they have ever had. The first chance to fix a broken refrigerator without going into debt. To say yes to a car repair. To simply exhale.<\/p>\n\n\n\n<p>These are women holding their communities together, often without recognition or resources. And when we finally invest in them, something powerful happens. Every provider in this pilot reported less stress, improved mental health, and a stronger sense of hope for their families. One woman went from having no enrolled children to six, purchased her first car, and is now licensing a larger home. The money multiplied, just as she said it would.<\/p>\n\n\n\n<p>Just days later, our Board Chair Leah Lacayo stood at a ribbon cutting for the <strong><a href=\"https:\/\/vccf.org\/de\/domestic-violence-shelter-officially-opens-in-ventura\/\">new domestic violence shelter at the Family Justice Center in Ventura<\/a><\/strong>. She returned with the same recognition: this is exactly where we need to be.<\/p>\n\n\n\n<p>Nationally, one in four women experience severe physical violence by an intimate partner in their lifetime. These are not distant statistics. They are our neighbors, our colleagues, and our friends right here in Ventura County.<\/p>\n\n\n\n<p>One of the greatest barriers to leaving an unsafe situation is not knowing where to go, or whether there will be space for everyone you love, including the pets who are often a lifeline of comfort and connection. This new shelter, a community of tiny homes, changes that. Someone can arrive with their children, their animals, and what little they can carry, and know they are safe.<\/p>\n\n\n\n<p><strong>VCCF was proud to help raise more than $400,000 to bring this vision to life<\/strong>, including $10,000 dedicated to ensuring families never have to leave their animals behind. Lives will be changed. People who felt they had no options will find one here.<\/p>\n\n\n\n<p>That same spirit is alive across our community right now, and I hope you will read on.<\/p>\n\n\n\n<p>Through the <strong><a href=\"https:\/\/vccf.org\/de\/neighbors-support-fund\/\" data-type=\"page\" data-id=\"23168\">Ventura County Neighbors Unterst\u00fctzungsfonds<\/a><\/strong>, 43 nonprofits, education partners, and local organizations are already putting critical resources to work for families facing real hardship. <strong>This latest round of grantmaking crossed the $1 million mark because of you<\/strong>, alongside a coalition of 32 community partners spanning civic, business, nonprofit, education, and faith-based leaders, all committed to ensuring that every dollar goes directly toward supporting our neighbors.<\/p>\n\n\n\n<p>In this newsletter, you will meet some of the people making that possible. I hope you will take a few minutes to read their stories, find what moves you, and consider where your energy might meet the work.<\/p>\n\n\n\n<p>Thriving communities are not built by any one institution or individual. They are built by neighbors who show up for each other.<\/p>\n\n\n\n<p>The future of our county, and I believe the future of our world, will not be shaped by any single person or organization.<\/p>\n\n\n\n<p>It will be shaped by all of us.<\/p>\n\n\n\n<div style=\"height:10px\" aria-hidden=\"true\" class=\"wp-block-spacer\"><\/div>\n\n\n\n<p>With gratitude,<br>Vanessa<br><em>Vanessa Bechtel, VCCF Pr\u00e4sidentin und CEO<\/em><\/p>\n\n\n\n<div style=\"height:10px\" aria-hidden=\"true\" class=\"wp-block-spacer\"><\/div>\n\n\n\n<p>P.S. There is one more story I want to share. This month, a generous VCCF donor created a matching fund challenge for <a href=\"https:\/\/www.katcharities.org\/\" data-type=\"link\" data-id=\"https:\/\/www.katcharities.org\/\" target=\"_blank\" rel=\"noopener\"><strong>KAT Charities<\/strong><\/a> in Hawaii, where they spent days rescuing animals from extreme flooding. It is a reminder that the generosity of people like you reaches further than you may ever know. If you have been looking for a way to lean in, this is your invitation. Whether through a gift, your time, or simply sharing these stories with someone who needs to hear them, you are part of what makes this community extraordinary. Thank you for everything you do and everything you give.<\/p>\n\n\n\n<div style=\"height:10px\" aria-hidden=\"true\" class=\"wp-block-spacer\"><\/div>\n\n\n\n<div class=\"wp-block-columns is-layout-flex wp-container-core-columns-is-layout-9d6595d7 wp-block-columns-is-layout-flex\">\n<div class=\"wp-block-column is-layout-flow wp-block-column-is-layout-flow\">\n<figure class=\"wp-block-image size-full\"><img loading=\"lazy\" decoding=\"async\" width=\"1000\" height=\"1000\" src=\"https:\/\/vccf.org\/wp-content\/uploads\/2026\/04\/4.png\" alt=\"\" class=\"wp-image-24151\" srcset=\"https:\/\/vccf.org\/wp-content\/uploads\/2026\/04\/4.png 1000w, https:\/\/vccf.org\/wp-content\/uploads\/2026\/04\/4-300x300.png 300w, https:\/\/vccf.org\/wp-content\/uploads\/2026\/04\/4-150x150.png 150w, https:\/\/vccf.org\/wp-content\/uploads\/2026\/04\/4-768x768.png 768w, https:\/\/vccf.org\/wp-content\/uploads\/2026\/04\/4-12x12.png 12w\" sizes=\"auto, (max-width: 1000px) 100vw, 1000px\" \/><\/figure>\n<\/div>\n\n\n\n<div class=\"wp-block-column is-layout-flow wp-block-column-is-layout-flow\">\n<figure class=\"wp-block-image size-full\"><img loading=\"lazy\" decoding=\"async\" width=\"1000\" height=\"1000\" src=\"https:\/\/vccf.org\/wp-content\/uploads\/2026\/04\/2.png\" alt=\"\" class=\"wp-image-24153\" srcset=\"https:\/\/vccf.org\/wp-content\/uploads\/2026\/04\/2.png 1000w, https:\/\/vccf.org\/wp-content\/uploads\/2026\/04\/2-300x300.png 300w, https:\/\/vccf.org\/wp-content\/uploads\/2026\/04\/2-150x150.png 150w, https:\/\/vccf.org\/wp-content\/uploads\/2026\/04\/2-768x768.png 768w, https:\/\/vccf.org\/wp-content\/uploads\/2026\/04\/2-12x12.png 12w\" sizes=\"auto, (max-width: 1000px) 100vw, 1000px\" \/><\/figure>\n<\/div>\n\n\n\n<div class=\"wp-block-column is-layout-flow wp-block-column-is-layout-flow\">\n<figure class=\"wp-block-image size-full\"><img loading=\"lazy\" decoding=\"async\" width=\"1000\" height=\"1000\" src=\"https:\/\/vccf.org\/wp-content\/uploads\/2026\/04\/1.png\" alt=\"\" class=\"wp-image-24152\" srcset=\"https:\/\/vccf.org\/wp-content\/uploads\/2026\/04\/1.png 1000w, https:\/\/vccf.org\/wp-content\/uploads\/2026\/04\/1-300x300.png 300w, https:\/\/vccf.org\/wp-content\/uploads\/2026\/04\/1-150x150.png 150w, https:\/\/vccf.org\/wp-content\/uploads\/2026\/04\/1-768x768.png 768w, https:\/\/vccf.org\/wp-content\/uploads\/2026\/04\/1-12x12.png 12w\" sizes=\"auto, (max-width: 1000px) 100vw, 1000px\" \/><\/figure>\n<\/div>\n\n\n\n<div class=\"wp-block-column is-layout-flow wp-block-column-is-layout-flow\">\n<figure class=\"wp-block-image size-full\"><img loading=\"lazy\" decoding=\"async\" width=\"1000\" height=\"1000\" src=\"https:\/\/vccf.org\/wp-content\/uploads\/2026\/04\/3.png\" alt=\"\" class=\"wp-image-24154\" srcset=\"https:\/\/vccf.org\/wp-content\/uploads\/2026\/04\/3.png 1000w, https:\/\/vccf.org\/wp-content\/uploads\/2026\/04\/3-300x300.png 300w, https:\/\/vccf.org\/wp-content\/uploads\/2026\/04\/3-150x150.png 150w, https:\/\/vccf.org\/wp-content\/uploads\/2026\/04\/3-768x768.png 768w, https:\/\/vccf.org\/wp-content\/uploads\/2026\/04\/3-12x12.png 12w\" sizes=\"auto, (max-width: 1000px) 100vw, 1000px\" \/><\/figure>\n<\/div>\n<\/div>\n\n\n\n<div style=\"height:10px\" aria-hidden=\"true\" class=\"wp-block-spacer\"><\/div>\n\n\n\n<hr class=\"wp-block-separator has-alpha-channel-opacity\"\/>\n\n\n\n<div style=\"height:10px\" aria-hidden=\"true\" class=\"wp-block-spacer\"><\/div>\n\n\n<div class=\"wp-block-image\">\n<figure class=\"aligncenter size-large\"><img loading=\"lazy\" decoding=\"async\" width=\"1024\" height=\"273\" src=\"https:\/\/vccf.org\/wp-content\/uploads\/2025\/07\/NSF-Header-1-1024x273.png\" alt=\"Ventura County Neighbors Support Fund\" class=\"wp-image-23237\" srcset=\"https:\/\/vccf.org\/wp-content\/uploads\/2025\/07\/NSF-Header-1-1024x273.png 1024w, https:\/\/vccf.org\/wp-content\/uploads\/2025\/07\/NSF-Header-1-300x80.png 300w, https:\/\/vccf.org\/wp-content\/uploads\/2025\/07\/NSF-Header-1-768x205.png 768w, https:\/\/vccf.org\/wp-content\/uploads\/2025\/07\/NSF-Header-1-18x5.png 18w, https:\/\/vccf.org\/wp-content\/uploads\/2025\/07\/NSF-Header-1.png 1500w\" sizes=\"auto, (max-width: 1024px) 100vw, 1024px\" \/><\/figure>\n<\/div>\n\n\n<div style=\"height:10px\" aria-hidden=\"true\" class=\"wp-block-spacer\"><\/div>\n\n\n\n<h2 class=\"wp-block-heading has-text-align-center\">Coalition Grantmaking Officially Exceeds $1 MILLION to Date!<\/h2>\n\n\n\n<p>Thanks to YOU, the <strong><a href=\"https:\/\/vccf.org\/de\/neighbors-support-fund\/\" data-type=\"page\" data-id=\"23168\">Ventura County Neighbors Support Coalition<\/a><\/strong> has granted over $1 MILLION to date to local nonprofits and organizations offering support to our community members facing hardship and disruption.<\/p>\n\n\n\n<p>We couldn&#8217;t have reached this milestone without the incredible support of our <strong>32 community partners and 44 frontline grantees who make this work possible<\/strong>, and the generosity of every single one of our donors. Every contribution, big and small, has lent a hand to families and individuals in our community to help them feel safe, seen, and supported.<\/p>\n\n\n\n<div style=\"height:10px\" aria-hidden=\"true\" class=\"wp-block-spacer\"><\/div>\n\n\n\n<div class=\"wp-block-buttons is-content-justification-center is-layout-flex wp-container-core-buttons-is-layout-16018d1d wp-block-buttons-is-layout-flex\">\n<div class=\"wp-block-button has-custom-width wp-block-button__width-25\"><a class=\"wp-block-button__link has-fl-topbar-bg-color has-vivid-cyan-blue-to-vivid-purple-gradient-background has-text-color has-background has-link-color has-medium-font-size has-text-align-center has-custom-font-size wp-element-button\" href=\"https:\/\/vccf.org\/de\/ventura-county-neighbors-support-coalition-grantmaking-total-exceeds-1-million\/\">Mehr lesen<\/a><\/div>\n<\/div>\n\n\n\n<div style=\"height:10px\" aria-hidden=\"true\" class=\"wp-block-spacer\"><\/div>\n\n\n\n<h2 class=\"wp-block-heading has-text-align-center\">Round 6 Grantees Announced!<\/h2>\n\n\n\n<p>The Ventura County Neighbors Support Fund is proud to announce the latest round of grantees to provide direct humanitarian aid to community members, families, and small businesses facing hardship. We are grateful to our frontline nonprofits providing urgent relief for needs such as food, shelter, rent, transportation, and other critical services. This round of grantees brings the total number of local groups receiving support from the fund to <strong>44 nonprofits, education groups, and local organizations<\/strong>.<\/p>\n\n\n\n<p><strong><a href=\"https:\/\/vccf.org\/de\/donate\/donate-to-support-disaster-relief\/\" data-type=\"link\" data-id=\"https:\/\/vccf.org\/donate\/donate-to-support-disaster-relief\/\">Donate today at our website<\/a><\/strong>, and 100% of your contribution will go directly to helping your neighbors through this time.<\/p>\n\n\n\n<div class=\"wp-block-columns is-layout-flex wp-container-core-columns-is-layout-9d6595d7 wp-block-columns-is-layout-flex\">\n<div class=\"wp-block-column is-vertically-aligned-center is-layout-flow wp-block-column-is-layout-flow\" style=\"flex-basis:200px\"><\/div>\n\n\n\n<div class=\"wp-block-column is-vertically-aligned-center has-background is-layout-flow wp-block-column-is-layout-flow\" style=\"background-color:#9cd2f3;flex-basis:600px\">\n<p class=\"has-text-align-center\"><strong><em>805 UndocuFund<br>ATLAS-Ventura Housing<br>Boys &amp; Girls Club of Camarillo<br>Catholic Charities of Los Angeles, Inc. in Ventura County<br>City Impact<br>HELP of Ojai<br>Nate's Place, ein Zentrum f\u00fcr Wellness und Erholung<br>People\u2019s Self-Help Housing<br>Rescue Mission Alliance Ventura County<br>Safe Passage Youth Foundation<br>United Parents<\/em><\/strong><\/p>\n<\/div>\n\n\n\n<div class=\"wp-block-column is-vertically-aligned-center is-layout-flow wp-block-column-is-layout-flow\" style=\"flex-basis:200px\"><\/div>\n<\/div>\n\n\n\n<div class=\"wp-block-buttons is-content-justification-center is-layout-flex wp-container-core-buttons-is-layout-16018d1d wp-block-buttons-is-layout-flex\">\n<div class=\"wp-block-button has-custom-width wp-block-button__width-25\"><a class=\"wp-block-button__link has-fl-topbar-bg-color has-vivid-cyan-blue-to-vivid-purple-gradient-background has-text-color has-background has-link-color has-medium-font-size has-text-align-center has-custom-font-size wp-element-button\" href=\"https:\/\/vccf.org\/de\/neighbors-support-fund\/\">Mehr erfahren<\/a><\/div>\n\n\n\n<div class=\"wp-block-button has-custom-width wp-block-button__width-25\"><a class=\"wp-block-button__link has-fl-topbar-bg-color has-luminous-vivid-amber-to-luminous-vivid-orange-gradient-background has-text-color has-background has-link-color has-medium-font-size has-text-align-center has-custom-font-size wp-element-button\" href=\"https:\/\/vccf.org\/de\/ventura-county-neighbors-support-coalition-grantmaking-total-exceeds-1-million\/\">Spenden Sie<\/a><\/div>\n<\/div>\n\n\n\n<div style=\"height:10px\" aria-hidden=\"true\" class=\"wp-block-spacer\"><\/div>\n\n\n\n<hr class=\"wp-block-separator has-alpha-channel-opacity\"\/>\n\n\n\n<div style=\"height:10px\" aria-hidden=\"true\" class=\"wp-block-spacer\"><\/div>\n\n\n<div class=\"wp-block-image\">\n<figure class=\"aligncenter size-full is-resized\"><img loading=\"lazy\" decoding=\"async\" width=\"600\" height=\"200\" src=\"https:\/\/vccf.org\/wp-content\/uploads\/2026\/03\/VCCF-Grant-Opportunity-PoP-Banner.png\" alt=\"\" class=\"wp-image-24027\" style=\"width:706px;height:auto\" srcset=\"https:\/\/vccf.org\/wp-content\/uploads\/2026\/03\/VCCF-Grant-Opportunity-PoP-Banner.png 600w, https:\/\/vccf.org\/wp-content\/uploads\/2026\/03\/VCCF-Grant-Opportunity-PoP-Banner-300x100.png 300w, https:\/\/vccf.org\/wp-content\/uploads\/2026\/03\/VCCF-Grant-Opportunity-PoP-Banner-18x6.png 18w\" sizes=\"auto, (max-width: 600px) 100vw, 600px\" \/><\/figure>\n<\/div>\n\n\n<h2 class=\"wp-block-heading has-text-align-center\">ArtLife Foundation Fund<\/h2>\n\n\n\n<h3 class=\"wp-block-heading has-text-align-center\"><strong>Open Now<\/strong>!<\/h3>\n\n\n\n<p>The ArtLife Foundation Fund supports programs and initiatives that <strong>advance artistic excellence and nurture creativity<\/strong> within Ventura County. Through this competitive grant opportunity, the fund will support arts organizations and educational institutions whose work:<\/p>\n\n\n\n<ul class=\"wp-block-list\">\n<li>Advances artistic excellence<\/li>\n\n\n\n<li>Supports arts educators or programs that foster the \u201cCreative Mind\u201d<\/li>\n\n\n\n<li>Promotes the scholarly study of Joe Cardella\u2019s life, artwork, creative philosophy, or ART\/LIFE Limited Editions<\/li>\n<\/ul>\n\n\n\n<p>This grant round focuses on organizational programs, projects, and initiatives. Student scholarship awards supported through the fund are administered separately and are not part of this application. Applications close Friday, May 15 at 5 p.m.<\/p>\n\n\n\n<div style=\"height:10px\" aria-hidden=\"true\" class=\"wp-block-spacer\"><\/div>\n\n\n\n<h2 class=\"wp-block-heading has-text-align-center\">Bert M. und Mildred O. Dahl Fonds<\/h2>\n\n\n\n<h3 class=\"wp-block-heading has-text-align-center\">Opens Next Week!<\/h3>\n\n\n\n<p>Zusch\u00fcsse aus dem Bert M. und Mildred O. Dahl Fund sind in Ventura County f\u00fcr allgemeine wohlt\u00e4tige Zwecke zugunsten der Jugend von Oak View, Kalifornien, zu verwenden. Gemeinn\u00fctzige Organisationen m\u00fcssen Programme f\u00fcr die Jugend von Oak View einrichten oder unterst\u00fctzen. Dies kann den Bau und die Instandhaltung von Einrichtungen f\u00fcr solche Programme umfassen.<\/p>\n\n\n\n<div style=\"height:10px\" aria-hidden=\"true\" class=\"wp-block-spacer\"><\/div>\n\n\n\n<div class=\"wp-block-buttons is-content-justification-center is-layout-flex wp-container-core-buttons-is-layout-16018d1d wp-block-buttons-is-layout-flex\">\n<div class=\"wp-block-button has-custom-width wp-block-button__width-25\"><a class=\"wp-block-button__link has-fl-topbar-bg-color has-vivid-cyan-blue-to-vivid-purple-gradient-background has-text-color has-background has-link-color has-medium-font-size has-text-align-center has-custom-font-size wp-element-button\" href=\"https:\/\/vccf.org\/de\/grants\/past-current-and-upcoming-grants\/\">Apply Now!<\/a><\/div>\n<\/div>\n\n\n\n<div style=\"height:10px\" aria-hidden=\"true\" class=\"wp-block-spacer\"><\/div>\n\n\n\n<hr class=\"wp-block-separator has-alpha-channel-opacity\"\/>\n\n\n\n<div style=\"height:10px\" aria-hidden=\"true\" class=\"wp-block-spacer\"><\/div>\n\n\n\n<h2 class=\"wp-block-heading has-text-align-center\"><strong>VCCF Grantees Spotlight<\/strong><\/h2>\n\n\n\n<div style=\"height:10px\" aria-hidden=\"true\" class=\"wp-block-spacer\"><\/div>\n\n\n\n<figure class=\"wp-block-embed aligncenter is-type-video is-provider-vimeo wp-block-embed-vimeo wp-embed-aspect-16-9 wp-has-aspect-ratio\"><div class=\"wp-block-embed__wrapper\">\n<iframe loading=\"lazy\" title=\"VCCF Grantees Spotlight March 2026\" src=\"https:\/\/player.vimeo.com\/video\/1173366533?dnt=1&amp;app_id=122963\" width=\"500\" height=\"281\" frameborder=\"0\" allow=\"autoplay; fullscreen; picture-in-picture; clipboard-write; encrypted-media; web-share\" referrerpolicy=\"strict-origin-when-cross-origin\"><\/iframe>\n<\/div><\/figure>\n\n\n\n<div style=\"height:10px\" aria-hidden=\"true\" class=\"wp-block-spacer\"><\/div>\n\n\n\n<p>Last year, thanks to your generosity, VCCF granted out&nbsp;<strong>over $15 million&nbsp;<\/strong>to partners doing critical work across various sectors, including the incredible organizations featured in this Grantees Spotlight video. Because of you, meaningful change is happening right here in our community, touching the lives of our neighbors every day.<\/p>\n\n\n\n<p>In this video, we speak with <strong>Mary Olson of KCLU<\/strong>, <strong>Dan Parziale of Mesa Farm<\/strong>, <strong>Nicki Parr from Women&#8217;s Economic Ventures<\/strong>, <strong>Lisa Safaenili of Westminster Free Clinic<\/strong>und <strong>Guillermo Rodriguez of Trust for Public Land<\/strong> to discuss their biggest accomplishments and challenges of 2025, as well as their vision for 2026 and beyond.<\/p>\n\n\n\n<div style=\"height:10px\" aria-hidden=\"true\" class=\"wp-block-spacer\"><\/div>\n\n\n\n<div class=\"wp-block-buttons is-content-justification-center is-layout-flex wp-container-core-buttons-is-layout-16018d1d wp-block-buttons-is-layout-flex\">\n<div class=\"wp-block-button has-custom-width wp-block-button__width-25\"><a class=\"wp-block-button__link has-fl-topbar-bg-color has-vivid-cyan-blue-to-vivid-purple-gradient-background has-text-color has-background has-link-color has-medium-font-size has-text-align-center has-custom-font-size wp-element-button\" href=\"https:\/\/vimeo.com\/1173366533?fl=tl&amp;fe=ec\" target=\"_blank\" rel=\"noopener\">Das Video ansehen<\/a><\/div>\n<\/div>\n\n\n\n<div style=\"height:10px\" aria-hidden=\"true\" class=\"wp-block-spacer\"><\/div>\n\n\n\n<hr class=\"wp-block-separator has-alpha-channel-opacity\"\/>\n\n\n\n<div style=\"height:10px\" aria-hidden=\"true\" class=\"wp-block-spacer\"><\/div>\n\n\n\n<h2 class=\"wp-block-heading has-text-align-center\">Meet Brando Pozzi, Treasurer of the VCCF Board of Directors in New Video Interview!<\/h2>\n\n\n\n<div style=\"height:10px\" aria-hidden=\"true\" class=\"wp-block-spacer\"><\/div>\n\n\n\n<figure class=\"wp-block-embed aligncenter is-type-video is-provider-vimeo wp-block-embed-vimeo wp-embed-aspect-16-9 wp-has-aspect-ratio\"><div class=\"wp-block-embed__wrapper\">\n<iframe loading=\"lazy\" title=\"An Interview with VCCF Board Treasurer Brando Pozzi\" src=\"https:\/\/player.vimeo.com\/video\/1180967459?dnt=1&amp;app_id=122963\" width=\"500\" height=\"281\" frameborder=\"0\" allow=\"autoplay; fullscreen; picture-in-picture; clipboard-write; encrypted-media; web-share\" referrerpolicy=\"strict-origin-when-cross-origin\"><\/iframe>\n<\/div><\/figure>\n\n\n\n<div style=\"height:10px\" aria-hidden=\"true\" class=\"wp-block-spacer\"><\/div>\n\n\n\n<p>Meet <strong>Brando Pozzi, treasurer of the VCCF Board of Directors<\/strong>, and learn what VCCF means to him, as well as his family&#8217;s enduring legacy and contributions in the region. In this candid conversation, Brando speaks about his connection with Ventura County, and the enthusiasm he holds for the initiatives that VCCF and our partner organizations are jointly advancing.<\/p>\n\n\n\n<div style=\"height:10px\" aria-hidden=\"true\" class=\"wp-block-spacer\"><\/div>\n\n\n\n<div class=\"wp-block-buttons is-content-justification-center is-layout-flex wp-container-core-buttons-is-layout-16018d1d wp-block-buttons-is-layout-flex\">\n<div class=\"wp-block-button has-custom-width wp-block-button__width-25\"><a class=\"wp-block-button__link has-fl-topbar-bg-color has-vivid-cyan-blue-to-vivid-purple-gradient-background has-text-color has-background has-link-color has-medium-font-size has-text-align-center has-custom-font-size wp-element-button\" href=\"https:\/\/vimeo.com\/1180967459?fl=tl&amp;fe=ec\" target=\"_blank\" rel=\"noopener\">Jetzt beobachten<\/a><\/div>\n<\/div>\n\n\n\n<div style=\"height:10px\" aria-hidden=\"true\" class=\"wp-block-spacer\"><\/div>\n\n\n\n<hr class=\"wp-block-separator has-alpha-channel-opacity\"\/>\n\n\n\n<div style=\"height:10px\" aria-hidden=\"true\" class=\"wp-block-spacer\"><\/div>\n\n\n\n<h2 class=\"wp-block-heading has-text-align-center\"><strong><strong><strong>Thank You to Our Scholarship Readers!<\/strong><\/strong><\/strong><\/h2>\n\n\n<div class=\"wp-block-image\">\n<figure class=\"alignleft size-full\"><img loading=\"lazy\" decoding=\"async\" width=\"290\" height=\"243\" src=\"https:\/\/vccf.org\/wp-content\/uploads\/2026\/04\/reader.png\" alt=\"\" class=\"wp-image-24159\" srcset=\"https:\/\/vccf.org\/wp-content\/uploads\/2026\/04\/reader.png 290w, https:\/\/vccf.org\/wp-content\/uploads\/2026\/04\/reader-14x12.png 14w\" sizes=\"auto, (max-width: 290px) 100vw, 290px\" \/><\/figure>\n<\/div>\n\n\n<div class=\"wp-block-group is-nowrap is-layout-flex wp-container-core-group-is-layout-ad2f72ca wp-block-group-is-layout-flex\">\n<p>We would like to give a massive thank you to our VCCF Scholarship Selection Committee, as they finish reading <strong>over 1,300 unique applications<\/strong> for our 2026 Scholarship Season! This year, we are celebrating over <strong>220 volunteer readers and scorers<\/strong> (making up our biggest group yet!) for all their hard work to help lift up the dreams of our community\u2019s students. Learn more about becoming a volunteer reader below! And keep an eye out later this month for student award announcements!<\/p>\n<\/div>\n\n\n\n<div style=\"height:10px\" aria-hidden=\"true\" class=\"wp-block-spacer\"><\/div>\n\n\n\n<div class=\"wp-block-buttons is-content-justification-center is-layout-flex wp-container-core-buttons-is-layout-16018d1d wp-block-buttons-is-layout-flex\">\n<div class=\"wp-block-button has-custom-width wp-block-button__width-25\"><a class=\"wp-block-button__link has-fl-topbar-bg-color has-vivid-cyan-blue-to-vivid-purple-gradient-background has-text-color has-background has-link-color has-medium-font-size has-text-align-center has-custom-font-size wp-element-button\" href=\"https:\/\/vccf.org\/de\/scholarships\/readers\/\">Mehr erfahren<\/a><\/div>\n<\/div>\n\n\n\n<div style=\"height:10px\" aria-hidden=\"true\" class=\"wp-block-spacer\"><\/div>\n\n\n\n<hr class=\"wp-block-separator has-alpha-channel-opacity\"\/>\n\n\n\n<div style=\"height:10px\" aria-hidden=\"true\" class=\"wp-block-spacer\"><\/div>\n\n\n\n<h2 class=\"wp-block-heading has-text-align-center\">Get to Know Your Local Nonprofits: Ventura Land Trust<\/h2>\n\n\n\n<div style=\"height:10px\" aria-hidden=\"true\" class=\"wp-block-spacer\"><\/div>\n\n\n\n<figure class=\"wp-block-embed aligncenter is-type-video is-provider-vimeo wp-block-embed-vimeo wp-embed-aspect-16-9 wp-has-aspect-ratio\"><div class=\"wp-block-embed__wrapper\">\n<iframe loading=\"lazy\" title=\"Ventura Land Trust- Get to Know Our Local Nonprofits\" src=\"https:\/\/player.vimeo.com\/video\/1160261398?dnt=1&amp;app_id=122963\" width=\"500\" height=\"281\" frameborder=\"0\" allow=\"autoplay; fullscreen; picture-in-picture; clipboard-write; encrypted-media; web-share\" referrerpolicy=\"strict-origin-when-cross-origin\"><\/iframe>\n<\/div><\/figure>\n\n\n\n<div style=\"height:10px\" aria-hidden=\"true\" class=\"wp-block-spacer\"><\/div>\n\n\n\n<p>In the next episode of our new video series, hear from<strong>\u00a0Melissa Baffa, Executive Director of Ventura Land Trust,<\/strong> as she details the vital work taking place and how these efforts to protect 4,000 acres of land in Ventura County impacts everything and everyone around us.<\/p>\n\n\n\n<div style=\"height:10px\" aria-hidden=\"true\" class=\"wp-block-spacer\"><\/div>\n\n\n\n<div class=\"wp-block-buttons is-content-justification-center is-layout-flex wp-container-core-buttons-is-layout-16018d1d wp-block-buttons-is-layout-flex\">\n<div class=\"wp-block-button has-custom-width wp-block-button__width-25\"><a class=\"wp-block-button__link has-fl-topbar-bg-color has-vivid-cyan-blue-to-vivid-purple-gradient-background has-text-color has-background has-link-color has-medium-font-size has-text-align-center has-custom-font-size wp-element-button\" href=\"https:\/\/vimeo.com\/1160261398?share=copy&amp;fl=sv&amp;fe=ci\" target=\"_blank\" rel=\"noopener\">Jetzt beobachten<\/a><\/div>\n<\/div>\n\n\n\n<div style=\"height:10px\" aria-hidden=\"true\" class=\"wp-block-spacer\"><\/div>\n\n\n\n<hr class=\"wp-block-separator has-alpha-channel-opacity\"\/>\n\n\n\n<div style=\"height:10px\" aria-hidden=\"true\" class=\"wp-block-spacer\"><\/div>\n\n\n<div class=\"wp-block-image\">\n<figure class=\"aligncenter size-large\"><img loading=\"lazy\" decoding=\"async\" width=\"1024\" height=\"341\" src=\"https:\/\/vccf.org\/wp-content\/uploads\/2025\/03\/power-of-community-1024x341.png\" alt=\"\" class=\"wp-image-22756\" srcset=\"https:\/\/vccf.org\/wp-content\/uploads\/2025\/03\/power-of-community-1024x341.png 1024w, https:\/\/vccf.org\/wp-content\/uploads\/2025\/03\/power-of-community-300x100.png 300w, https:\/\/vccf.org\/wp-content\/uploads\/2025\/03\/power-of-community-768x256.png 768w, https:\/\/vccf.org\/wp-content\/uploads\/2025\/03\/power-of-community-1536x512.png 1536w, https:\/\/vccf.org\/wp-content\/uploads\/2025\/03\/power-of-community-2048x683.png 2048w, https:\/\/vccf.org\/wp-content\/uploads\/2025\/03\/power-of-community-18x6.png 18w\" sizes=\"auto, (max-width: 1024px) 100vw, 1024px\" \/><\/figure>\n<\/div>\n\n<div class=\"wp-block-image\">\n<figure class=\"aligncenter size-full\"><img loading=\"lazy\" decoding=\"async\" width=\"500\" height=\"167\" src=\"https:\/\/vccf.org\/wp-content\/uploads\/2026\/04\/reframe.png\" alt=\"ReFrame Ventura County\" class=\"wp-image-24160\" srcset=\"https:\/\/vccf.org\/wp-content\/uploads\/2026\/04\/reframe.png 500w, https:\/\/vccf.org\/wp-content\/uploads\/2026\/04\/reframe-300x100.png 300w, https:\/\/vccf.org\/wp-content\/uploads\/2026\/04\/reframe-18x6.png 18w\" sizes=\"auto, (max-width: 500px) 100vw, 500px\" \/><\/figure>\n<\/div>\n\n\n<p>Die <strong>ReFrame Ventura County 2026 Arts Summit<\/strong> beautifully brought its theme \u2014&nbsp;<strong>How Arts &amp; Culture Can Protect Us, Connect Us, and Help Us Heal <\/strong>\u2014 to life. Attendees spent the day building meaningful connections, engaging with inspiring panelists, and even creating art together. A dynamic discussion on the VibeWell Ventura County Arts &amp; Wellness Grant funded through Ventura County Behavioral Health\u2019s Prevention and Early Intervention (PEI) funds and stewarded by VCCF highlighted real, tangible ways art is supporting the health and healing of our communities. The State&#8217;s global leadership in arts, culture, media, and innovation, which contribute $288 billion (7.5%) of California&#8217;s annual economic impact, was also emphasized and celebrated. From music and dance to sculpture, painting, and beyond, the essential role of arts and culture in fostering healthier, more connected communities is unmistakably clear.<\/p>\n\n\n\n<figure class=\"wp-block-gallery aligncenter has-nested-images columns-default is-cropped wp-block-gallery-1 is-layout-flex wp-block-gallery-is-layout-flex\">\n<figure class=\"wp-block-image size-large\"><img loading=\"lazy\" decoding=\"async\" width=\"1024\" height=\"768\" data-id=\"24162\" src=\"https:\/\/vccf.org\/wp-content\/uploads\/2026\/04\/674689163_1402530058569142_2800213872598592037_n-1024x768.jpg\" alt=\"\" class=\"wp-image-24162\" srcset=\"https:\/\/vccf.org\/wp-content\/uploads\/2026\/04\/674689163_1402530058569142_2800213872598592037_n-1024x768.jpg 1024w, https:\/\/vccf.org\/wp-content\/uploads\/2026\/04\/674689163_1402530058569142_2800213872598592037_n-300x225.jpg 300w, https:\/\/vccf.org\/wp-content\/uploads\/2026\/04\/674689163_1402530058569142_2800213872598592037_n-768x576.jpg 768w, https:\/\/vccf.org\/wp-content\/uploads\/2026\/04\/674689163_1402530058569142_2800213872598592037_n-1536x1152.jpg 1536w, https:\/\/vccf.org\/wp-content\/uploads\/2026\/04\/674689163_1402530058569142_2800213872598592037_n-16x12.jpg 16w, https:\/\/vccf.org\/wp-content\/uploads\/2026\/04\/674689163_1402530058569142_2800213872598592037_n.jpg 2048w\" sizes=\"auto, (max-width: 1024px) 100vw, 1024px\" \/><\/figure>\n\n\n\n<figure class=\"wp-block-image size-large\"><img loading=\"lazy\" decoding=\"async\" width=\"1024\" height=\"768\" data-id=\"24164\" src=\"https:\/\/vccf.org\/wp-content\/uploads\/2026\/04\/672678943_1402530018569146_3024834142337835583_n-1024x768.jpg\" alt=\"\" class=\"wp-image-24164\" srcset=\"https:\/\/vccf.org\/wp-content\/uploads\/2026\/04\/672678943_1402530018569146_3024834142337835583_n-1024x768.jpg 1024w, https:\/\/vccf.org\/wp-content\/uploads\/2026\/04\/672678943_1402530018569146_3024834142337835583_n-300x225.jpg 300w, https:\/\/vccf.org\/wp-content\/uploads\/2026\/04\/672678943_1402530018569146_3024834142337835583_n-768x576.jpg 768w, https:\/\/vccf.org\/wp-content\/uploads\/2026\/04\/672678943_1402530018569146_3024834142337835583_n-1536x1152.jpg 1536w, https:\/\/vccf.org\/wp-content\/uploads\/2026\/04\/672678943_1402530018569146_3024834142337835583_n-16x12.jpg 16w, https:\/\/vccf.org\/wp-content\/uploads\/2026\/04\/672678943_1402530018569146_3024834142337835583_n.jpg 2000w\" sizes=\"auto, (max-width: 1024px) 100vw, 1024px\" \/><\/figure>\n<\/figure>\n\n\n\n<figure class=\"wp-block-gallery aligncenter has-nested-images columns-default is-cropped wp-block-gallery-2 is-layout-flex wp-block-gallery-is-layout-flex\">\n<figure class=\"wp-block-image size-large\"><img loading=\"lazy\" decoding=\"async\" width=\"1024\" height=\"768\" data-id=\"24161\" src=\"https:\/\/vccf.org\/wp-content\/uploads\/2026\/04\/673834713_1402530005235814_3858412247552542628_n-1024x768.jpg\" alt=\"\" class=\"wp-image-24161\" srcset=\"https:\/\/vccf.org\/wp-content\/uploads\/2026\/04\/673834713_1402530005235814_3858412247552542628_n-1024x768.jpg 1024w, https:\/\/vccf.org\/wp-content\/uploads\/2026\/04\/673834713_1402530005235814_3858412247552542628_n-300x225.jpg 300w, https:\/\/vccf.org\/wp-content\/uploads\/2026\/04\/673834713_1402530005235814_3858412247552542628_n-768x576.jpg 768w, https:\/\/vccf.org\/wp-content\/uploads\/2026\/04\/673834713_1402530005235814_3858412247552542628_n-1536x1152.jpg 1536w, https:\/\/vccf.org\/wp-content\/uploads\/2026\/04\/673834713_1402530005235814_3858412247552542628_n-16x12.jpg 16w, https:\/\/vccf.org\/wp-content\/uploads\/2026\/04\/673834713_1402530005235814_3858412247552542628_n.jpg 2000w\" sizes=\"auto, (max-width: 1024px) 100vw, 1024px\" \/><\/figure>\n\n\n\n<figure class=\"wp-block-image size-large\"><img loading=\"lazy\" decoding=\"async\" width=\"1024\" height=\"768\" data-id=\"24163\" src=\"https:\/\/vccf.org\/wp-content\/uploads\/2026\/04\/674125097_1402530041902477_7730435042445163314_n-1024x768.jpg\" alt=\"\" class=\"wp-image-24163\" srcset=\"https:\/\/vccf.org\/wp-content\/uploads\/2026\/04\/674125097_1402530041902477_7730435042445163314_n-1024x768.jpg 1024w, https:\/\/vccf.org\/wp-content\/uploads\/2026\/04\/674125097_1402530041902477_7730435042445163314_n-300x225.jpg 300w, https:\/\/vccf.org\/wp-content\/uploads\/2026\/04\/674125097_1402530041902477_7730435042445163314_n-768x576.jpg 768w, https:\/\/vccf.org\/wp-content\/uploads\/2026\/04\/674125097_1402530041902477_7730435042445163314_n-1536x1152.jpg 1536w, https:\/\/vccf.org\/wp-content\/uploads\/2026\/04\/674125097_1402530041902477_7730435042445163314_n-16x12.jpg 16w, https:\/\/vccf.org\/wp-content\/uploads\/2026\/04\/674125097_1402530041902477_7730435042445163314_n.jpg 2000w\" sizes=\"auto, (max-width: 1024px) 100vw, 1024px\" \/><\/figure>\n<\/figure>\n\n\n\n<div style=\"height:10px\" aria-hidden=\"true\" class=\"wp-block-spacer\"><\/div>\n\n\n\n<div class=\"wp-block-buttons is-content-justification-center is-layout-flex wp-container-core-buttons-is-layout-16018d1d wp-block-buttons-is-layout-flex\">\n<div class=\"wp-block-button has-custom-width wp-block-button__width-25\"><a class=\"wp-block-button__link has-fl-topbar-bg-color has-vivid-cyan-blue-to-vivid-purple-gradient-background has-text-color has-background has-link-color has-medium-font-size has-text-align-center has-custom-font-size wp-element-button\" href=\"https:\/\/reframevc.org\/\" target=\"_blank\" rel=\"noopener\">Mehr erfahren<\/a><\/div>\n<\/div>\n\n\n\n<div style=\"height:10px\" aria-hidden=\"true\" class=\"wp-block-spacer\"><\/div>\n\n\n\n<hr class=\"wp-block-separator has-alpha-channel-opacity\"\/>\n\n\n\n<div style=\"height:10px\" aria-hidden=\"true\" class=\"wp-block-spacer\"><\/div>\n\n\n\n<div class=\"wp-block-buttons is-content-justification-center is-layout-flex wp-container-core-buttons-is-layout-16018d1d wp-block-buttons-is-layout-flex\">\n<div class=\"wp-block-button has-custom-width wp-block-button__width-25\"><a class=\"wp-block-button__link has-fl-topbar-bg-color has-vivid-cyan-blue-to-vivid-purple-gradient-background has-text-color has-background has-link-color has-medium-font-size has-text-align-center has-custom-font-size wp-element-button\" href=\"https:\/\/vccf.org\/de\/media-news\/email-newsletter-sign-up\/\"><em>Subscribe to the Power of Purpose<\/em><\/a><\/div>\n<\/div>\n\n\n\n<p><\/p>","protected":false},"excerpt":{"rendered":"<p>Dear Ventura County Community Foundation Family, Some months leave a mark on you. This was one of them, and my heart is full. In Santa Paula, eight home-based childcare providers&hellip;<\/p>","protected":false},"author":8,"featured_media":0,"comment_status":"closed","ping_status":"closed","sticky":false,"template":"","format":"standard","meta":{"_acf_changed":false,"give_campaign_id":0,"footnotes":""},"categories":[22,1],"tags":[],"class_list":["post-24150","post","type-post","status-publish","format-standard","hentry","category-latest-coverage","category-uncategorized"],"acf":[],"_links":{"self":[{"href":"https:\/\/vccf.org\/de\/wp-json\/wp\/v2\/posts\/24150","targetHints":{"allow":["GET"]}}],"collection":[{"href":"https:\/\/vccf.org\/de\/wp-json\/wp\/v2\/posts"}],"about":[{"href":"https:\/\/vccf.org\/de\/wp-json\/wp\/v2\/types\/post"}],"author":[{"embeddable":true,"href":"https:\/\/vccf.org\/de\/wp-json\/wp\/v2\/users\/8"}],"replies":[{"embeddable":true,"href":"https:\/\/vccf.org\/de\/wp-json\/wp\/v2\/comments?post=24150"}],"version-history":[{"count":0,"href":"https:\/\/vccf.org\/de\/wp-json\/wp\/v2\/posts\/24150\/revisions"}],"wp:attachment":[{"href":"https:\/\/vccf.org\/de\/wp-json\/wp\/v2\/media?parent=24150"}],"wp:term":[{"taxonomy":"category","embeddable":true,"href":"https:\/\/vccf.org\/de\/wp-json\/wp\/v2\/categories?post=24150"},{"taxonomy":"post_tag","embeddable":true,"href":"https:\/\/vccf.org\/de\/wp-json\/wp\/v2\/tags?post=24150"}],"curies":[{"name":"wp","href":"https:\/\/api.w.org\/{rel}","templated":true}]}}