{"id":8330,"date":"2018-11-09T04:52:19","date_gmt":"2018-11-09T12:52:19","guid":{"rendered":"https:\/\/vccf.org\/?p=8330"},"modified":"2025-02-26T04:40:05","modified_gmt":"2025-02-26T12:40:05","slug":"thousand-oaks-shooting-hundreds-gather-at-vigils-to-mourn-victims","status":"publish","type":"post","link":"https:\/\/vccf.org\/de\/thousand-oaks-shooting-hundreds-gather-at-vigils-to-mourn-victims\/","title":{"rendered":"Schie\u00dferei in Thousand Oaks: Hunderte versammeln sich zu Mahnwachen, um um die Opfer zu trauern"},"content":{"rendered":"<p><!--more--><\/p>\n<p><em>Lesen Sie die ganze Geschichte unten oder in den WSB News <a href=\"https:\/\/www.wsbradio.com\/news\/thousand-oaks-shooting-hundreds-gather-vigil-mourn-victims\/vvqWN8Z1CKL8lD9qQLR8KJ\/\" target=\"_blank\" rel=\"noopener\">Website<\/a>.\u00a0<\/em><\/p>\n<p class=\"p\"><span class=\"dateLine\">THOUSAND OAKS, Kalifornien -\u00a0<\/span>\u00a0Hunderte von Trauernden versammelten sich am Donnerstagabend vor einem kalifornischen Theater und an anderen Orten, um der 12 Menschen zu gedenken, die bei einer Massenschie\u00dferei in einer Bar in Thousand Oaks get\u00f6tet wurden,\u00a0<a href=\"https:\/\/ktla.com\/2018\/11\/08\/thousand-oaks-to-hold-vigil-at-6-p-m-thursday-for-12-killed-in-borderline-shooting\/\" shape=\"rect\" target=\"_blank\" rel=\"noopener\">KTLA<\/a>\u00a0berichtet.<\/p>\n<p>Menschen versammelten sich vor dem Fred Kavil Theatre for the Performing Arts in Thousand Oaks und nahmen an einer Mahnwache bei Kerzenlicht teil, um der Opfer zu gedenken, die in der Borderline Bar &amp; Grill get\u00f6tet wurden, berichtete der Fernsehsender.<\/p>\n<p>Einige sangen, andere hielten sich einfach an den H\u00e4nden,\u00a0<a href=\"https:\/\/ktla.com\/2018\/11\/08\/thousand-oaks-to-hold-vigil-at-6-p-m-thursday-for-12-killed-in-borderline-shooting\/\" shape=\"rect\" target=\"_blank\" rel=\"noopener\">KTLA<\/a>\u00a0berichtet.<\/p>\n<p>\"Heute Abend sind wir eine Stadt, die leidet\", sagte der B\u00fcrgermeister von Thousand Oaks, Andy Fox, vor der Menge. \"Aber wir sind eine Gemeinschaft der Liebe, des Mitgef\u00fchls und der Einigkeit. Wir sind auch eine Gemeinschaft der Hoffnung.\"<\/p>\n<p>Die Menge stand und applaudierte, als der Sheriff von Ventura County, Geoff Dean, die B\u00fchne betrat,\u00a0<a href=\"https:\/\/ktla.com\/2018\/11\/08\/thousand-oaks-to-hold-vigil-at-6-p-m-thursday-for-12-killed-in-borderline-shooting\/\" shape=\"rect\" target=\"_blank\" rel=\"noopener\">KTLA<\/a>\u00a0berichtet.<\/p>\n<p>\"Es gibt nichts, was ich hier sagen kann, um die L\u00fccke in unseren Herzen zu f\u00fcllen\", sagte Dean der Menge.<\/p>\n<p>Trotz Evakuierungen in Ventura County von\u00a0<a href=\"https:\/\/www.ajc.com\/news\/large-fires-rapidly-whip-through-southern-california\/tGmOXzH0U7oClPo0OKts4N\/\" shape=\"rect\" target=\"_blank\" rel=\"noopener\">zwei sich schnell ausbreitende Br\u00e4nde<\/a>Die Einwohner versammelten sich zu drei Gedenkveranstaltungen, darunter ein Rosenkranz an der California Lutheran University, eine Gedenkfeier am Moorpark College und eine Mahnwache vor dem Theater, das\u00a0<a href=\"http:\/\/www.latimes.com\/local\/lanow\/la-me-ln-thousand-oaks-shooting-vigils-20181108-story.html\" shape=\"rect\" target=\"_blank\" rel=\"noopener\">Los Angeles Times<\/a>\u00a0berichtet.<\/p>\n<p>Die Ventura County Community Foundation, eine \u00f6rtliche gemeinn\u00fctzige Organisation, hat mit den Beh\u00f6rden von Thousand Oaks zusammengearbeitet, um Spenden zu sammeln,\u00a0<a href=\"https:\/\/ktla.com\/2018\/11\/08\/thousand-oaks-to-hold-vigil-at-6-p-m-thursday-for-12-killed-in-borderline-shooting\/\" shape=\"rect\" target=\"_blank\" rel=\"noopener\">KTLA<\/a>\u00a0berichtet. Einzelheiten sind auf der\u00a0<a href=\"https:\/\/vccf.org\/de\/donate\/\" shape=\"rect\">Website der Stiftung<\/a>in dem die Organisation schrieb: \"K\u00fcmmert euch umeinander\".<\/p>","protected":false},"excerpt":{"rendered":"","protected":false},"author":3,"featured_media":8331,"comment_status":"closed","ping_status":"closed","sticky":false,"template":"","format":"standard","meta":{"_acf_changed":false,"give_campaign_id":0,"footnotes":""},"categories":[22],"tags":[],"class_list":["post-8330","post","type-post","status-publish","format-standard","has-post-thumbnail","hentry","category-latest-coverage"],"acf":[],"_links":{"self":[{"href":"https:\/\/vccf.org\/de\/wp-json\/wp\/v2\/posts\/8330","targetHints":{"allow":["GET"]}}],"collection":[{"href":"https:\/\/vccf.org\/de\/wp-json\/wp\/v2\/posts"}],"about":[{"href":"https:\/\/vccf.org\/de\/wp-json\/wp\/v2\/types\/post"}],"author":[{"embeddable":true,"href":"https:\/\/vccf.org\/de\/wp-json\/wp\/v2\/users\/3"}],"replies":[{"embeddable":true,"href":"https:\/\/vccf.org\/de\/wp-json\/wp\/v2\/comments?post=8330"}],"version-history":[{"count":0,"href":"https:\/\/vccf.org\/de\/wp-json\/wp\/v2\/posts\/8330\/revisions"}],"wp:featuredmedia":[{"embeddable":true,"href":"https:\/\/vccf.org\/de\/wp-json\/wp\/v2\/media\/8331"}],"wp:attachment":[{"href":"https:\/\/vccf.org\/de\/wp-json\/wp\/v2\/media?parent=8330"}],"wp:term":[{"taxonomy":"category","embeddable":true,"href":"https:\/\/vccf.org\/de\/wp-json\/wp\/v2\/categories?post=8330"},{"taxonomy":"post_tag","embeddable":true,"href":"https:\/\/vccf.org\/de\/wp-json\/wp\/v2\/tags?post=8330"}],"curies":[{"name":"wp","href":"https:\/\/api.w.org\/{rel}","templated":true}]}}