{"id":9835,"date":"2020-01-22T10:16:04","date_gmt":"2020-01-22T18:16:04","guid":{"rendered":"https:\/\/vccf.org\/?p=9835"},"modified":"2025-02-26T02:51:04","modified_gmt":"2025-02-26T10:51:04","slug":"ventura-county-community-foundation-releases-long-term-caregiving-report","status":"publish","type":"post","link":"https:\/\/vccf.org\/de\/ventura-county-community-foundation-releases-long-term-caregiving-report\/","title":{"rendered":"Ventura County Community Foundation ver\u00f6ffentlicht Bericht zur Langzeitpflege"},"content":{"rendered":"<p><img loading=\"lazy\" decoding=\"async\" class=\"alignleft wp-image-9836 size-medium\" src=\"https:\/\/vccf.org\/wp-content\/uploads\/2020\/01\/ltcreport_cover-232x300.jpg\" alt=\"Long Term Caregiving report cover page\" width=\"232\" height=\"300\" srcset=\"https:\/\/vccf.org\/wp-content\/uploads\/2020\/01\/ltcreport_cover-232x300.jpg 232w, https:\/\/vccf.org\/wp-content\/uploads\/2020\/01\/ltcreport_cover-768x994.jpg 768w, https:\/\/vccf.org\/wp-content\/uploads\/2020\/01\/ltcreport_cover-9x12.jpg 9w, https:\/\/vccf.org\/wp-content\/uploads\/2020\/01\/ltcreport_cover.jpg 791w\" sizes=\"auto, (max-width: 232px) 100vw, 232px\" \/><b>VENTURA, CA -<\/b><span style=\"font-weight: 400;\"> Angesichts des demografischen Wandels hin zu einer \u00e4lteren Bev\u00f6lkerung wird die Nachfrage nach Gesundheitsdiensten in Ventura County in naher Zukunft voraussichtlich steigen. Als Reaktion darauf hat die Ventura County Community Foundation vor kurzem den Bericht \"Long-Term Care\" mit dem Titel <\/span><a href=\"https:\/\/vccf.org\/wp-content\/uploads\/2025\/02\/vccf-ltc-final.pdf\" target=\"_blank\" rel=\"noopener\"><i><span style=\"font-weight: 400;\">Die Zukunft der Pflege f\u00fcr eine alternde Bev\u00f6lkerung: Steigerung der gemeinschaftlichen und wirtschaftlichen Vitalit\u00e4t in Ventura County<\/span><\/i><\/a><span style=\"font-weight: 400;\">in dem die Herausforderungen und m\u00f6glichen L\u00f6sungen f\u00fcr die wachsende Nachfrage nach Pflegediensten in Ventura County dargelegt werden.\u00a0<\/span><\/p>\n<p><span style=\"font-weight: 400;\">Vorbereitet von Dr. Jamshid Damooei, <\/span><span style=\"font-weight: 400;\">Professor und Lehrstuhlinhaber f\u00fcr den Studiengang Wirtschaft, Finanzen und Rechnungswesen sowie Co-Direktor des Zentrums f\u00fcr F\u00fchrung und Werte an der California Lutheran University, bietet dieser Bericht umfassende Informationen aus nationalen und regionalen Umfragen \u00fcber die Bed\u00fcrfnisse von Pflegekr\u00e4ften <\/span>und wie sie wirksam unterst\u00fctzt werden k\u00f6nnen.<\/p>\n<p><span style=\"font-weight: 400;\">In den kommenden Jahren wird in Ventura County die Zahl der Kinder im Alter von 0-15 Jahren zur\u00fcckgehen (-12,7%), w\u00e4hrend die Erwerbsbev\u00f6lkerung von 2020 bis 2060 nur um 1,7% zunehmen wird. Auf der anderen Seite wird die Bev\u00f6lkerung im Alter von 65 Jahren und \u00e4lter im gleichen Zeitraum um 85,3% zunehmen. Die Bev\u00f6lkerung im Alter von 85 Jahren und \u00e4lter wird mit 294,2% die h\u00f6chste Wachstumsrate aufweisen. Sch\u00e4tzungen zufolge wird bis 2050 jeder zweite Erwachsene im Alter zwischen 45 und 64 Jahren in Ventura County eine Pflegeperson sein - ein dramatischer Anstieg gegen\u00fcber heute. Eines der Hauptziele dieser Studie ist es, sicherzustellen, dass unsere Gemeinde auf einen solch enormen Anstieg der Zahl der Menschen mit verschiedenen Pflegebed\u00fcrfnissen vorbereitet ist.<\/span><\/p>\n<p><span style=\"font-weight: 400;\">\"Unser Landkreis und seine Gemeinden m\u00fcssen sich auf die Herausforderung der Pflege vorbereiten, indem sie neue Wege der Zusammenarbeit finden und diejenigen unterst\u00fctzen, die Pflege leisten\", sagte Phylene Wiggins, Vizepr\u00e4sidentin f\u00fcr kommunale Investitionen und Partnerschaften bei VCCF.<\/span><\/p>\n<p><span style=\"font-weight: 400;\">Neben dem Zeit- und Geldaufwand hat die Pflege viele weitere Aspekte, die sich auf das Leben der Pflegenden auswirken. Die Pflege wirkt sich auf Emotionen, Besch\u00e4ftigung, Gesundheit, Seelenfrieden sowie Gl\u00fcck und Zufriedenheit im Leben aus. In den entsprechenden Abschnitten des Langzeitpflegeberichts werden solche Vorf\u00e4lle detailliert beschrieben und m\u00f6gliche L\u00f6sungen aufgezeigt, darunter:\u00a0<\/span><\/p>\n<ul>\n<li style=\"font-weight: 400;\"><span style=\"font-weight: 400;\">Die Herausforderung einer nachhaltigen Langzeitpflege<\/span><\/li>\n<li style=\"font-weight: 400;\"><span style=\"font-weight: 400;\">\u00a0Vorherrschende Bedingungen und demografische Merkmale von Pflegern und Pflegebed\u00fcrftigen<\/span><\/li>\n<li style=\"font-weight: 400;\"><span style=\"font-weight: 400;\">Wirtschaftliche und soziale Kosten der Pflege und Betreuung<\/span><\/li>\n<li style=\"font-weight: 400;\"><span style=\"font-weight: 400;\">Langzeitpflege in Ventura County und der angrenzenden Region<\/span><\/li>\n<li style=\"font-weight: 400;\"><span style=\"font-weight: 400;\">Wichtigste Erkenntnisse und n\u00e4chste Schritte\u00a0<\/span><\/li>\n<\/ul>\n<p><span style=\"font-weight: 400;\">Ventura County ist eine Gemeinschaft mit einer betr\u00e4chtlichen sozialen und wirtschaftlichen Vielfalt, die sich auf die F\u00e4higkeit des Bezirks auswirkt, das Leben seiner Bev\u00f6lkerung in den verschiedenen Phasen von der Kindheit \u00fcber das Erwachsenenalter bis hin zum Alter zu unterst\u00fctzen. Dieser Bericht versucht, die gr\u00f6\u00dfere Gemeinschaft sowie die Betreuer auf die Entwicklung eines zuverl\u00e4ssigen Systems vorzubereiten, das langfristige Kosteneinsparungen f\u00fcr Ventura County und seine Nachbarregionen erm\u00f6glichen kann.<\/span><\/p>\n<p><span style=\"font-weight: 400;\">F\u00fcr weitere Fragen zum Langzeitpflegebericht wenden Sie sich bitte an Phylene Wiggins, Vizepr\u00e4sidentin f\u00fcr Gemeinschaftsinvestitionen und Partnerschaften bei der Ventura County Community Foundation, unter <\/span><a href=\"mailto:pwiggins@vccf.org\"><span style=\"font-weight: 400;\">pwiggins@vccf.org<\/span><\/a><span style=\"font-weight: 400;\">.\u00a0<\/span><\/p>\n<p><b>\u00dcBER DIE VENTURA COUNTY COMMUNITY FOUNDATION<\/b><span style=\"font-weight: 400;\">\u00a0<\/span><\/p>\n<p><span style=\"font-weight: 400;\">Die 1987 gegr\u00fcndete Ventura County Community Foundation f\u00f6rdert die Philanthropie in der Region, indem sie das Verm\u00e4chtnis durch sorgf\u00e4ltige Verwaltung des Wohlt\u00e4tigkeitskapitals verwaltet. Die Stiftung ehrt den Willen der Spender durch den Schutz von Stiftungsgeldern. Die gemeinn\u00fctzige Stiftung ist darauf spezialisiert, philanthropische Ressourcen mit den Bed\u00fcrfnissen der Gemeinschaft zum Nutzen aller zu verbinden. Die Organisation unterst\u00fctzt die Gemeinschaft auch durch Stipendien, Zusch\u00fcsse und Kooperationspartnerschaften. F\u00fcr weitere Informationen besuchen Sie bitte <\/span><a href=\"https:\/\/vccf.org\/de\/\"><span style=\"font-weight: 400;\">www.vccf.org<\/span><\/a><span style=\"font-weight: 400;\">.<\/span><\/p>\n<p style=\"text-align: center;\"><span style=\"font-weight: 400;\">###<\/span><\/p>\n<p><\/p>","protected":false},"excerpt":{"rendered":"<p>VENTURA, CA \u2013 With demographics shifting to an older population, the demand on health care services in Ventura County is projected to intensify in the near future. In response to&hellip;<\/p>","protected":false},"author":3,"featured_media":9836,"comment_status":"closed","ping_status":"closed","sticky":false,"template":"","format":"standard","meta":{"_acf_changed":false,"give_campaign_id":0,"footnotes":""},"categories":[27],"tags":[],"class_list":["post-9835","post","type-post","status-publish","format-standard","has-post-thumbnail","hentry","category-blog-posts"],"acf":[],"_links":{"self":[{"href":"https:\/\/vccf.org\/de\/wp-json\/wp\/v2\/posts\/9835","targetHints":{"allow":["GET"]}}],"collection":[{"href":"https:\/\/vccf.org\/de\/wp-json\/wp\/v2\/posts"}],"about":[{"href":"https:\/\/vccf.org\/de\/wp-json\/wp\/v2\/types\/post"}],"author":[{"embeddable":true,"href":"https:\/\/vccf.org\/de\/wp-json\/wp\/v2\/users\/3"}],"replies":[{"embeddable":true,"href":"https:\/\/vccf.org\/de\/wp-json\/wp\/v2\/comments?post=9835"}],"version-history":[{"count":0,"href":"https:\/\/vccf.org\/de\/wp-json\/wp\/v2\/posts\/9835\/revisions"}],"wp:featuredmedia":[{"embeddable":true,"href":"https:\/\/vccf.org\/de\/wp-json\/wp\/v2\/media\/9836"}],"wp:attachment":[{"href":"https:\/\/vccf.org\/de\/wp-json\/wp\/v2\/media?parent=9835"}],"wp:term":[{"taxonomy":"category","embeddable":true,"href":"https:\/\/vccf.org\/de\/wp-json\/wp\/v2\/categories?post=9835"},{"taxonomy":"post_tag","embeddable":true,"href":"https:\/\/vccf.org\/de\/wp-json\/wp\/v2\/tags?post=9835"}],"curies":[{"name":"wp","href":"https:\/\/api.w.org\/{rel}","templated":true}]}}