{"id":10051,"date":"2020-04-30T14:47:32","date_gmt":"2020-04-30T21:47:32","guid":{"rendered":"https:\/\/vccf.org\/?p=10051"},"modified":"2025-01-29T07:47:47","modified_gmt":"2025-01-29T07:47:47","slug":"ventura-county-rapid-response-fund-covid-19-receives-additional-400000-from-amgen-foundation","status":"publish","type":"post","link":"https:\/\/vccf.org\/es\/ventura-county-rapid-response-fund-covid-19-receives-additional-400000-from-amgen-foundation\/","title":{"rendered":"El Fondo de Respuesta R\u00e1pida del Condado de Ventura (COVID-19) recibe $400.000 adicionales de la Fundaci\u00f3n Amgen"},"content":{"rendered":"<p><b>Camarillo, CA \u2013 <\/b><span style=\"font-weight: 400;\">The Special Oversight Committee for the <\/span><b>Fondo de Respuesta R\u00e1pida del Condado de Ventura <\/b><span style=\"font-weight: 400;\">had just awarded the remaining $391,000 of the fund to local nonprofits providing essential support services when Vanessa Bechtel, President &amp; CEO of the Ventura County Community Foundation, received a special call.\u00a0Jessica Halloran, with Amgen Corporate Philanthropy, shared the amazing news that the Amgen Foundation was contributing another $400,000 to their already generous support to the COVID-19 relief effort.\u00a0<\/span><\/p>\n<p><span style=\"font-weight: 400;\">\"Hemos sido testigos de una demanda de ayuda sin precedentes -millones de d\u00f3lares en necesidades locales- y fue extremadamente dif\u00edcil acotar los \u00faltimos fondos de nuestras subvenciones COVID-19\", comparti\u00f3 Geoff Dean, Copresidente del Comit\u00e9 Especial de Supervisi\u00f3n. \"El momento de este apoyo esencial de la Fundaci\u00f3n Amgen no podr\u00eda haber sido mejor\".<\/span><\/p>\n<p><span style=\"font-weight: 400;\">Como socio fundamental en el lanzamiento del <\/span><b>Fondo de Respuesta R\u00e1pida del Condado de Ventura<\/b><span style=\"font-weight: 400;\">, the Amgen Foundation has been there propelling this vital community-wide effort since the very beginning. This collaborative effort at the Ventura County Community Foundation also includes the County of Ventura, Aera Energy, Southeast Ventura County YMCA, Give An Hour, and the Economic Development Collaborative.\u00a0<\/span><\/p>\n<p><span style=\"font-weight: 400;\">VCCF\u2019s Ventura County Rapid Response Fund makes financial support available to those organizations experiencing financial hardship as a result of COVID-19, and to enable these organizations to maintain and increase services.<\/span><\/p>\n<p><span style=\"font-weight: 400;\">While public health officials are working diligently to prepare for and respond to COVID-19, VCCF\u2019s <\/span><b>Fondo de Respuesta R\u00e1pida del Condado de Ventura<\/b><span style=\"font-weight: 400;\"> was established to financially support nonprofit organizations addressing the needs of individuals and families with food and housing support, childcare, wage replacement, mental health and more. The Fund enables these organizations to remain open and expand as the demand for their services increases. Hundreds of Ventura County families have been provided direct cash assistance, with thousands receiving additional essential support, such as food for families, access to mental health services, childcare, and critical housing and rental assistance. Support for small business owners has also been made available through the Women\u2019s Economic Venture and the Economic Development Collaborative.<\/span><\/p>\n<p><span style=\"font-weight: 400;\">\u201cAs the challenges associated with COVID-19 continue to evolve, we are committed to supporting our neighbors, colleagues, friends and communities,\u201d said Eduardo Cetlin, President of the Amgen Foundation. \u201cThank you to the Ventura County Community Foundation for initiating this Rapid Response Fund, which will be critical as Ventura County\u2019s nonprofit organizations work to address the needs of those impacted by the virus.\u201d<\/span><\/p>\n<p><span style=\"font-weight: 400;\">\u201cCertainly, over the past two months our community has been facing intense challenges,\u201d said Scott Hansen, VCCF Board Chair. \u201cAmgen\u2019s incredible and immediate generosity has served to also inspire communitywide generosity, with thousands stepping forward to help their neighbors during this difficult time.\u201d<\/span><\/p>\n<p><span style=\"font-weight: 400;\">\"<\/span><span style=\"font-weight: 400;\">Our goal is to do everything possible to raise the millions in funding needed to serve local individuals and families, and we deeply appreciate the outpouring of support by our partners and fellow community members,\u201d said Bechtel, \u201cThere is still so much to be done. Ventura County is a resilient and generous community, and we will get through this together!\u201d<\/span><\/p>\n<p><b>To support the Ventura County Rapid Response Fund, <\/b><span style=\"font-weight: 400;\">La VCCF agradece las aportaciones econ\u00f3micas de particulares, organizaciones, empresas e instituciones. Las donaciones pueden realizarse en VCCF.org.<\/span><\/p>\n<p><i><span style=\"font-weight: 400;\">La VCCF no cobrar\u00e1 ninguna comisi\u00f3n administrativa de este fondo, 100% de las donaciones se conceder\u00e1n en funci\u00f3n de los criterios del fondo.<\/span><\/i><\/p>\n<p><span style=\"font-weight: 400;\">For more information, visit vccf.org or contact Vanessa Bechtel at 805-330-6676 or vbechtel@vccf.org.<\/span><\/p>\n<p><b>ACERCA DE LA FUNDACI\u00d3N COMUNITARIA DEL CONDADO DE VENTURA<\/b><span style=\"font-weight: 400;\">\u00a0<\/span><\/p>\n<p><span style=\"font-weight: 400;\">Creada en 1987, la Fundaci\u00f3n Comunitaria del Condado de Ventura fomenta la filantrop\u00eda en la regi\u00f3n administrando legados mediante una cuidadosa gesti\u00f3n del capital ben\u00e9fico. La fundaci\u00f3n honra la intenci\u00f3n de los donantes protegiendo las dotaciones. La organizaci\u00f3n sin \u00e1nimo de lucro se especializa en conectar los recursos filantr\u00f3picos con las necesidades de la comunidad en beneficio de todos. La organizaci\u00f3n tambi\u00e9n sirve a la comunidad a trav\u00e9s de becas, subvenciones y asociaciones de colaboraci\u00f3n. Para m\u00e1s informaci\u00f3n, visite <\/span><a href=\"https:\/\/vccf.org\/es\/\"><span style=\"font-weight: 400;\">www.vccf.org<\/span><\/a><span style=\"font-weight: 400;\">.<\/span><\/p>","protected":false},"excerpt":{"rendered":"<p>\"Hemos sido testigos de una demanda de ayuda sin precedentes -millones de d\u00f3lares en necesidades locales- y fue extremadamente dif\u00edcil acotar los \u00faltimos fondos de nuestras subvenciones COVID-19\", comparti\u00f3 Geoff Dean, Copresidente del Comit\u00e9 Especial de Supervisi\u00f3n. \"El momento de este apoyo esencial de la Fundaci\u00f3n Amgen no podr\u00eda haber sido mejor\".<\/p>","protected":false},"author":3,"featured_media":10120,"comment_status":"closed","ping_status":"closed","sticky":false,"template":"","format":"standard","meta":{"_acf_changed":false,"give_campaign_id":0,"footnotes":""},"categories":[27],"tags":[],"class_list":["post-10051","post","type-post","status-publish","format-standard","has-post-thumbnail","hentry","category-blog-posts"],"acf":[],"_links":{"self":[{"href":"https:\/\/vccf.org\/es\/wp-json\/wp\/v2\/posts\/10051","targetHints":{"allow":["GET"]}}],"collection":[{"href":"https:\/\/vccf.org\/es\/wp-json\/wp\/v2\/posts"}],"about":[{"href":"https:\/\/vccf.org\/es\/wp-json\/wp\/v2\/types\/post"}],"author":[{"embeddable":true,"href":"https:\/\/vccf.org\/es\/wp-json\/wp\/v2\/users\/3"}],"replies":[{"embeddable":true,"href":"https:\/\/vccf.org\/es\/wp-json\/wp\/v2\/comments?post=10051"}],"version-history":[{"count":0,"href":"https:\/\/vccf.org\/es\/wp-json\/wp\/v2\/posts\/10051\/revisions"}],"wp:featuredmedia":[{"embeddable":true,"href":"https:\/\/vccf.org\/es\/wp-json\/wp\/v2\/media\/10120"}],"wp:attachment":[{"href":"https:\/\/vccf.org\/es\/wp-json\/wp\/v2\/media?parent=10051"}],"wp:term":[{"taxonomy":"category","embeddable":true,"href":"https:\/\/vccf.org\/es\/wp-json\/wp\/v2\/categories?post=10051"},{"taxonomy":"post_tag","embeddable":true,"href":"https:\/\/vccf.org\/es\/wp-json\/wp\/v2\/tags?post=10051"}],"curies":[{"name":"wp","href":"https:\/\/api.w.org\/{rel}","templated":true}]}}