{"id":12576,"date":"2021-04-09T15:25:59","date_gmt":"2021-04-09T22:25:59","guid":{"rendered":"https:\/\/vccf.org\/?p=12576"},"modified":"2025-01-29T07:47:43","modified_gmt":"2025-01-29T07:47:43","slug":"eye-on-the-environment-earth-day-events-return-to-ventura-county-this-month","status":"publish","type":"post","link":"https:\/\/vccf.org\/es\/eye-on-the-environment-earth-day-events-return-to-ventura-county-this-month\/","title":{"rendered":"Ojo al Medio Ambiente | Los actos del D\u00eda de la Tierra vuelven este mes al condado de Ventura"},"content":{"rendered":"<p>El 22 de abril es el D\u00eda de la Tierra, y los actos programados durante todo este mes ayudan a la gente a celebrar y reafirmar su compromiso con las causas medioambientales. Earthday.org, el mayor organismo internacional de coordinaci\u00f3n de las conmemoraciones del D\u00eda de la Tierra, eligi\u00f3 \"Restaurar nuestra Tierra\" como tema de este a\u00f1o, centr\u00e1ndose en la necesidad de \"restaurar los ecosistemas del mundo.\"<\/p>\n<p>Estos son los pr\u00f3ximos eventos locales:<\/p>\n<p><strong>EN TODO EL CONDADO<\/strong><br \/>\nDurante todo el Mes de la Tierra, y posiblemente hasta el mes que viene, la Ventura County Community Foundation organizar\u00e1 una \"Gira de escucha medioambiental\". Seg\u00fan el Director de Operaciones, Jeff Lambert, \"En una reciente serie de entrevistas confidenciales con donantes-clientes de la VCCF, aproximadamente el 75% identific\u00f3 las cuestiones medioambientales como una de sus prioridades m\u00e1s importantes a la hora de hacer donaciones.\" En respuesta, la fundaci\u00f3n est\u00e1 programando reuniones con grupos sin \u00e1nimo de lucro implicados en labores medioambientales.<\/p>\n<p>A trav\u00e9s de \"sesiones de escucha\" con grupos de unas cinco personas cada vez, el personal de la VCCF determinar\u00e1 \"las carencias de financiaci\u00f3n y servicios que la filantrop\u00eda puede cubrir\", seg\u00fan Lambert. La fundaci\u00f3n proporcionar\u00e1 asesoramiento profesional a las organizaciones sin \u00e1nimo de lucro e informaci\u00f3n sobre ellas a sus clientes donantes.<\/p>\n<p>Lambert se\u00f1al\u00f3 que a los donantes les gusta que la VCCF act\u00fae como intermediaria, garantizando la confidencialidad del donante y asegur\u00e1ndose de que las organizaciones sin \u00e1nimo de lucro se gestionan de forma sostenible y hacen un buen uso de los fondos. La fundaci\u00f3n tambi\u00e9n ayuda a las organizaciones sin \u00e1nimo de lucro a obtener financiaci\u00f3n de organizaciones nacionales y de subvenciones federales y estatales. Las organizaciones medioambientales interesadas en participar deben ponerse en contacto con la asistente ejecutiva Calleen O'Neall en el 805-330-6987.<\/p>\n<p>Tambi\u00e9n en todo el condado, la Alianza Regional de la Energ\u00eda del Condado de Ventura y los Defensores del Veh\u00edculo El\u00e9ctrico del Condado de Ventura est\u00e1n organizando una promoci\u00f3n de los coches el\u00e9ctricos para el D\u00eda de la Tierra. Es probable que se trate de un concurso en l\u00ednea en el que participar\u00e1 su mascota Evie McWheelie, recientemente revisada. M\u00e1s informaci\u00f3n en VCenergy.org.<\/p>\n<p><strong>OJAI<\/strong><br \/>\nEl 22 de abril, D\u00eda de la Tierra, a las 10.30 h en el Libbey Park de Ojai, Ojai Land Conservancy y Ojai Valley Green Coalition celebrar\u00e1n una ceremonia de plantaci\u00f3n de \u00e1rboles. Representantes de las organizaciones promover\u00e1n oportunidades de voluntariado que van desde la divulgaci\u00f3n p\u00fablica a la restauraci\u00f3n del h\u00e1bitat. Para m\u00e1s informaci\u00f3n, p\u00f3ngase en contacto con la Subdirectora de Obras P\u00fablicas, Alma Quezada, en el 805-646-5581 x 209.<\/p>\n<p><strong>OXNARD<\/strong><br \/>\nLa ciudad de Oxnard celebra este mes el D\u00eda de la Tierra con una campa\u00f1a de promoci\u00f3n de los kits gratuitos de reciclaje de aceite de motor, las cajas de reciclaje gratuitas y las bolsas gratuitas de compost Agromin, disponibles durante todo el a\u00f1o en la Estaci\u00f3n Regional de Reciclaje y Transferencia Del Norte. Los dos primeros art\u00edculos est\u00e1n disponibles s\u00f3lo para los residentes de Oxnard, y una bolsa de compost por d\u00eda se ofrece a cualquier persona que utilice el centro de recompra.<\/p>\n<p><strong>MOORPARK<\/strong><br \/>\nLa ciudad de Moorpark y varios patrocinadores corporativos est\u00e1n coordinando una venta de garaje de la comunidad. Las ventas de jardiner\u00eda son una forma estupenda de promover la reutilizaci\u00f3n y evitar los residuos, y el s\u00e1bado 1 de mayo, de 9 a.m.-1 p.m., en el aparcamiento D del Arroyo Vista Community Park (4550 Tierra Rejada Road), seg\u00fan el material promocional de la ciudad, \"Celebraremos nuestra hermosa Tierra con una venta de jardiner\u00eda comunitaria, artesan\u00eda, demostraciones, regalos y \u00a1mucho m\u00e1s!\".<\/p>\n<p>El acto, que se celebrar\u00e1 de acuerdo con las directrices vigentes en materia de salud y seguridad, ser\u00e1 gratuito para los compradores. Hasta el 23 de abril, los vendedores pueden reservar puestos del tama\u00f1o de dos plazas de aparcamiento adyacentes por $15 y puestos dobles por $25 a trav\u00e9s del sitio web de la ciudad para el evento. El aparcamiento para el evento estar\u00e1 disponible en el lote C. Para obtener m\u00e1s informaci\u00f3n, p\u00f3ngase en contacto con la Divisi\u00f3n de Recreaci\u00f3n de la ciudad en 805-517-6300.<\/p>\n<p><strong>MIL ROBLES<\/strong><br \/>\nLa ciudad de Thousand Oaks invita a participar en una reuni\u00f3n de las partes interesadas en el Plan de Acci\u00f3n Clim\u00e1tica y Medioambiental a trav\u00e9s de Zoom el 28 de abril. Las partes interesadas debatir\u00e1n cuestiones relacionadas con el agua, los residuos s\u00f3lidos, el reciclaje y la calidad de vida. Inscr\u00edbase en www.toaks.org\/departments\/public-works\/sustainability\/climate-action-planning. Adem\u00e1s, la proclamaci\u00f3n anual del D\u00eda de la Tierra de la ciudad se centrar\u00e1 este a\u00f1o en el plan de acci\u00f3n sobre el clima.<\/p>\n<p><strong>VENTURA<\/strong><br \/>\nLa Oficina de Sostenibilidad Medioambiental de la ciudad enviar\u00e1 premios a los residentes de la ciudad que env\u00eden una foto o un v\u00eddeo antes del 18 de abril, mostrando c\u00f3mo celebran el D\u00eda de la Tierra o mostrando acciones sostenibles. S\u00fabelo a https:\/\/bit.ly\/3rNg7C5. Sujetos a disponibilidad, los premios incluyen vasos reutilizables y utensilios reutilizables. Se ofrecer\u00e1n m\u00e1s concursos a trav\u00e9s de las p\u00e1ginas de Facebook o Instagram de la oficina, @SustainableVentura.<\/p>\n<p>David Goldstein es analista medioambiental de Obras P\u00fablicas del Condado de Ventura y puede ponerse en contacto con \u00e9l en el 805-658-4312 o en david.goldstein@ventura.org.<\/p>\n<p><a href=\"https:\/\/vcreporter.com\/2021\/04\/eye-on-the-environment-earth-day-events-return-to-ventura-county-this-month\/\" target=\"_blank\" rel=\"noopener\"><em>Este art\u00edculo fue publicado originalmente por VCReporter<\/em><\/a><\/p>","protected":false},"excerpt":{"rendered":"<p>April 22 is Earth Day, and events scheduled all this month help people celebrate and rededicate to environmental causes. Earthday.org, the largest international coordinating body for Earth Day commemorations, chose&hellip;<\/p>","protected":false},"author":3,"featured_media":12577,"comment_status":"closed","ping_status":"closed","sticky":false,"template":"","format":"standard","meta":{"_acf_changed":false,"give_campaign_id":0,"footnotes":""},"categories":[22],"tags":[],"class_list":["post-12576","post","type-post","status-publish","format-standard","has-post-thumbnail","hentry","category-latest-coverage"],"acf":[],"_links":{"self":[{"href":"https:\/\/vccf.org\/es\/wp-json\/wp\/v2\/posts\/12576","targetHints":{"allow":["GET"]}}],"collection":[{"href":"https:\/\/vccf.org\/es\/wp-json\/wp\/v2\/posts"}],"about":[{"href":"https:\/\/vccf.org\/es\/wp-json\/wp\/v2\/types\/post"}],"author":[{"embeddable":true,"href":"https:\/\/vccf.org\/es\/wp-json\/wp\/v2\/users\/3"}],"replies":[{"embeddable":true,"href":"https:\/\/vccf.org\/es\/wp-json\/wp\/v2\/comments?post=12576"}],"version-history":[{"count":0,"href":"https:\/\/vccf.org\/es\/wp-json\/wp\/v2\/posts\/12576\/revisions"}],"wp:featuredmedia":[{"embeddable":true,"href":"https:\/\/vccf.org\/es\/wp-json\/wp\/v2\/media\/12577"}],"wp:attachment":[{"href":"https:\/\/vccf.org\/es\/wp-json\/wp\/v2\/media?parent=12576"}],"wp:term":[{"taxonomy":"category","embeddable":true,"href":"https:\/\/vccf.org\/es\/wp-json\/wp\/v2\/categories?post=12576"},{"taxonomy":"post_tag","embeddable":true,"href":"https:\/\/vccf.org\/es\/wp-json\/wp\/v2\/tags?post=12576"}],"curies":[{"name":"wp","href":"https:\/\/api.w.org\/{rel}","templated":true}]}}