{"id":14191,"date":"2021-11-29T09:27:20","date_gmt":"2021-11-29T17:27:20","guid":{"rendered":"https:\/\/vccf.org\/?p=14191"},"modified":"2025-01-29T07:47:16","modified_gmt":"2025-01-29T07:47:16","slug":"interview-with-sean-leonard-chair-of-the-vccf-board-of-directors","status":"publish","type":"post","link":"https:\/\/vccf.org\/es\/interview-with-sean-leonard-chair-of-the-vccf-board-of-directors\/","title":{"rendered":"Entrevista con Sean Leonard, Presidente del Consejo de Administraci\u00f3n de la VCCF"},"content":{"rendered":"<p><em><img loading=\"lazy\" decoding=\"async\" class=\"aligncenter size-large wp-image-14192\" src=\"https:\/\/vccf.org\/wp-content\/uploads\/2021\/11\/2017-sean-4-1024x683.jpg\" alt=\"\" width=\"1024\" height=\"683\" srcset=\"https:\/\/vccf.org\/wp-content\/uploads\/2021\/11\/2017-sean-4-1024x683.jpg 1024w, https:\/\/vccf.org\/wp-content\/uploads\/2021\/11\/2017-sean-4-300x200.jpg 300w, https:\/\/vccf.org\/wp-content\/uploads\/2021\/11\/2017-sean-4-768x512.jpg 768w, https:\/\/vccf.org\/wp-content\/uploads\/2021\/11\/2017-sean-4-1536x1024.jpg 1536w, https:\/\/vccf.org\/wp-content\/uploads\/2021\/11\/2017-sean-4-18x12.jpg 18w, https:\/\/vccf.org\/wp-content\/uploads\/2021\/11\/2017-sean-4.jpg 1800w\" sizes=\"auto, (max-width: 1024px) 100vw, 1024px\" \/><\/em><\/p>\n<p><em>Por Lauren Graf<\/em><\/p>\n<p>Conozca a Sean Leonard, el nuevo Presidente de la Junta Directiva de la Fundaci\u00f3n Comunitaria del Condado de Ventura. Sean se uni\u00f3 a la Junta en 2019 y se desempe\u00f1\u00f3 como Secretario hasta que fue seleccionado para convertirse en Presidente de la Junta despu\u00e9s del Presidente Anterior Inmediato, Scott Hansen. Sean ha sido residente del Condado de Ventura durante m\u00e1s de 30 a\u00f1os, actualmente reside en Oxnard con su esposa Gwen. Los dos se conocieron mientras asist\u00edan a UCLA y han estado casados durante 42 a\u00f1os con tres hijos, dos nueras y dos nietos.<\/p>\n<p>Sean naci\u00f3 y creci\u00f3 en Hong Kong y lleg\u00f3 a Estados Unidos como estudiante extranjero y el primero de su familia en asistir a la universidad. Al crecer, Sean dijo que sus padres eran \"modelos de humildad y laboriosidad\". Su padre era miembro del Regimiento Real de Hong Kong \"Los Voluntarios\", que luch\u00f3 contra los invasores japoneses y fue encarcelado durante los cuatro a\u00f1os siguientes, mientras su madre sobreviv\u00eda a la guerra en un Hong Kong ocupado.<\/p>\n<p>Sean se siente inspirado para retribuir tanto en el Consejo como a trav\u00e9s de su empresa. Dirige una empresa de gesti\u00f3n de proyectos, S.L. Leonard &amp; Associates, especializada en ayudar a organizaciones sin \u00e1nimo de lucro con sus necesidades de desarrollo inmobiliario. Algunos de sus clientes locales incluyen el Museo del Condado de Ventura, Casa Pacifica, kidSTREAM, y tres Boys &amp; Girls Clubs. Adem\u00e1s, ha ayudado a sus clientes a desarrollar casi 6.000 unidades de vivienda asequible. Dice que su proyecto m\u00e1s notable en el condado de Ventura es la Biblioteca P\u00fablica de Camarillo, un lugar local favorito para muchos residentes.<\/p>\n<p>Adem\u00e1s de su incansable labor en el Consejo de Administraci\u00f3n de la VCCF, Sean tambi\u00e9n forma parte del Consejo de Administraci\u00f3n de Casa Pacifica y fue Presidente del Consejo de A Community of Friends, que desarrolla y gestiona viviendas asequibles para personas con enfermedades mentales.<\/p>\n<p>Sean habl\u00f3 con la VCCF sobre su trayectoria filantr\u00f3pica, su deseo de devolver algo a su comunidad y su visi\u00f3n del futuro de la VCCF.<\/p>\n<p><strong>\u00bfDe d\u00f3nde le viene la pasi\u00f3n por la filantrop\u00eda?<\/strong><\/p>\n<p>Tiene su origen en mi fe, donde me ense\u00f1aron que dar incondicionalmente har\u00e1 que se abran las compuertas del Cielo con bendiciones. En consecuencia, no siempre hemos recibido todo lo que quer\u00edamos, pero siempre se nos ha proporcionado lo que necesit\u00e1bamos.<\/p>\n<p>Como nuestro negocio nos puso en contacto con muchas organizaciones sin \u00e1nimo de lucro, Gwen y yo vimos cu\u00e1nta bondad hay en la comunidad y tambi\u00e9n lo dif\u00edcil que les resulta financiar toda su vital labor.<\/p>\n<p><strong>\u00bfQu\u00e9 le inspir\u00f3 a unirse a la Junta Directiva de la VCCF?<\/strong><\/p>\n<p>Cuando era Presidenta del Consejo de Boys &amp; Girls Clubs of Greater Oxnard and Port Hueneme, el Director General y yo nos reunimos varias veces con Vanessa Bechtel, ya que ten\u00edamos un fondo de dotaci\u00f3n en la VCCF y tambi\u00e9n busc\u00e1bamos asesoramiento sobre recaudaci\u00f3n de fondos. A partir de ah\u00ed empec\u00e9 a aprender y a admirar el alcance de la VCCF y su capacidad para conectar a personas y organizaciones por un bien mayor. Alg\u00fan tiempo despu\u00e9s, Scott Hansen y Vanessa se pusieron en contacto conmigo para hablar de mi incorporaci\u00f3n a la Junta de la VCCF.<\/p>\n<p><strong>Usted ha estado en la Junta desde 2019. Desde entonces, \u00bfc\u00f3mo ha visto cambiar el condado de Ventura, ya sea en filantrop\u00eda, trabajo sin \u00e1nimo de lucro o alg\u00fan otro aspecto?<\/strong><\/p>\n<p>Cuando me incorpor\u00e9, a\u00fan est\u00e1bamos reaccionando a la tr\u00e1gica crisis de Borderline y asumiendo un papel de liderazgo para poner en contacto a v\u00edctimas y familias con ayuda econ\u00f3mica y de otro tipo. Hemos visto a m\u00e1s de 10.000 donantes primerizos dar un paso adelante en estos tiempos; la comunidad es extremadamente generosa y la filantrop\u00eda est\u00e1 cambiando y prosperando en el condado de Ventura. Estoy muy emocionado de ser parte de facilitar esa pasi\u00f3n.<\/p>\n<p><strong>\u00bfCu\u00e1les son algunas de las causas que m\u00e1s le apasiona apoyar a trav\u00e9s de su trabajo en el Consejo?<\/strong><\/p>\n<p>El problema de los sin techo es uno de ellos. Tengo la suerte de trabajar con muchas agencias, como Many Mansions, Housing Authority of the City of San Buenaventura, Area Housing Authority, Cabrillo Economic Development y People's Self-Help Housing, que est\u00e1n a la cabeza en la provisi\u00f3n de viviendas de apoyo permanente en nuestra comunidad.<\/p>\n<p>A Gwen y a m\u00ed tambi\u00e9n nos apasiona ayudar a los j\u00f3venes desfavorecidos y de ah\u00ed nuestra implicaci\u00f3n con Boys &amp; Girls Clubs y Casa Pacifica, que atienden a algunos de nuestros vecinos m\u00e1s vulnerables. Recientemente presid\u00ed el Comit\u00e9 de Grandes Donaciones de la exitosa campa\u00f1a $5.000.000 de Boys &amp; Girls Clubs of Greater Oxnard &amp; Port Hueneme.<\/p>\n<p><strong>En su transici\u00f3n para convertirse en el nuevo Presidente del Consejo, \u00bfqu\u00e9 ha aprendido sobre el liderazgo?<\/strong><\/p>\n<p>Pueden ocurrir grandes cosas cuando hay voluntad y apertura para colaborar. Recuerdo a nuestra Directora General, Vanessa Bechtel, hablando sobre el censo de 2020 en 2019, lo que fue un verdadero quebradero de cabeza para m\u00ed. A medida que las conversaciones se convirtieron en acci\u00f3n, creo que Vanessa fue uno de los principales catalizadores, si no la fuerza dominante, detr\u00e1s de convocar reuniones, realizar actividades de divulgaci\u00f3n y hacer que pas\u00e1ramos de estar en el 2 por ciento superior de los condados en riesgo de ser subcontados al percentil 95 superior para lograr un recuento completo. Este esfuerzo masivo se traducir\u00e1 en $1.000 millones a $2.000 millones en servicios sociales a\u00f1adidos a nuestra comunidad en los pr\u00f3ximos 10 a\u00f1os. Eso es liderazgo eficaz.<\/p>\n<p><strong>\u00bfQu\u00e9 consejos le dio el anterior Presidente Scott Hansen para prepararle para este nuevo cargo?<\/strong><\/p>\n<p>Scott ha sido una c\u00e1tedra incre\u00edble durante los \u00faltimos seis a\u00f1os y es bastante intimidante seguirle. Scott habla de soluciones cuando yo todav\u00eda estoy descifrando las preguntas. Scott me dijo que no necesitamos otro Scott Hansen, sino un Sean Leonard. En esencia, me dio permiso para ser yo mismo. Bajo la direcci\u00f3n de Scott hemos incorporado un nuevo Director de Operaciones y un nuevo Director de Cumplimiento Normativo. Contamos con un equipo ejecutivo muy s\u00f3lido y, gracias a la constituci\u00f3n del Consejo y a la creaci\u00f3n de una s\u00f3lida estructura de comit\u00e9s, dispongo de todo el apoyo necesario para alcanzar el \u00e9xito.<\/p>\n<p><strong>De cara al futuro, \u00bfqu\u00e9 visi\u00f3n tiene para el Consejo y la VCCF en los pr\u00f3ximos a\u00f1os?<\/strong><\/p>\n<p>Dado que la mesa est\u00e1 servida para el \u00e9xito, con una plantilla y un Consejo bien dimensionados, podemos ser m\u00e1s estrat\u00e9gicos y proactivos en nuestra planificaci\u00f3n estrat\u00e9gica. Actualmente estamos elaborando un nuevo plan estrat\u00e9gico y contamos con un grupo incre\u00edble de miembros del Consejo y personal directivo entusiasmados y con talento que est\u00e1n trabajando en \u00e9l.<\/p>\n<p>Me gustar\u00eda que lleg\u00e1ramos a a\u00fan m\u00e1s organizaciones sin \u00e1nimo de lucro y las capacit\u00e1ramos para cumplir su misi\u00f3n. Estamos convocando reuniones peri\u00f3dicas de \"Caf\u00e9 y conexi\u00f3n\" con organizaciones sin \u00e1nimo de lucro para que se conozcan mejor entre s\u00ed y les presentemos socios estrat\u00e9gicos.<\/p>\n<p>Con el extraordinario derroche de generosidad del que hemos sido testigos, me gustar\u00eda vernos crecer m\u00e1s all\u00e1 del secreto mejor guardado para donantes e inversores. A trav\u00e9s de la VCCF, los inversores pueden racionalizar sus donaciones, podemos ayudarles a ser m\u00e1s estrat\u00e9gicos y centrados al tiempo que aprovechan su dinero. Podemos mostrarles m\u00faltiples v\u00edas de filantrop\u00eda con ventajas fiscales. Podemos facilitar fondos multigeneracionales en los que los ni\u00f1os se inicien en la filantrop\u00eda y los herederos puedan continuar el legado de las donaciones.<\/p>\n<p>A veces, los problemas reales requieren soluciones complejas; siendo convocantes y conectores podemos hacer grandes cosas por nuestra comunidad. El futuro es apasionante.<\/p>","protected":false},"excerpt":{"rendered":"<p>Por Lauren Graf Conoce a Sean Leonard, el nuevo Presidente de la Junta Directiva de la Fundaci\u00f3n Comunitaria del Condado de Ventura. Sean se uni\u00f3 a la Junta en 2019 y se desempe\u00f1\u00f3 como Secretario hasta ser...<\/p>","protected":false},"author":3,"featured_media":14192,"comment_status":"closed","ping_status":"closed","sticky":false,"template":"","format":"standard","meta":{"_acf_changed":false,"give_campaign_id":0,"footnotes":""},"categories":[27],"tags":[],"class_list":["post-14191","post","type-post","status-publish","format-standard","has-post-thumbnail","hentry","category-blog-posts"],"acf":[],"_links":{"self":[{"href":"https:\/\/vccf.org\/es\/wp-json\/wp\/v2\/posts\/14191","targetHints":{"allow":["GET"]}}],"collection":[{"href":"https:\/\/vccf.org\/es\/wp-json\/wp\/v2\/posts"}],"about":[{"href":"https:\/\/vccf.org\/es\/wp-json\/wp\/v2\/types\/post"}],"author":[{"embeddable":true,"href":"https:\/\/vccf.org\/es\/wp-json\/wp\/v2\/users\/3"}],"replies":[{"embeddable":true,"href":"https:\/\/vccf.org\/es\/wp-json\/wp\/v2\/comments?post=14191"}],"version-history":[{"count":0,"href":"https:\/\/vccf.org\/es\/wp-json\/wp\/v2\/posts\/14191\/revisions"}],"wp:featuredmedia":[{"embeddable":true,"href":"https:\/\/vccf.org\/es\/wp-json\/wp\/v2\/media\/14192"}],"wp:attachment":[{"href":"https:\/\/vccf.org\/es\/wp-json\/wp\/v2\/media?parent=14191"}],"wp:term":[{"taxonomy":"category","embeddable":true,"href":"https:\/\/vccf.org\/es\/wp-json\/wp\/v2\/categories?post=14191"},{"taxonomy":"post_tag","embeddable":true,"href":"https:\/\/vccf.org\/es\/wp-json\/wp\/v2\/tags?post=14191"}],"curies":[{"name":"wp","href":"https:\/\/api.w.org\/{rel}","templated":true}]}}