{"id":1460,"date":"2017-03-24T07:47:12","date_gmt":"2017-03-24T14:47:12","guid":{"rendered":"https:\/\/vccf.org\/?p=1460"},"modified":"2025-01-29T07:48:47","modified_gmt":"2025-01-29T07:48:47","slug":"bechtel-among-top-50-women-in-business","status":"publish","type":"post","link":"https:\/\/vccf.org\/es\/bechtel-among-top-50-women-in-business\/","title":{"rendered":"Bechtel, entre las 50 mejores mujeres de negocios"},"content":{"rendered":"<p class=\"posttitle\"><!--more--><\/p>\n<p class=\"posttitle\"><em>(Lea la noticia completa a continuaci\u00f3n o en <a href=\"https:\/\/www.pacbiztimes.com\/2017\/03\/24\/this-years-top-50-women-in-business-announced\/\" target=\"_blank\" rel=\"noopener\">P\u00e1gina web del Pacific Coast Business Times<\/a>)<\/em><\/p>\n<h2 class=\"posttitle\">Anunciadas las 50 mejores mujeres de negocios de este a\u00f1o<\/h2>\n<p class=\"metaStuff\">Por <a class=\"author url fn\" title=\"Publicado por Staff Report\" href=\"https:\/\/www.pacbiztimes.com\/author\/staff-report\/\" rel=\"author noopener\" target=\"_blank\">Informe del personal<\/a> \/ Viernes, 24 de marzo de 2017 \/ <a class=\"commentsLink\" href=\"https:\/\/www.pacbiztimes.com\/2017\/03\/24\/this-years-top-50-women-in-business-announced\/#respond\" target=\"_blank\" rel=\"noopener\">Sin comentarios<\/a><\/p>\n<div id=\"entryContainer\">\n<div class=\"entry\">\n<p><img loading=\"lazy\" decoding=\"async\" class=\"size-medium wp-image-32249 lazyloaded alignleft\" src=\"https:\/\/www.pacbiztimes.com\/wp-content\/uploads\/2017\/03\/Screen-Shot-2017-03-23-at-4.20.19-PM-218x300.png\" sizes=\"auto, (max-width: 218px) 100vw, 218px\" srcset=\"https:\/\/www.pacbiztimes.com\/wp-content\/uploads\/2017\/03\/Screen-Shot-2017-03-23-at-4.20.19-PM-218x300.png 218w, https:\/\/www.pacbiztimes.com\/wp-content\/uploads\/2017\/03\/Screen-Shot-2017-03-23-at-4.20.19-PM.png 620w\" alt=\"\" width=\"218\" height=\"300\" data-attachment-id=\"32249\" data-permalink=\"https:\/\/www.pacbiztimes.com\/2017\/03\/24\/this-years-top-50-women-in-business-announced\/screen-shot-2017-03-23-at-4-20-19-pm\/\" data-orig-file=\"https:\/\/www.pacbiztimes.com\/wp-content\/uploads\/2017\/03\/Screen-Shot-2017-03-23-at-4.20.19-PM.png\" data-orig-size=\"620,855\" data-comments-opened=\"1\" data-image-meta=\"{&quot;aperture&quot;:&quot;0&quot;,&quot;credit&quot;:&quot;&quot;,&quot;camera&quot;:&quot;&quot;,&quot;caption&quot;:&quot;&quot;,&quot;created_timestamp&quot;:&quot;0&quot;,&quot;copyright&quot;:&quot;&quot;,&quot;focal_length&quot;:&quot;0&quot;,&quot;iso&quot;:&quot;0&quot;,&quot;shutter_speed&quot;:&quot;0&quot;,&quot;title&quot;:&quot;&quot;,&quot;orientation&quot;:&quot;0&quot;}\" data-image-title=\"Screen Shot 2017-03-23 at 4.20.19 PM\" data-image-description=\"\" data-medium-file=\"https:\/\/www.pacbiztimes.com\/wp-content\/uploads\/2017\/03\/Screen-Shot-2017-03-23-at-4.20.19-PM-218x300.png\" data-large-file=\"https:\/\/www.pacbiztimes.com\/wp-content\/uploads\/2017\/03\/Screen-Shot-2017-03-23-at-4.20.19-PM.png\" data-lazy-src=\"https:\/\/www.pacbiztimes.com\/wp-content\/uploads\/2017\/03\/Screen-Shot-2017-03-23-at-4.20.19-PM-218x300.png\" data-lazy-srcset=\"https:\/\/www.pacbiztimes.com\/wp-content\/uploads\/2017\/03\/Screen-Shot-2017-03-23-at-4.20.19-PM-218x300.png 218w, https:\/\/www.pacbiztimes.com\/wp-content\/uploads\/2017\/03\/Screen-Shot-2017-03-23-at-4.20.19-PM.png 620w\" data-lazy-sizes=\"(max-width: 218px) 100vw, 218px\" \/><\/p>\n<p>&nbsp;<\/p>\n<p>&nbsp;<\/p>\n<p>The Business Times se complace en anunciar las 50 mejores mujeres de negocios de este a\u00f1o. Este informe especial anual, que cumple 12 a\u00f1os de publicaci\u00f3n, se incluy\u00f3 en la edici\u00f3n impresa de Business Times del 25 de marzo. El jueves 13 de abril se celebrar\u00e1 en la Rotonda Deckers de Goleta una velada de entrega de premios, que este a\u00f1o cumple su und\u00e9cima edici\u00f3n. <a href=\"https:\/\/www.eventbrite.com\/e\/top-women-in-business-tickets-29795247387\" target=\"_blank\" rel=\"noopener\">Haga clic aqu\u00ed para comprar entradas<\/a>.<\/p>\n<p>Este a\u00f1o, la recepci\u00f3n de los premios \"Top 50 Women in Business\" contar\u00e1 con la presencia de nuestra oradora principal, Erika Beck, presidenta de CSU Channel Islands. Su perfil tambi\u00e9n aparece en el informe especial de las 50 principales mujeres de negocios, junto con el de las seis ganadoras de los premios Editor's Choice.<\/p>\n<p>Estas son las 50 mejores mujeres de negocios de 2017 seg\u00fan Pacific Coast Business Times:<\/p>\n<\/div>\n<\/div>\n<p>&nbsp;<\/p>\n<p>&nbsp;<\/p>\n<div id=\"entryContainer\">\n<div class=\"entry\">\n<p>-<\/p>\n<p><strong>TECNOLOG\u00cdA E INNOVACI\u00d3N<\/strong><br \/>\n<strong>- Elecci\u00f3n del Editor:<\/strong> Sharon Donohoe, Turbine Technology Partners<br \/>\n<strong>- Galardonados: <\/strong>Ali Bauerlein, Ida Kane, Kara Bellamy, Judy Mahan, Kirsten McLaughlin, Sherylle Mills Englander<\/p>\n<p>-<\/p>\n<p><strong>INDUSTRIA, JUEGO Y SERVICIOS EMPRESARIALES<\/strong><br \/>\n<strong>- Elecci\u00f3n del Editor:<\/strong> Maria Ventura, Compa\u00f1\u00eda de Gas del Sur de California<br \/>\n<strong>- Galardonados:<\/strong> Kristin Decas, Nan Drake, Karen Earp, Amy Fonzo, Holly Gagnon, Rose Marcario, Trish Miller, Susan Rodriguez, Denise Sutton,<\/p>\n<p>-<\/p>\n<p><strong>ORGANIZACIONES SIN \u00c1NIMO DE LUCRO Y SANIDAD<\/strong><br \/>\n<strong>- Elecci\u00f3n del Editor:<\/strong> Mary Maranville, Estudiantes por la Educaci\u00f3n Ecol\u00f3gica y la Agricultura<br \/>\n<strong>- Galardonados:<\/strong> Erin Antrim, Bonnie Atmore, Vanessa Bechtel, Kimberly Coley, Kristin Flynn, Heidi McPherson, Jenna Tosh<\/p>\n<p>-<\/p>\n<p><strong>SERVICIOS PROFESIONALES<\/strong><br \/>\n<strong>- Elecci\u00f3n del Editor:<\/strong> Amy Steinfeld, Brownstein Hyatt Farber Schreck<br \/>\n-<strong> Galardonados:<\/strong> Danielle Brinkman, Jill Friedman, Karen Gabler, Jennifer Gillon Duffy, Susan McCarthy, Leila No\u00ebl, Robin Paule, Eileen Sheridan<\/p>\n<p>-<\/p>\n<p><strong>BANCA Y FINANZAS<\/strong><br \/>\n<strong>- Elecci\u00f3n del Editor:<\/strong> Janet Silveria, Banco Comunitario de Santa Mar\u00eda<br \/>\n<strong>- Galardonados:<\/strong> Lorraine Crawford, Joanne Funari, Janet Garufis, Heather Hoffman, Geri LaChance, Simone Lagomarsino, Lynda Nahra, Amanda Thomas<\/p>\n<p>-<\/p>\n<p><strong>INMOBILIARIO Y CONSTRUCCI\u00d3N<\/strong><br \/>\n<strong>- Selecci\u00f3n del Editor:<\/strong> Autumn Glaeser, Stantec<br \/>\n<strong>- Galardonados:<\/strong> Clarice Clarke, Renee Grubb, Linda Hagelis, Sarah McCarthy, Christie Rice, Laurie Tamura<\/p>\n<p>-<\/p>\n<p><strong>ORADOR PRINCIPAL:<\/strong> Erika Beck, presidenta, CSU Channel Islands<\/p>\n<p><strong><em>Para obtener una copia de la secci\u00f3n<\/em><\/strong><em> con perfiles y fotos de todos los ganadores, recoja la edici\u00f3n impresa del Business Times del 25 al 31 de marzo, incluida en la edici\u00f3n semanal para suscriptores. <a href=\"http:\/\/www.pacbiztimes.com\/newsstand-locations\/\" target=\"_blank\" rel=\"noopener\">Las ubicaciones de los quioscos est\u00e1n aqu\u00ed<\/a>o llame al (805) 560-6950 para suscribirse o pedir ejemplares.<\/em><\/p>\n<p><strong><em>Para comprar entradas<\/em><\/strong><em> a la recepci\u00f3n de los premios Top Women in Business, que se celebrar\u00e1 de 17.30 a 19.30 horas el jueves 13 de abril en la rotonda al aire libre de Deckers, en Goleta, <a href=\"https:\/\/www.eventbrite.com\/e\/top-women-in-business-tickets-29795247387\" target=\"_blank\" rel=\"noopener\">pulse aqu\u00ed<\/a>.<\/em><\/p>\n<\/div>\n<\/div>","protected":false},"excerpt":{"rendered":"","protected":false},"author":3,"featured_media":1461,"comment_status":"closed","ping_status":"closed","sticky":false,"template":"","format":"standard","meta":{"_acf_changed":false,"give_campaign_id":0,"footnotes":""},"categories":[22],"tags":[],"class_list":["post-1460","post","type-post","status-publish","format-standard","has-post-thumbnail","hentry","category-latest-coverage"],"acf":[],"_links":{"self":[{"href":"https:\/\/vccf.org\/es\/wp-json\/wp\/v2\/posts\/1460","targetHints":{"allow":["GET"]}}],"collection":[{"href":"https:\/\/vccf.org\/es\/wp-json\/wp\/v2\/posts"}],"about":[{"href":"https:\/\/vccf.org\/es\/wp-json\/wp\/v2\/types\/post"}],"author":[{"embeddable":true,"href":"https:\/\/vccf.org\/es\/wp-json\/wp\/v2\/users\/3"}],"replies":[{"embeddable":true,"href":"https:\/\/vccf.org\/es\/wp-json\/wp\/v2\/comments?post=1460"}],"version-history":[{"count":0,"href":"https:\/\/vccf.org\/es\/wp-json\/wp\/v2\/posts\/1460\/revisions"}],"wp:featuredmedia":[{"embeddable":true,"href":"https:\/\/vccf.org\/es\/wp-json\/wp\/v2\/media\/1461"}],"wp:attachment":[{"href":"https:\/\/vccf.org\/es\/wp-json\/wp\/v2\/media?parent=1460"}],"wp:term":[{"taxonomy":"category","embeddable":true,"href":"https:\/\/vccf.org\/es\/wp-json\/wp\/v2\/categories?post=1460"},{"taxonomy":"post_tag","embeddable":true,"href":"https:\/\/vccf.org\/es\/wp-json\/wp\/v2\/tags?post=1460"}],"curies":[{"name":"wp","href":"https:\/\/api.w.org\/{rel}","templated":true}]}}