{"id":1488,"date":"2017-04-11T07:36:20","date_gmt":"2017-04-11T14:36:20","guid":{"rendered":"https:\/\/vccf.org\/?p=1488"},"modified":"2025-01-29T07:48:46","modified_gmt":"2025-01-29T07:48:46","slug":"letter-to-the-editor-foundation-has-been-accountable","status":"publish","type":"post","link":"https:\/\/vccf.org\/es\/letter-to-the-editor-foundation-has-been-accountable\/","title":{"rendered":"Carta al Director: La Fundaci\u00f3n ha rendido cuentas"},"content":{"rendered":"<p><!--more--><\/p>\n<p><em>(Lea la noticia completa a continuaci\u00f3n o en <a href=\"http:\/\/www.vcstar.com\/story\/opinion\/readers\/2017\/04\/10\/foundation-has-been-accountable\/100311144\/\" target=\"_blank\" rel=\"noopener\">P\u00e1gina web de VC Star<\/a>)<\/em><\/p>\n<p>Re: su editorial del 2 de abril, \"La Fundaci\u00f3n debe rendir cuentas\":<\/p>\n<p>El Star pide que la Fundaci\u00f3n Comunitaria del Condado de Ventura \"rinda cuentas\" por algunas malas decisiones tomadas en el pasado, a saber, utilizar los fondos equivocados para pagar un nuevo edificio de oficinas y mantener parte del dinero del fondo en cuentas del mercado monetario, con lo que no se obtiene suficiente rendimiento de este dinero.<\/p>\n<p>Creo que la VCCF ha sido muy responsable con estos errores. El consejo est\u00e1 formado por voluntarios dedicados a la comunidad. Puede que sean expertos en sus campos, pero no se ganan la vida dirigiendo fundaciones. As\u00ed que contrataron a un experto que les dio (en retrospectiva) un mal consejo, que siguieron y del que no han eludido la responsabilidad.<\/p>\n<p>En cuanto el nuevo director general descubri\u00f3 los errores, se notificaron al fiscal general. La VCCF se ha mostrado plenamente responsable, cooperativa y comunicativa con el fiscal general. La situaci\u00f3n se ha resuelto.<\/p>\n<p>Es importante recordar que no se ha perdido el dinero de los fondos de los donantes. Todo sigue ah\u00ed. Creo que el liderazgo de la nueva Directora General en la gesti\u00f3n de esta situaci\u00f3n demuestra que la VCCF es digna de la confianza de sus donantes. Con ella al tim\u00f3n, creo que todo se har\u00e1 correctamente en adelante.<\/p>\n<p>El Star dice que \"necesitamos que (la junta) nos diga qu\u00e9 ha pasado y qu\u00e9 ha cambiado\". Bueno, ya sabemos lo que pas\u00f3. No hay hechos no denunciados. En cuanto a lo que ha cambiado, la VCCF contrat\u00f3 a una estupenda nueva consejera delegada, Vanessa Bechtel.<\/p>\n<p>Sab\u00eda lo suficiente para detectar r\u00e1pidamente los problemas, ponerse en contacto con el GC y encontrar soluciones, por lo que conf\u00edo en que sepa c\u00f3mo dirigir adecuadamente la VCCF en el futuro.<\/p>\n<p><em>Alison Carlson, Ventura<\/em><\/p>","protected":false},"excerpt":{"rendered":"","protected":false},"author":3,"featured_media":1449,"comment_status":"closed","ping_status":"closed","sticky":false,"template":"","format":"standard","meta":{"_acf_changed":false,"give_campaign_id":0,"footnotes":""},"categories":[22],"tags":[],"class_list":["post-1488","post","type-post","status-publish","format-standard","has-post-thumbnail","hentry","category-latest-coverage"],"acf":[],"_links":{"self":[{"href":"https:\/\/vccf.org\/es\/wp-json\/wp\/v2\/posts\/1488","targetHints":{"allow":["GET"]}}],"collection":[{"href":"https:\/\/vccf.org\/es\/wp-json\/wp\/v2\/posts"}],"about":[{"href":"https:\/\/vccf.org\/es\/wp-json\/wp\/v2\/types\/post"}],"author":[{"embeddable":true,"href":"https:\/\/vccf.org\/es\/wp-json\/wp\/v2\/users\/3"}],"replies":[{"embeddable":true,"href":"https:\/\/vccf.org\/es\/wp-json\/wp\/v2\/comments?post=1488"}],"version-history":[{"count":0,"href":"https:\/\/vccf.org\/es\/wp-json\/wp\/v2\/posts\/1488\/revisions"}],"wp:featuredmedia":[{"embeddable":true,"href":"https:\/\/vccf.org\/es\/wp-json\/wp\/v2\/media\/1449"}],"wp:attachment":[{"href":"https:\/\/vccf.org\/es\/wp-json\/wp\/v2\/media?parent=1488"}],"wp:term":[{"taxonomy":"category","embeddable":true,"href":"https:\/\/vccf.org\/es\/wp-json\/wp\/v2\/categories?post=1488"},{"taxonomy":"post_tag","embeddable":true,"href":"https:\/\/vccf.org\/es\/wp-json\/wp\/v2\/tags?post=1488"}],"curies":[{"name":"wp","href":"https:\/\/api.w.org\/{rel}","templated":true}]}}