{"id":15819,"date":"2022-06-23T09:53:05","date_gmt":"2022-06-23T16:53:05","guid":{"rendered":"https:\/\/vccf.org\/?p=15819"},"modified":"2025-03-03T05:48:54","modified_gmt":"2025-03-03T13:48:54","slug":"vccf-donor-spotlight-interview-with-kim-engberg","status":"publish","type":"post","link":"https:\/\/vccf.org\/es\/vccf-donor-spotlight-interview-with-kim-engberg\/","title":{"rendered":"Donante destacado de la VCCF: Entrevista con Kim Engberg"},"content":{"rendered":"<p><img loading=\"lazy\" decoding=\"async\" class=\"alignleft wp-image-22642 size-medium\" src=\"https:\/\/vccf.org\/wp-content\/uploads\/2022\/06\/kim-engberg-scaled-2-300x169.jpg\" alt=\"\" width=\"300\" height=\"169\" srcset=\"https:\/\/vccf.org\/wp-content\/uploads\/2022\/06\/kim-engberg-scaled-2-300x169.jpg 300w, https:\/\/vccf.org\/wp-content\/uploads\/2022\/06\/kim-engberg-scaled-2-1024x576.jpg 1024w, https:\/\/vccf.org\/wp-content\/uploads\/2022\/06\/kim-engberg-scaled-2-768x432.jpg 768w, https:\/\/vccf.org\/wp-content\/uploads\/2022\/06\/kim-engberg-scaled-2-1536x864.jpg 1536w, https:\/\/vccf.org\/wp-content\/uploads\/2022\/06\/kim-engberg-scaled-2-18x10.jpg 18w, https:\/\/vccf.org\/wp-content\/uploads\/2022\/06\/kim-engberg-scaled-2.jpg 1920w\" sizes=\"auto, (max-width: 300px) 100vw, 300px\" \/><\/p>\n<p><em>Por Lauren Graf<\/em><\/p>\n<p>Para celebrar el Mes del Orgullo, la VCCF entrevist\u00f3 a Kim Engberg, fundadora del Fondo Kimberly J. Engberg para la Igualdad LGBTQ+ y dedicada defensora de la comunidad queer local.<\/p>\n<p>El fondo de Kim complet\u00f3 su primer ciclo de concesi\u00f3n de subvenciones en 2021 y espera que crezca tanto en n\u00famero de organizaciones sin \u00e1nimo de lucro como en comunidades atendidas. Uno de los grupos a los que se enorgullece de apoyar a trav\u00e9s de su fondo es <a href=\"https:\/\/www.getloudmovement.org\/org\" target=\"_blank\" rel=\"noopener\">En voz alta<\/a>organizado por Mo Gonzalez. Get Loud es \"un movimiento de artistas queer que celebra la creatividad para empoderar a la comunidad LGBTQIA+ en la resistencia a la conformidad a trav\u00e9s de la expresi\u00f3n\", seg\u00fan su p\u00e1gina de Facebook. El grupo celebra eventos locales en los que participan artistas visuales e interpretativos queer locales, con organizaciones comunitarias, vendedores y un mont\u00f3n de alegres asistentes. \"Me sent\u00ed muy orgullosa de haber apoyado una peque\u00f1a parte de eso\", dijo Kim, en relaci\u00f3n con su asistencia a uno de sus eventos en el Oxnard Performing Arts Center.<\/p>\n<p>Kim naci\u00f3 y creci\u00f3 en el Medio Oeste, pero se traslad\u00f3 al condado de Ventura tras enamorarse de la Costa Oeste durante unas vacaciones. Despu\u00e9s de trabajar para la Marina estadounidense en Port Hueneme desde 1983, se jubil\u00f3 hace unos seis a\u00f1os y busc\u00f3 llenar su tiempo con el voluntariado.<\/p>\n<p>Poco despu\u00e9s de jubilarse se declar\u00f3 transexual, lo que influy\u00f3 en la orientaci\u00f3n de su voluntariado. Particip\u00f3 en varios grupos de autoayuda y apoyo de la zona, que la introdujeron en la comunidad filantr\u00f3pica y sin \u00e1nimo de lucro local. Ha apoyado a la organizaci\u00f3n sin \u00e1nimo de lucro LGBTQ+. <a href=\"https:\/\/www.diversitycollectivevc.org\/\" target=\"_blank\" rel=\"noopener\">Colectivo Diversidad<\/a>sobre todo en la promoci\u00f3n de su grupo de j\u00f3venes, <a href=\"https:\/\/www.diversitycollectivevc.org\/services\/#youth-services\" target=\"_blank\" rel=\"noopener\">Paraguas arco iris<\/a>.<\/p>\n<p>Un proyecto local en el que Kim se ha implicado con pasi\u00f3n es <a href=\"https:\/\/www.conejovalleypride.com\/\" target=\"_blank\" rel=\"noopener\">Orgullo de Conejo Valley<\/a>. Tras asistir a uno de sus actos de recaudaci\u00f3n de fondos, se apunt\u00f3 como ayudante, y el grupo acogi\u00f3 con agrado su ayuda asign\u00e1ndole distintas tareas. Sin darse cuenta, entr\u00f3 a formar parte de su Junta Directiva. Dedic\u00f3 mucho tiempo y energ\u00eda a trabajar en sus celebraciones de 2018 y 2019, conoci\u00f3 a gente incre\u00edble y le encant\u00f3 la experiencia.<\/p>\n<p>Como el Conejo Valley Pride, al igual que muchos proyectos comunitarios, se ha puesto en pausa debido a la pandemia de COVID-19, Kim espera volver a ser voluntaria alg\u00fan d\u00eda. M\u00e1s all\u00e1 de las cuestiones LGBTQ+, tambi\u00e9n le apasiona apoyar el medio ambiente, el bienestar de los animales y a grupos marginados como la comunidad afroamericana.<\/p>\n<p><strong>\u00bfCu\u00e1ndo decidi\u00f3 crear el Fondo Kimberly J. Engberg para la Igualdad LGBTQ+ y c\u00f3mo fue para usted el proceso de creaci\u00f3n del fondo?<\/strong><\/p>\n<p>Siempre pensaba en cu\u00e1l ser\u00eda mi legado, qu\u00e9 dejar\u00eda cuando me fuera, y quer\u00eda asegurarme de que el mundo fuera un poco mejor gracias a mi presencia. Y como probablemente no voy a tener hijos, decid\u00ed dejar mi dinero en un fondo que ayudara a la gente a perpetuidad. As\u00ed que estuve buscando por ah\u00ed, preguntando a la gente c\u00f3mo pod\u00eda crear una organizaci\u00f3n sin \u00e1nimo de lucro, y habl\u00e9 con mi amiga Narissa Jim\u00e9nez-Petchumrus, con la que trabaj\u00e9 en Conejo Valley Pride, y me dijo que la VCCF estaba en esa zona, que me ayudar\u00edan a poner las cosas en marcha.<\/p>\n<p>As\u00ed que me dieron la direcci\u00f3n de correo electr\u00f3nico de Jim Rivera y le escrib\u00ed, y Jim y Vanessa son geniales. Hicieron que todo fuera como la seda. Era muy f\u00e1cil trabajar con ellos. Y tuve un par de conversaciones con ellos, y discutimos lo que quer\u00eda, y nos fuimos por un acuerdo de fondo. Volv\u00ed con ciertos m\u00e1rgenes y preguntas, y lo marcamos y lo revisaron y me lo enviaron de nuevo. Al final llegamos a un acuerdo y me facilitaron mucho el proceso. Me quitaron todo el trabajo y el estr\u00e9s. Aliviaron muchas de mis preguntas, muchas de mis preocupaciones, \u00a1y no tengo palabras para describirlo!<\/p>\n<p><strong>\u00bfC\u00f3mo ha visto que la filantrop\u00eda ayude a la comunidad LGBTQ+?<\/strong><\/p>\n<p>Los homosexuales pueden sentirse muy solos. Puede que no reciban aceptaci\u00f3n en su familia, en su trabajo o de sus amigos, por lo que se necesitan muchos sistemas de apoyo. Ayuda mucho encontrar a gente como t\u00fa con la que poder hablar y que te ayude y te anime. S\u00e9 que a m\u00ed me ha ayudado mucho conocer a otras personas transg\u00e9nero, sobre todo en Internet. Y necesitamos este tipo de apoyo, y necesitamos visibilidad para que la gente pueda ver que no est\u00e1 sola. Pueden ver que otras personas se expresan; los artistas, por ejemplo, expresan cosas para las que quiz\u00e1 no tengan palabras. Necesitan personas que les ayuden a comprenderse a s\u00ed mismos, a entender por lo que est\u00e1n pasando, grupos de apoyo, grupos de terapia, cosas as\u00ed. Y tenemos que unirnos y aumentar la visibilidad, porque creo que con la visibilidad viene la aceptaci\u00f3n, y necesitamos tanto apoyo p\u00fablico en forma de arte y defensa, como apoyo privado y personal en cosas como terapia de grupo y asesoramiento. Hay muchos grupos que apoyan y ofrecen estas cosas, pero no son suficientes para cubrir la necesidad actual.<\/p>\n<p><strong>\u00bfTiene alguna an\u00e9cdota relacionada con su experiencia filantr\u00f3pica? <\/strong><\/p>\n<p>Cuando trabajaba en Conejo Valley Pride, representaba el festival para varias organizaciones y ayudaba a publicitarlo, y recuerdo que un grupo al que me dirig\u00ed fue el Club Dem\u00f3crata de Conejo Valley y di un discurso all\u00ed. Era 2018; era un a\u00f1o electoral. Tambi\u00e9n hab\u00eda algunos candidatos muy importantes all\u00ed que tambi\u00e9n estaban en campa\u00f1a en ese momento, varios de ellos estaban sentados a la mesa con Kevin de Le\u00f3n, que se postulaba para el Senado de los Estados Unidos, y Henry Stern, que era el representante del Senado Estatal para el \u00e1rea. Me pareci\u00f3 incre\u00edble que yo, la peque\u00f1a y vieja yo, estuviera sentada justo al lado de estas personas tan importantes, teniendo acceso a ellos para hablar de estos temas. Y siendo un representante de mi comunidad frente a gente tan importante, me sent\u00eda como: \"\u00a1Vaya, este soy yo, he llegado de verdad!\".<\/p>\n<p><strong>\u00bfHay alguien en quien se inspire para apoyar a su comunidad?<\/strong><\/p>\n<p>En realidad, hay bastantes personas, y trabajando con grupos y como voluntario, tengo la suerte de conocer a un mont\u00f3n de gente realmente incre\u00edble. Siento que lo que estoy haciendo no es nada comparado con esta gente, ellos est\u00e1n haciendo el trabajo realmente duro de organizar los grupos, poner todo junto, y es realmente mucho m\u00e1s trabajo del que me gustar\u00eda hacer. Hay gente como Narissa Jim\u00e9nez-Petchumrus que organiz\u00f3 el Conejo Valley Pride, simplemente se lamentaban de la situaci\u00f3n un d\u00eda despu\u00e9s de las elecciones de 2016 pensando en lo mal que se estaban poniendo las cosas, y dec\u00edan: \"\u00bfPor qu\u00e9 no tenemos un festival del orgullo aqu\u00ed?\". En lugar de decir \"\u00bfPor qu\u00e9 no lo hace alguien?\", diciendo \"\u00bfPor qu\u00e9 no <em>I<\/em> hacer algo al respecto?\" Se pusieron manos a la obra. Lo organizaron todo y organizaron al grupo, y estoy realmente asombrada de c\u00f3mo fueron capaces de hacerlo.<\/p>\n<p>Mo Gonz\u00e1lez, a quien tambi\u00e9n he mencionado, que ha hecho el movimiento Get Loud, es otro gran lugar para la expresi\u00f3n queer en la comunidad. Hay gente como Joseph Summers, ex presidente del Colectivo Diversidad, que realmente hizo un trabajo incre\u00edble all\u00ed en la gesti\u00f3n de todos los diferentes programas que tienen all\u00ed. Anne Blakeley, que dirigi\u00f3 uno de los primeros grupos de apoyo a transexuales en los que particip\u00e9, y fue una de las primeras personas que conoc\u00ed en la comunidad, e hizo mucho por todo el mundo. No hab\u00eda l\u00edmite a lo que pod\u00eda hacer por ti si necesitabas ayuda. Por desgracia, ha dejado la comunidad, as\u00ed que ya no est\u00e1 en la zona, pero sigo admir\u00e1ndola mucho. Alguien como Audrey Ford, a quien conoc\u00ed en un grupo de apoyo y que trabaja con Rainbow Umbrella en el marco del Colectivo Diversidad. Son muy activas en ese sentido. Hay tanta gente y no paro de cruzarme con ellos por todas partes que no dejo de asombrarme, \u00bfde d\u00f3nde sacas la energ\u00eda para hacer esto? Porque no es algo que yo tenga la paciencia de hacer, as\u00ed que me alegro de poder apoyar a esta gente y ser el viento en su espalda si no puedo hacer otra cosa.<\/p>\n<p><strong>\u00bfTiene alg\u00fan mensaje para nuestros lectores ahora que se acerca el final del Mes del Orgullo? <\/strong><\/p>\n<p>Quer\u00eda se\u00f1alar que <a href=\"https:\/\/www.facebook.com\/OxnardLGBTQ\/posts\/pfbid02RDdNeV3RFr2sQTKRTFKmRyqYwKQT6ypePiXDdozFfqe74oNqscn9ztmQB53GSoqfl\" target=\"_blank\" rel=\"noopener\">Se acerca el Oxnard Pride (el s\u00e1bado 25 de junio)<\/a>y estoy planeando ir a eso.<\/p>\n<p>Y hay mucho trabajo por hacer, si puedes contribuir con tu tiempo o tu dinero, te sugiero que te pongas en contacto con estas organizaciones y veas qu\u00e9 ayuda necesitan. Cualquier cosa que puedas hacer, hay muchas organizaciones en la comunidad que necesitan tu ayuda. Necesitamos todos los aliados que podamos conseguir. Si t\u00fa tambi\u00e9n eres LGBTQ, estas organizaciones pueden ayudarte. No est\u00e1s solo.<\/p>\n<p><strong>\u00bfHay algo m\u00e1s que quiera decir?<\/strong><\/p>\n<p>Parece que hemos avanzado mucho, y as\u00ed es. Tengo 60 a\u00f1os, as\u00ed que he visto \u00e9pocas en las que las personas queer no eran aceptadas en absoluto. Te pod\u00edan despedir f\u00e1cilmente del trabajo por ser marica. Y ahora, parece que tenemos mucha aceptaci\u00f3n, tenemos igualdad matrimonial, tenemos leyes contra la discriminaci\u00f3n. Pero nos atacan desde muchos rincones, tanto en este pa\u00eds como en el resto del mundo. Y a\u00fan queda mucho trabajo por hacer. La lucha a\u00fan no ha terminado. Todav\u00eda tenemos que conseguir plenos derechos; todav\u00eda tenemos que conseguir plena aceptaci\u00f3n. No dejamos de o\u00edr hablar de actos de violencia, as\u00ed que ni siquiera nuestra seguridad est\u00e1 garantizada. Nos queda mucho trabajo por delante, aunque parezca que hemos conseguido mucho.<\/p>\n<p><em>Si desea m\u00e1s informaci\u00f3n sobre c\u00f3mo abrir un fondo en la VCCF, env\u00ede un correo electr\u00f3nico a Calleen Pardinas a la direcci\u00f3n <a href=\"mailto:cpardinas@vccf.org\">cpardinas@vccf.org<\/a>.<\/em><\/p>","protected":false},"excerpt":{"rendered":"<p>Por Lauren Graf Con motivo de la celebraci\u00f3n del Mes del Orgullo, la VCCF entrevist\u00f3 a Kim Engberg, fundadora del Fondo Kimberly J. Engberg para la Igualdad LGBTQ+ y...<\/p>","protected":false},"author":3,"featured_media":15820,"comment_status":"closed","ping_status":"closed","sticky":false,"template":"","format":"standard","meta":{"_acf_changed":false,"give_campaign_id":0,"footnotes":""},"categories":[27],"tags":[],"class_list":["post-15819","post","type-post","status-publish","format-standard","has-post-thumbnail","hentry","category-blog-posts"],"acf":[],"_links":{"self":[{"href":"https:\/\/vccf.org\/es\/wp-json\/wp\/v2\/posts\/15819","targetHints":{"allow":["GET"]}}],"collection":[{"href":"https:\/\/vccf.org\/es\/wp-json\/wp\/v2\/posts"}],"about":[{"href":"https:\/\/vccf.org\/es\/wp-json\/wp\/v2\/types\/post"}],"author":[{"embeddable":true,"href":"https:\/\/vccf.org\/es\/wp-json\/wp\/v2\/users\/3"}],"replies":[{"embeddable":true,"href":"https:\/\/vccf.org\/es\/wp-json\/wp\/v2\/comments?post=15819"}],"version-history":[{"count":0,"href":"https:\/\/vccf.org\/es\/wp-json\/wp\/v2\/posts\/15819\/revisions"}],"wp:featuredmedia":[{"embeddable":true,"href":"https:\/\/vccf.org\/es\/wp-json\/wp\/v2\/media\/15820"}],"wp:attachment":[{"href":"https:\/\/vccf.org\/es\/wp-json\/wp\/v2\/media?parent=15819"}],"wp:term":[{"taxonomy":"category","embeddable":true,"href":"https:\/\/vccf.org\/es\/wp-json\/wp\/v2\/categories?post=15819"},{"taxonomy":"post_tag","embeddable":true,"href":"https:\/\/vccf.org\/es\/wp-json\/wp\/v2\/tags?post=15819"}],"curies":[{"name":"wp","href":"https:\/\/api.w.org\/{rel}","templated":true}]}}