{"id":16353,"date":"2022-08-15T09:44:56","date_gmt":"2022-08-15T16:44:56","guid":{"rendered":"https:\/\/vccf.org\/?p=16353"},"modified":"2025-01-29T07:47:12","modified_gmt":"2025-01-29T07:47:12","slug":"ventura-county-mourns-supervisor-carmen-ramirez","status":"publish","type":"post","link":"https:\/\/vccf.org\/es\/ventura-county-mourns-supervisor-carmen-ramirez\/","title":{"rendered":"El condado de Ventura llora a la supervisora Carmen Ram\u00edrez"},"content":{"rendered":"<p><em>La Fundaci\u00f3n Comunitaria del Condado de Ventura lamenta la p\u00e9rdida de Carmen Ram\u00edrez, una hero\u00edna y pionera en la comunidad. Entre su activismo y servicio en todo el condado, se desempe\u00f1\u00f3 como co-presidente de la Iniciativa de Educaci\u00f3n Infantil en el Condado de Ventura y fue un ex miembro de la Junta VCCF. Realmente la echaremos de menos y celebraremos su incansable trabajo para lograr la equidad para todos en nuestra comunidad. <\/em><img loading=\"lazy\" decoding=\"async\" class=\"alignright wp-image-16354 size-medium\" src=\"https:\/\/vccf.org\/wp-content\/uploads\/2022\/08\/carmen-ramirez-300x300.jpeg\" alt=\"\" width=\"300\" height=\"300\" srcset=\"https:\/\/vccf.org\/wp-content\/uploads\/2022\/08\/carmen-ramirez-300x300.jpeg 300w, https:\/\/vccf.org\/wp-content\/uploads\/2022\/08\/carmen-ramirez-150x150.jpeg 150w, https:\/\/vccf.org\/wp-content\/uploads\/2022\/08\/carmen-ramirez-12x12.jpeg 12w, https:\/\/vccf.org\/wp-content\/uploads\/2022\/08\/carmen-ramirez.jpeg 730w\" sizes=\"auto, (max-width: 300px) 100vw, 300px\" \/>Los dirigentes del condado de Ventura estaban conmocionados cuando se difundi\u00f3 la noticia de que Carmen Ram\u00edrez, presidenta de la Junta de Supervisores del condado de Ventura, fue atropellada por una camioneta y muri\u00f3 en el centro de Oxnard el 12 de agosto.<\/p>\n<p>Ram\u00edrez, de 73 a\u00f1os, sal\u00eda de una reuni\u00f3n nocturna y cruzaba una calle cuando se produjo el accidente.<\/p>\n<p>Entre los l\u00edderes empresariales y comunitarios que lamentaban su muerte se encontraba Vanessa Bechtel, Directora General de la Fundaci\u00f3n Comunitaria del Condado de Ventura.<\/p>\n<p>\"Era una verdadera inspiraci\u00f3n\", escribi\u00f3 Bechtel en un correo electr\u00f3nico al Business Times.<\/p>\n<p>\"Ella un\u00eda a la gente\", dijo Harold Edwards, director general de Limoneira y presidente de la junta de Economic Development Collaborative, que presta servicio a los condados de Ventura y Santa B\u00e1rbara. \"La prematura marcha de Carmen deja un hueco en Oxnard, en el condado de Ventura y en la sociedad\".<\/p>\n<p>Edwards hab\u00eda sido vicepresidente de la junta de la EDC, colaborando estrechamente con Ram\u00edrez durante su mandato como presidente.<\/p>\n<p>El Dr. Gabino Aguirre, ex concejal y activista de la comunidad de Santa Paula, calific\u00f3 a Ram\u00edrez de \"activista, humanitario y pionero\".<\/p>\n<p>\"Carmen siempre tuvo una manera de aportar tanta bondad, compasi\u00f3n y amor a las situaciones m\u00e1s dif\u00edciles\", dijo la Comisionada del Distrito Portuario de Oxnard, Celina Zacarias, en una declaraci\u00f3n al Business Times. \"Siempre hablaba y defend\u00eda a los m\u00e1s vulnerables de nuestra comunidad\".<\/p>\n<p>En las \u00faltimas semanas, Ram\u00edrez hab\u00eda estado celebrando el nombramiento un\u00e1nime de Sevet Johnson como primera mujer negra consejera delegada del condado de Ventura. Johnson, psic\u00f3loga cl\u00ednica, hab\u00eda ejercido como directora general interina desde la abrupta marcha de Mike Powers en abril.<\/p>\n<p>Ram\u00edrez hab\u00eda sido uno de los art\u00edfices de la respuesta del condado a COVID-19, incluida la ayuda financiera a miles de peque\u00f1as empresas.<\/p>\n<p>En una nota dirigida a los miembros de la junta de la EDC, el director general Bruce Stenslie escribi\u00f3 que Ram\u00edrez era \"un incansable defensor y luchador por las oportunidades ampliamente compartidas, la prosperidad y la m\u00e1s alta calidad de vida\".<\/p>\n<p>En los \u00faltimos a\u00f1os, Ram\u00edrez se hab\u00eda implicado en los esfuerzos por mejorar la calidad de la educaci\u00f3n t\u00e9cnica y la cualificaci\u00f3n de la mano de obra en todo el condado de Ventura. Tambi\u00e9n era muy consciente de la necesidad de garantizar que los esfuerzos de desarrollo econ\u00f3mico ofrecieran oportunidades de progreso para todos.<\/p>\n<p>Como abogado y defensor de la comunidad y, m\u00e1s tarde, como concejal del Ayuntamiento de Oxnard, Ram\u00edrez luch\u00f3 con \u00e9xito por una soluci\u00f3n de bater\u00edas de reserva con emisiones casi nulas para sustituir a un viejo generador de gas que proporcionaba energ\u00eda de reserva a la red del oeste del condado de Ventura.<\/p>\n<p>Fue elegida para la Junta de Supervisores del Condado de Ventura en 2020, convirti\u00e9ndose en la primera latina en servir en la junta, y probablemente habr\u00eda enfrentado poca oposici\u00f3n para la reelecci\u00f3n en 2024. El gobernador Gavin Newsom nombrar\u00e1 un sustituto hasta las pr\u00f3ximas elecciones.<\/p>\n<p><em>Este art\u00edculo se public\u00f3 originalmente en <a href=\"https:\/\/www.pacbiztimes.com\/2022\/08\/13\/ventura-county-mourns-supervisor-carmen-ramirez\/\" target=\"_blank\" rel=\"noopener\">Pacific Coast Business Times<\/a>.<\/em><\/p>","protected":false},"excerpt":{"rendered":"<p>La Fundaci\u00f3n Comunitaria del Condado de Ventura lamenta la p\u00e9rdida de Carmen Ram\u00edrez, una hero\u00edna y pionera en la comunidad. Entre su activismo y servicio en todo el condado, fue copresidenta...<\/p>","protected":false},"author":3,"featured_media":16354,"comment_status":"closed","ping_status":"closed","sticky":false,"template":"","format":"standard","meta":{"_acf_changed":false,"give_campaign_id":0,"footnotes":""},"categories":[22],"tags":[],"class_list":["post-16353","post","type-post","status-publish","format-standard","has-post-thumbnail","hentry","category-latest-coverage"],"acf":[],"_links":{"self":[{"href":"https:\/\/vccf.org\/es\/wp-json\/wp\/v2\/posts\/16353","targetHints":{"allow":["GET"]}}],"collection":[{"href":"https:\/\/vccf.org\/es\/wp-json\/wp\/v2\/posts"}],"about":[{"href":"https:\/\/vccf.org\/es\/wp-json\/wp\/v2\/types\/post"}],"author":[{"embeddable":true,"href":"https:\/\/vccf.org\/es\/wp-json\/wp\/v2\/users\/3"}],"replies":[{"embeddable":true,"href":"https:\/\/vccf.org\/es\/wp-json\/wp\/v2\/comments?post=16353"}],"version-history":[{"count":0,"href":"https:\/\/vccf.org\/es\/wp-json\/wp\/v2\/posts\/16353\/revisions"}],"wp:featuredmedia":[{"embeddable":true,"href":"https:\/\/vccf.org\/es\/wp-json\/wp\/v2\/media\/16354"}],"wp:attachment":[{"href":"https:\/\/vccf.org\/es\/wp-json\/wp\/v2\/media?parent=16353"}],"wp:term":[{"taxonomy":"category","embeddable":true,"href":"https:\/\/vccf.org\/es\/wp-json\/wp\/v2\/categories?post=16353"},{"taxonomy":"post_tag","embeddable":true,"href":"https:\/\/vccf.org\/es\/wp-json\/wp\/v2\/tags?post=16353"}],"curies":[{"name":"wp","href":"https:\/\/api.w.org\/{rel}","templated":true}]}}