{"id":16596,"date":"2022-10-07T16:02:41","date_gmt":"2022-10-07T23:02:41","guid":{"rendered":"https:\/\/vccf.org\/?p=16596"},"modified":"2025-03-05T00:45:44","modified_gmt":"2025-03-05T08:45:44","slug":"power-of-purpose-september-23-2022","status":"publish","type":"post","link":"https:\/\/vccf.org\/es\/power-of-purpose-september-23-2022\/","title":{"rendered":"Power of Purpose - 23 de septiembre de 2022"},"content":{"rendered":"<p><img loading=\"lazy\" decoding=\"async\" class=\"size-full wp-image-14303 aligncenter\" src=\"https:\/\/vccf.org\/wp-content\/uploads\/2021\/12\/0ea2f070-926c-4b9e-fc28-bf93f02f9fe2.png\" alt=\"\" width=\"600\" height=\"301\" srcset=\"https:\/\/vccf.org\/wp-content\/uploads\/2021\/12\/0ea2f070-926c-4b9e-fc28-bf93f02f9fe2.png 600w, https:\/\/vccf.org\/wp-content\/uploads\/2021\/12\/0ea2f070-926c-4b9e-fc28-bf93f02f9fe2-300x151.png 300w, https:\/\/vccf.org\/wp-content\/uploads\/2021\/12\/0ea2f070-926c-4b9e-fc28-bf93f02f9fe2-18x9.png 18w\" sizes=\"auto, (max-width: 600px) 100vw, 600px\" \/>Estimada familia de la Fundaci\u00f3n Comunitaria del Condado de Ventura,<\/p>\n<p>Este lunes, el <strong>El Consejo de Administraci\u00f3n de la VCCF aprob\u00f3 m\u00e1s de $2.776.908,63 en subvenciones a nuestra comunidad<\/strong>. La emoci\u00f3n y la gratitud hacia ustedes, nuestra familia VCCF, por hacer posibles estas subvenciones llenaron la sala. Muchas gracias por todo lo que est\u00e1n haciendo para que el condado de Ventura y el mundo que compartimos sean un lugar mejor.<\/p>\n<p>Las subvenciones aprobadas se destinaron a docenas de organizaciones y causas locales sin \u00e1nimo de lucro. Algunas subvenciones se destinaron a <strong>ayuda a las familias que perdieron sus hogares en los incendios forestales de Thomas, Hill y Woolsey<\/strong>ayud\u00e1ndoles a conseguir por fin una vivienda permanente. Otros fondos se destinaron a organizaciones sin \u00e1nimo de lucro como <strong>Food Share, Kids and Families Together, Ventura Land Trust, Alzheimer's Association, <\/strong>y <strong>Livingston Memorial Visiting Nurse Association y Hospice<\/strong>por nombrar algunos.<\/p>\n<p>Una de las organizaciones que recibi\u00f3 una subvenci\u00f3n por primera vez fue <strong>La Liga de los Milagros de los 805<\/strong>apoy\u00e1ndoles en su esfuerzo por construir un campo de b\u00e9isbol accesible para ni\u00f1os y adultos con todas las capacidades. Le invitamos a <a href=\"https:\/\/vimeo.com\/311936039\" target=\"_blank\" rel=\"noopener\"><strong>m\u00e1s informaci\u00f3n en este v\u00eddeo<\/strong><\/a>.<\/p>\n<p>No hay l\u00edmite al bien que podemos hacer juntos.<\/p>\n<p><strong><a href=\"mailto:info@vccf.org\">Con\u00e9ctese con nosotros<\/a> <\/strong>y \u00fanete a nosotros en nuestro futuro <a href=\"https:\/\/vccf.org\/es\/events\/donor-peer-network-calendar\/\"><strong>Almuerzos de trabajo de la VCCF<\/strong><\/a>, <strong>visitas mensuales a organizaciones sin \u00e1nimo de lucro<\/strong>, <strong><a href=\"https:\/\/vccf.org\/es\/events\/virtual-coffee-and-connections\/\">Caf\u00e9 y conexiones<\/a><\/strong>y mucho m\u00e1s. Si desea m\u00e1s informaci\u00f3n sobre cualquiera de nuestras actividades, p\u00f3ngase en contacto con mi equipo en cualquier momento.<\/p>\n<p>En asociaci\u00f3n,<br \/>\nVanessa<br \/>\nVanessa Bechtel, Presidenta y Directora General de la VCCF<\/p>\n<h2 style=\"text-align: center;\">Fondo de Becas del Legado de Carmen Ram\u00edrez para apoyar el servicio p\u00fablico<\/h2>\n<p><img loading=\"lazy\" decoding=\"async\" class=\"wp-image-16483 aligncenter\" src=\"https:\/\/vccf.org\/wp-content\/uploads\/2022\/09\/carmen-ramirez-slider.jpg\" alt=\"\" width=\"600\" height=\"338\" srcset=\"https:\/\/vccf.org\/wp-content\/uploads\/2022\/09\/carmen-ramirez-slider.jpg 1920w, https:\/\/vccf.org\/wp-content\/uploads\/2022\/09\/carmen-ramirez-slider-300x169.jpg 300w, https:\/\/vccf.org\/wp-content\/uploads\/2022\/09\/carmen-ramirez-slider-1024x576.jpg 1024w, https:\/\/vccf.org\/wp-content\/uploads\/2022\/09\/carmen-ramirez-slider-768x432.jpg 768w, https:\/\/vccf.org\/wp-content\/uploads\/2022\/09\/carmen-ramirez-slider-1536x864.jpg 1536w, https:\/\/vccf.org\/wp-content\/uploads\/2022\/09\/carmen-ramirez-slider-18x10.jpg 18w\" sizes=\"auto, (max-width: 600px) 100vw, 600px\" \/>En <strong>Fondo de Becas del Legado de Carmen Ram\u00edrez para apoyar el servicio p\u00fablico<\/strong>creado por la familia de Carmen, est\u00e1 abierto a donaciones en la Fundaci\u00f3n Comunitaria del Condado de Ventura. Carmen fue una hero\u00edna y una pionera en el condado de Ventura y m\u00e1s all\u00e1. La extra\u00f1amos terriblemente y nos sentimos honrados de asociarnos con usted para continuar su legado y apoyar a nuestros futuros servidores p\u00fablicos.Donate<\/p>\n<h2 style=\"text-align: center;\">La familia Merewether apoya a Ventura Land Trust<\/h2>\n<p><img loading=\"lazy\" decoding=\"async\" class=\"alignleft wp-image-16597\" src=\"https:\/\/vccf.org\/wp-content\/uploads\/2022\/10\/merewether-2-300x225.jpg\" alt=\"\" width=\"400\" height=\"300\" \/><\/p>\n<p>Con la participaci\u00f3n de tres generaciones, el <strong>Familia Merewether, preciados clientes donantes de la VCCF<\/strong>se reunieron para apoyar la <strong>Ventura Land Trust y su campa\u00f1a de equiparaci\u00f3n<\/strong>. Desde 2003, Ventura Land Trust ha conservado y administrado espacios abiertos en el condado de Ventura, protegiendo m\u00e1s de <strong>3.800 acres de terreno en las laderas de Ventura, el r\u00edo Ventura y el estuario costero<\/strong>. La Directora Ejecutiva del Ventura Land Trust, Melissa Baffa, expres\u00f3 su enorme agradecimiento a la familia y a otros fil\u00e1ntropos de nuestra comunidad por sus generosas donaciones y por <strong>proteger lo que hace bella a Ventura, hoy, ma\u00f1ana... y <\/strong><em><strong>\u00a1para siempre!<\/strong><\/em><\/p>\n<p>En la foto, Loretta y Mike Merewether, as\u00ed como sus familiares y amigos, participan en proyectos de voluntariado en el VTL desde hace varios a\u00f1os.<\/p>\n<h2 style=\"text-align: center;\">Subvenci\u00f3n de la VCCF para el bienestar animal en acci\u00f3n<\/h2>\n<h3 style=\"text-align: center;\"><em>Girl Scouts de la Costa Central de California<\/em><\/h3>\n<p><img loading=\"lazy\" decoding=\"async\" class=\"aligncenter wp-image-22688 size-full\" src=\"https:\/\/vccf.org\/wp-content\/uploads\/2022\/10\/b2q_up4-scaled-1-1.jpeg\" alt=\"\" width=\"1920\" height=\"1280\" srcset=\"https:\/\/vccf.org\/wp-content\/uploads\/2022\/10\/b2q_up4-scaled-1-1.jpeg 1920w, https:\/\/vccf.org\/wp-content\/uploads\/2022\/10\/b2q_up4-scaled-1-1-300x200.jpeg 300w, https:\/\/vccf.org\/wp-content\/uploads\/2022\/10\/b2q_up4-scaled-1-1-1024x683.jpeg 1024w, https:\/\/vccf.org\/wp-content\/uploads\/2022\/10\/b2q_up4-scaled-1-1-768x512.jpeg 768w, https:\/\/vccf.org\/wp-content\/uploads\/2022\/10\/b2q_up4-scaled-1-1-1536x1024.jpeg 1536w, https:\/\/vccf.org\/wp-content\/uploads\/2022\/10\/b2q_up4-scaled-1-1-18x12.jpeg 18w\" sizes=\"auto, (max-width: 1920px) 100vw, 1920px\" \/>En julio, la Uni\u00f3n Internacional para la Conservaci\u00f3n de la Naturaleza categoriz\u00f3 la <strong>mariposa monarca migratoria <\/strong>como <strong>\"en peligro\"<\/strong> por primera vez, a dos pasos de la extinci\u00f3n. Gracias a la <strong>Girl Scouts de la Costa Central de California<\/strong>Un proyecto local fundamental est\u00e1 ayudando a proteger este incre\u00edble especial. La Fundaci\u00f3n Comunitaria del Condado de Ventura visit\u00f3 el proyecto de las Girls Scouts de la Costa Central de California. <strong>Instituto de Cr\u00eda e Investigaci\u00f3n de la Monarca en Camp Arnaz<\/strong> para ver el <strong>Subvenci\u00f3n de la VCCF para el bienestar animal<\/strong> a la organizaci\u00f3n en acci\u00f3n.M\u00e1s informaci\u00f3n<\/p>\n<h2 style=\"text-align: center;\">GenerosidadPorVida Give-O-Meter<\/h2>\n<p><strong>\u00bfC\u00f3mo se comparan sus donaciones y su voluntariado con los de personas como usted? Responda a una encuesta de seis preguntas<\/strong> para averiguarlo, ver d\u00f3nde puede haber espacio para crecer y consultar un panel de generosidad para personas que comparten sus datos demogr\u00e1ficos.<\/p>\n<p>Calcula el total de tus donaciones y voluntariado del a\u00f1o pasado, junto con algunos datos demogr\u00e1ficos b\u00e1sicos, para ver c\u00f3mo te comparas con personas de tus caracter\u00edsticas. \u00bfQu\u00e9 porcentaje de personas como t\u00fa dan menos que t\u00fa, o m\u00e1s que t\u00fa? Consulta el cuadro de mandos para ver cu\u00e1ntos de tus compa\u00f1eros realizan donaciones y voluntariado, cu\u00e1nto donan y a qu\u00e9 tipo de organizaciones lo hacen.Haz la prueba<\/p>\n<h2 style=\"text-align: center;\">D\u00eda del Aire Limpio de California 2022<\/h2>\n<p><img loading=\"lazy\" decoding=\"async\" class=\"wp-image-16600 aligncenter\" src=\"https:\/\/vccf.org\/wp-content\/uploads\/2022\/10\/clean-air-day-2022.jpg\" alt=\"\" width=\"400\" height=\"329\" srcset=\"https:\/\/vccf.org\/wp-content\/uploads\/2022\/10\/clean-air-day-2022.jpg 898w, https:\/\/vccf.org\/wp-content\/uploads\/2022\/10\/clean-air-day-2022-300x247.jpg 300w, https:\/\/vccf.org\/wp-content\/uploads\/2022\/10\/clean-air-day-2022-768x632.jpg 768w, https:\/\/vccf.org\/wp-content\/uploads\/2022\/10\/clean-air-day-2022-15x12.jpg 15w\" sizes=\"auto, (max-width: 400px) 100vw, 400px\" \/>La VCCF se enorgullece de participar en <strong>D\u00eda del Aire Limpio de California 2022<\/strong>que se celebra el 5 de octubre. El D\u00eda del Aire Limpio de California se basa en la idea de que las experiencias compartidas unen a las personas para actuar y mejorar la salud de nuestra comunidad. <strong>Al unirnos en un d\u00eda de acci\u00f3n unificada podemos crear nuevos h\u00e1bitos para limpiar el aire para todos los miembros de las diversas comunidades de California.<\/strong>.<\/p>\n<p><strong>Comprom\u00e9tete con el D\u00eda del Aire Limpio<\/strong>\u00a0Vea c\u00f3mo puede ayudar a su planeta a conseguir un futuro m\u00e1s limpio y ecol\u00f3gico.<\/p>\n<h2 style=\"text-align: center;\">El poder de la comunidad<\/h2>\n<h3 style=\"text-align: center;\"><strong>Buenas noticias de SU Comunidad Ventura<\/strong><\/h3>\n<p><img loading=\"lazy\" decoding=\"async\" class=\"aligncenter wp-image-14498\" src=\"https:\/\/vccf.org\/wp-content\/uploads\/2021\/12\/power-of-community.png\" alt=\"\" width=\"600\" height=\"228\" srcset=\"https:\/\/vccf.org\/wp-content\/uploads\/2021\/12\/power-of-community.png 820w, https:\/\/vccf.org\/wp-content\/uploads\/2021\/12\/power-of-community-300x114.png 300w, https:\/\/vccf.org\/wp-content\/uploads\/2021\/12\/power-of-community-768x292.png 768w, https:\/\/vccf.org\/wp-content\/uploads\/2021\/12\/power-of-community-18x7.png 18w\" sizes=\"auto, (max-width: 600px) 100vw, 600px\" \/><\/p>\n<h3 style=\"text-align: center;\"><strong>Nate's Place, un centro de bienestar y recuperaci\u00f3n<\/strong><\/h3>\n<p><img loading=\"lazy\" decoding=\"async\" class=\"aligncenter wp-image-16601\" src=\"https:\/\/vccf.org\/wp-content\/uploads\/2022\/10\/nate-1.jpg\" alt=\"\" width=\"600\" height=\"418\" srcset=\"https:\/\/vccf.org\/wp-content\/uploads\/2022\/10\/nate-1.jpg 1222w, https:\/\/vccf.org\/wp-content\/uploads\/2022\/10\/nate-1-300x209.jpg 300w, https:\/\/vccf.org\/wp-content\/uploads\/2022\/10\/nate-1-1024x714.jpg 1024w, https:\/\/vccf.org\/wp-content\/uploads\/2022\/10\/nate-1-768x535.jpg 768w, https:\/\/vccf.org\/wp-content\/uploads\/2022\/10\/nate-1-18x12.jpg 18w\" sizes=\"auto, (max-width: 600px) 100vw, 600px\" \/><strong>Nate's Place, un centro de bienestar y recuperaci\u00f3n<\/strong>es una organizaci\u00f3n sin \u00e1nimo de lucro que ofrece <strong>apoyo entre iguales coaching para la recuperaci\u00f3n <\/strong>y <strong>actividades de sustituci\u00f3n saludables <\/strong>para <strong>adolescentes y adultos j\u00f3venes en riesgo de drogadicci\u00f3n o que se est\u00e1n recuperando de ella<\/strong>fundada para honrar la vida de la juventud local <strong>Nate Rhoades<\/strong>. Nate se gradu\u00f3 en el instituto Nordhoff y falleci\u00f3 tras un accidente de tr\u00e1fico en enero de 2022. Sus padres, Heidi y Larry Rhoades, crearon la organizaci\u00f3n para <strong>continuar su legado de ayudar a otras personas a recuperarse de la drogadicci\u00f3n despu\u00e9s de haberse recuperado de su propia adicci\u00f3n. <\/strong><\/p>\n<p>Obtenga m\u00e1s informaci\u00f3n sobre este incre\u00edble nuevo beneficio, incluidas noticias sobre su nueva sede y su objetivo de poner servicios a disposici\u00f3n de los j\u00f3venes con bajos ingresos, y <a href=\"https:\/\/vccf.us19.list-manage.com\/track\/click?u=c9b2623ed494d61a163dd363c&amp;id=87f0a9d49c&amp;e=fa866f741a\" target=\"_blank\" rel=\"noopener\"><strong>No se pierda el pr\u00f3ximo concierto para recaudar fondos, el 25 de septiembre.<\/strong><\/a>Seguir leyendo<\/p>","protected":false},"excerpt":{"rendered":"<p>Estimada familia de la Fundaci\u00f3n Comunitaria del Condado de Ventura, Este lunes, la Junta Directiva de la VCCF aprob\u00f3 m\u00e1s de $2,776,908.63 en subvenciones para nuestra comunidad. La emoci\u00f3n y la gratitud a ustedes, nuestra familia VCCF,...<\/p>","protected":false},"author":3,"featured_media":16597,"comment_status":"closed","ping_status":"closed","sticky":false,"template":"","format":"standard","meta":{"_acf_changed":false,"give_campaign_id":0,"footnotes":""},"categories":[24],"tags":[],"class_list":["post-16596","post","type-post","status-publish","format-standard","has-post-thumbnail","hentry","category-newsletters"],"acf":[],"_links":{"self":[{"href":"https:\/\/vccf.org\/es\/wp-json\/wp\/v2\/posts\/16596","targetHints":{"allow":["GET"]}}],"collection":[{"href":"https:\/\/vccf.org\/es\/wp-json\/wp\/v2\/posts"}],"about":[{"href":"https:\/\/vccf.org\/es\/wp-json\/wp\/v2\/types\/post"}],"author":[{"embeddable":true,"href":"https:\/\/vccf.org\/es\/wp-json\/wp\/v2\/users\/3"}],"replies":[{"embeddable":true,"href":"https:\/\/vccf.org\/es\/wp-json\/wp\/v2\/comments?post=16596"}],"version-history":[{"count":0,"href":"https:\/\/vccf.org\/es\/wp-json\/wp\/v2\/posts\/16596\/revisions"}],"wp:featuredmedia":[{"embeddable":true,"href":"https:\/\/vccf.org\/es\/wp-json\/wp\/v2\/media\/16597"}],"wp:attachment":[{"href":"https:\/\/vccf.org\/es\/wp-json\/wp\/v2\/media?parent=16596"}],"wp:term":[{"taxonomy":"category","embeddable":true,"href":"https:\/\/vccf.org\/es\/wp-json\/wp\/v2\/categories?post=16596"},{"taxonomy":"post_tag","embeddable":true,"href":"https:\/\/vccf.org\/es\/wp-json\/wp\/v2\/tags?post=16596"}],"curies":[{"name":"wp","href":"https:\/\/api.w.org\/{rel}","templated":true}]}}