{"id":16836,"date":"2022-10-31T12:06:31","date_gmt":"2022-10-31T19:06:31","guid":{"rendered":"https:\/\/vccf.org\/?p=16836"},"modified":"2025-03-03T05:30:04","modified_gmt":"2025-03-03T13:30:04","slug":"power-of-purpose-october-31-2022","status":"publish","type":"post","link":"https:\/\/vccf.org\/es\/power-of-purpose-october-31-2022\/","title":{"rendered":"Power of Purpose - 31 de octubre de 2022"},"content":{"rendered":"<p><img loading=\"lazy\" decoding=\"async\" class=\"aligncenter wp-image-14303 size-full\" src=\"https:\/\/vccf.org\/wp-content\/uploads\/2021\/12\/0ea2f070-926c-4b9e-fc28-bf93f02f9fe2.png\" alt=\"\" width=\"600\" height=\"301\" srcset=\"https:\/\/vccf.org\/wp-content\/uploads\/2021\/12\/0ea2f070-926c-4b9e-fc28-bf93f02f9fe2.png 600w, https:\/\/vccf.org\/wp-content\/uploads\/2021\/12\/0ea2f070-926c-4b9e-fc28-bf93f02f9fe2-300x151.png 300w, https:\/\/vccf.org\/wp-content\/uploads\/2021\/12\/0ea2f070-926c-4b9e-fc28-bf93f02f9fe2-18x9.png 18w\" sizes=\"auto, (max-width: 600px) 100vw, 600px\" \/>Estimada familia de la Fundaci\u00f3n Comunitaria del Condado de Ventura,<\/p>\n<p>It has been <strong>20 years since California State University, Channel Islands (CSUCI) held its first official day of classes<\/strong>. It is inspiring to read the historical timeline of events that resulted in Ventura County having its own prestigious four-year public university, and the theme for this milestone moment, \u201cHonoring our Past \u2013 Building the Future\u201d is simply perfect.<\/p>\n<p>It has been a true community effort and visionary leadership since the founding of CSUCI that has brought <strong>life-changing education to our region<\/strong>. The economic and cultural benefits to our community are too many to mention here; <strong>the university is truly a cornerstone to a healthy future for all in Ventura County<\/strong>.<\/p>\n<p>There is so much good happening in our community. Below are just a few of many examples. Bottomline, <strong>our nonprofit sector is full of whole-hearted people like you<\/strong>, doing all they can to create lasting impact in our shared world. Thank you!<\/p>\n<p>Lastly, I hope you will join me in celebrating the recognition of <strong>VCCF Board Secretary, Leah Lacayo, for receiving the 2022 Robert J. Lagomarsino Award<\/strong> by CSUCI, and VCCF Vice <strong>President &amp; Chief Financial Officer, Bonnie Gilles, who was recognized by the Pacific Coast Business Times as a TOP CFO in our region.<\/strong><\/p>\n<p>In gratitude,<br \/>\nVanessa<br \/>\n<em>Vanessa Bechtel, Presidenta y Directora General de la VCCF<\/em><img loading=\"lazy\" decoding=\"async\" class=\"wp-image-22681 size-medium alignleft\" src=\"https:\/\/vccf.org\/wp-content\/uploads\/2022\/10\/bonnie-scaled-1-300x189.jpg\" alt=\"\" width=\"300\" height=\"189\" srcset=\"https:\/\/vccf.org\/wp-content\/uploads\/2022\/10\/bonnie-scaled-1-300x189.jpg 300w, https:\/\/vccf.org\/wp-content\/uploads\/2022\/10\/bonnie-scaled-1-1024x645.jpg 1024w, https:\/\/vccf.org\/wp-content\/uploads\/2022\/10\/bonnie-scaled-1-768x484.jpg 768w, https:\/\/vccf.org\/wp-content\/uploads\/2022\/10\/bonnie-scaled-1-1536x967.jpg 1536w, https:\/\/vccf.org\/wp-content\/uploads\/2022\/10\/bonnie-scaled-1-18x12.jpg 18w, https:\/\/vccf.org\/wp-content\/uploads\/2022\/10\/bonnie-scaled-1.jpg 1920w\" sizes=\"auto, (max-width: 300px) 100vw, 300px\" \/><img loading=\"lazy\" decoding=\"async\" class=\"wp-image-22682 size-medium alignright\" src=\"https:\/\/vccf.org\/wp-content\/uploads\/2022\/10\/leah-scaled-e1667329133651-300x191.jpg\" alt=\"\" width=\"300\" height=\"191\" srcset=\"https:\/\/vccf.org\/wp-content\/uploads\/2022\/10\/leah-scaled-e1667329133651-300x191.jpg 300w, https:\/\/vccf.org\/wp-content\/uploads\/2022\/10\/leah-scaled-e1667329133651-1024x653.jpg 1024w, https:\/\/vccf.org\/wp-content\/uploads\/2022\/10\/leah-scaled-e1667329133651-768x490.jpg 768w, https:\/\/vccf.org\/wp-content\/uploads\/2022\/10\/leah-scaled-e1667329133651-1536x979.jpg 1536w, https:\/\/vccf.org\/wp-content\/uploads\/2022\/10\/leah-scaled-e1667329133651-18x12.jpg 18w, https:\/\/vccf.org\/wp-content\/uploads\/2022\/10\/leah-scaled-e1667329133651.jpg 1920w\" sizes=\"auto, (max-width: 300px) 100vw, 300px\" \/>Support CSUCI<\/p>\n<h2 style=\"text-align: center;\">Growing Works Site Visit with Supervisor Linda Parks<\/h2>\n<p><img loading=\"lazy\" decoding=\"async\" class=\"alignleft wp-image-16574 size-medium\" src=\"https:\/\/vccf.org\/wp-content\/uploads\/2022\/09\/dsc00174-scaled-1-300x200.jpg\" alt=\"\" width=\"300\" height=\"200\" srcset=\"https:\/\/vccf.org\/wp-content\/uploads\/2022\/09\/dsc00174-scaled-1-300x200.jpg 300w, https:\/\/vccf.org\/wp-content\/uploads\/2022\/09\/dsc00174-scaled-1-1024x683.jpg 1024w, https:\/\/vccf.org\/wp-content\/uploads\/2022\/09\/dsc00174-scaled-1-768x512.jpg 768w, https:\/\/vccf.org\/wp-content\/uploads\/2022\/09\/dsc00174-scaled-1-1536x1024.jpg 1536w, https:\/\/vccf.org\/wp-content\/uploads\/2022\/09\/dsc00174-scaled-1-18x12.jpg 18w, https:\/\/vccf.org\/wp-content\/uploads\/2022\/09\/dsc00174-scaled-1.jpg 1920w\" sizes=\"auto, (max-width: 300px) 100vw, 300px\" \/><img loading=\"lazy\" decoding=\"async\" class=\"wp-image-22684 size-medium alignright\" src=\"https:\/\/vccf.org\/wp-content\/uploads\/2022\/10\/5dsc00169-scaled-1-300x200.jpg\" alt=\"\" width=\"300\" height=\"200\" srcset=\"https:\/\/vccf.org\/wp-content\/uploads\/2022\/10\/5dsc00169-scaled-1-300x200.jpg 300w, https:\/\/vccf.org\/wp-content\/uploads\/2022\/10\/5dsc00169-scaled-1-1024x683.jpg 1024w, https:\/\/vccf.org\/wp-content\/uploads\/2022\/10\/5dsc00169-scaled-1-768x512.jpg 768w, https:\/\/vccf.org\/wp-content\/uploads\/2022\/10\/5dsc00169-scaled-1-1536x1024.jpg 1536w, https:\/\/vccf.org\/wp-content\/uploads\/2022\/10\/5dsc00169-scaled-1-18x12.jpg 18w, https:\/\/vccf.org\/wp-content\/uploads\/2022\/10\/5dsc00169-scaled-1.jpg 1920w\" sizes=\"auto, (max-width: 300px) 100vw, 300px\" \/>VCCF staff and the Donor Peer Network toured <strong>Growing Works<\/strong>\u2019 Lewis Road facility in Camarillo. This hub for &#8220;horticultural therapy&#8221; <strong>helps community members experiencing homelessness<\/strong> practice self-care, learn valuable skills, and look beyond the barriers so often encountered when navigating Ventura County\u2019s social services network.Read More<\/p>\n<h2 style=\"text-align: center;\">Fundaci\u00f3n Nacional de Perros de B\u00fasqueda para Cat\u00e1strofes<\/h2>\n<h3 style=\"text-align: center;\"><em>Paws on the ground in wake of hurricanes<\/em><\/h3>\n<p><img loading=\"lazy\" decoding=\"async\" class=\"aligncenter wp-image-16844\" src=\"https:\/\/vccf.org\/wp-content\/uploads\/2022\/11\/sdf.jpg\" alt=\"\" width=\"600\" height=\"338\" srcset=\"https:\/\/vccf.org\/wp-content\/uploads\/2022\/11\/sdf.jpg 800w, https:\/\/vccf.org\/wp-content\/uploads\/2022\/11\/sdf-300x169.jpg 300w, https:\/\/vccf.org\/wp-content\/uploads\/2022\/11\/sdf-768x432.jpg 768w, https:\/\/vccf.org\/wp-content\/uploads\/2022\/11\/sdf-18x10.jpg 18w\" sizes=\"auto, (max-width: 600px) 100vw, 600px\" \/><\/p>\n<p>In response to the <strong>deadly destruction of Hurricanes Fiona and Ian<\/strong>, Santa Paula-based nonprofit <strong>Fundaci\u00f3n Nacional de Perros de B\u00fasqueda para Cat\u00e1strofes<\/strong> deployed <strong>four trained canine disaster teams<\/strong> during and in the aftermath of these storms to <strong>help communities in need<\/strong>Seguir leyendo<\/p>\n<h2 style=\"text-align: center;\">Kimberly J. Engberg Fund for LGBTQ+ Equality &#8211; Applications Open!<\/h2>\n<p><img loading=\"lazy\" decoding=\"async\" class=\"size-full wp-image-14495 aligncenter\" src=\"https:\/\/vccf.org\/wp-content\/uploads\/2021\/12\/kjef-white0.png\" alt=\"\" width=\"392\" height=\"196\" srcset=\"https:\/\/vccf.org\/wp-content\/uploads\/2021\/12\/kjef-white0.png 392w, https:\/\/vccf.org\/wp-content\/uploads\/2021\/12\/kjef-white0-300x150.png 300w, https:\/\/vccf.org\/wp-content\/uploads\/2021\/12\/kjef-white0-18x9.png 18w\" sizes=\"auto, (max-width: 392px) 100vw, 392px\" \/><strong>Applications are open for the Kimberly J. Engberg Fund for LGBTQ+ Equality!<\/strong> This fund focuses on <strong>organizations embracing LGBTQ identities and serving these communities<\/strong> in the counties of Ventura, Santa Barbara, and San Luis Obispo. Applications must be submitted through the VCCF Fund Portal by <strong>Friday, November 18, 2022. <\/strong>Solicitar aqu\u00ed<img loading=\"lazy\" decoding=\"async\" class=\"aligncenter wp-image-16845 size-full\" src=\"https:\/\/vccf.org\/wp-content\/uploads\/2022\/11\/natl-philanthropy-day.jpg\" alt=\"\" width=\"600\" height=\"205\" srcset=\"https:\/\/vccf.org\/wp-content\/uploads\/2022\/11\/natl-philanthropy-day.jpg 600w, https:\/\/vccf.org\/wp-content\/uploads\/2022\/11\/natl-philanthropy-day-300x103.jpg 300w, https:\/\/vccf.org\/wp-content\/uploads\/2022\/11\/natl-philanthropy-day-18x6.jpg 18w\" sizes=\"auto, (max-width: 600px) 100vw, 600px\" \/><\/p>\n<p>This November 15, VCCF would like to <strong>celebrate everyone in our philanthropic community<\/strong> for their <strong>generosity and active support of Ventura County!<\/strong> Thank you to all of our incredible donors, and <strong>see how you can make a difference<\/strong> with your community foundation.Start a Fund<\/p>\n<h2 style=\"text-align: center;\">El poder de la comunidad<\/h2>\n<h3 style=\"text-align: center;\">Good news from YOUR Ventura Community<\/h3>\n<p><img loading=\"lazy\" decoding=\"async\" class=\"size-full wp-image-14498 aligncenter\" src=\"https:\/\/vccf.org\/wp-content\/uploads\/2021\/12\/power-of-community.png\" alt=\"\" width=\"820\" height=\"312\" srcset=\"https:\/\/vccf.org\/wp-content\/uploads\/2021\/12\/power-of-community.png 820w, https:\/\/vccf.org\/wp-content\/uploads\/2021\/12\/power-of-community-300x114.png 300w, https:\/\/vccf.org\/wp-content\/uploads\/2021\/12\/power-of-community-768x292.png 768w, https:\/\/vccf.org\/wp-content\/uploads\/2021\/12\/power-of-community-18x7.png 18w\" sizes=\"auto, (max-width: 820px) 100vw, 820px\" \/><\/p>\n<h3 style=\"text-align: center;\">American Red Cross Supports Thousands in Hurricane Ian\u2019s Wake<\/h3>\n<p><img loading=\"lazy\" decoding=\"async\" class=\"aligncenter wp-image-16847\" src=\"https:\/\/vccf.org\/wp-content\/uploads\/2022\/11\/red-cross-ian.jpg\" alt=\"\" width=\"600\" height=\"246\" srcset=\"https:\/\/vccf.org\/wp-content\/uploads\/2022\/11\/red-cross-ian.jpg 1132w, https:\/\/vccf.org\/wp-content\/uploads\/2022\/11\/red-cross-ian-300x123.jpg 300w, https:\/\/vccf.org\/wp-content\/uploads\/2022\/11\/red-cross-ian-1024x421.jpg 1024w, https:\/\/vccf.org\/wp-content\/uploads\/2022\/11\/red-cross-ian-768x315.jpg 768w, https:\/\/vccf.org\/wp-content\/uploads\/2022\/11\/red-cross-ian-18x7.jpg 18w\" sizes=\"auto, (max-width: 600px) 100vw, 600px\" \/><\/p>\n<p>Over 1,500 American Red Cross volunteers and employees provided relief to tens of thousands of Floridians in the aftermath of Hurricane Ian, one of the worst storms to hit the state. While some 600,000 residents faced power outages and treacherous conditions as the hurricane ripped through cities across Florida, Red Cross responders worked tirelessly to offer meals, rest, emotional support and more at shelters and via emergency response vehicles in difficult-to-reach regions.<\/p>\n<p><img loading=\"lazy\" decoding=\"async\" class=\"aligncenter wp-image-16848\" src=\"https:\/\/vccf.org\/wp-content\/uploads\/2022\/11\/red-cross.jpg\" alt=\"\" width=\"600\" height=\"181\" srcset=\"https:\/\/vccf.org\/wp-content\/uploads\/2022\/11\/red-cross.jpg 1801w, https:\/\/vccf.org\/wp-content\/uploads\/2022\/11\/red-cross-300x91.jpg 300w, https:\/\/vccf.org\/wp-content\/uploads\/2022\/11\/red-cross-1024x309.jpg 1024w, https:\/\/vccf.org\/wp-content\/uploads\/2022\/11\/red-cross-768x232.jpg 768w, https:\/\/vccf.org\/wp-content\/uploads\/2022\/11\/red-cross-1536x464.jpg 1536w, https:\/\/vccf.org\/wp-content\/uploads\/2022\/11\/red-cross-18x5.jpg 18w\" sizes=\"auto, (max-width: 600px) 100vw, 600px\" \/>Seguir leyendo<\/p>\n<h2 style=\"text-align: center;\">Eventos<\/h2>\n<p><img loading=\"lazy\" decoding=\"async\" class=\"aligncenter wp-image-16849\" src=\"https:\/\/vccf.org\/wp-content\/uploads\/2022\/11\/nov-coffee-connections-fb-header.png\" alt=\"\" width=\"600\" height=\"338\" srcset=\"https:\/\/vccf.org\/wp-content\/uploads\/2022\/11\/nov-coffee-connections-fb-header.png 1920w, https:\/\/vccf.org\/wp-content\/uploads\/2022\/11\/nov-coffee-connections-fb-header-300x169.png 300w, https:\/\/vccf.org\/wp-content\/uploads\/2022\/11\/nov-coffee-connections-fb-header-1024x576.png 1024w, https:\/\/vccf.org\/wp-content\/uploads\/2022\/11\/nov-coffee-connections-fb-header-768x432.png 768w, https:\/\/vccf.org\/wp-content\/uploads\/2022\/11\/nov-coffee-connections-fb-header-1536x864.png 1536w, https:\/\/vccf.org\/wp-content\/uploads\/2022\/11\/nov-coffee-connections-fb-header-18x10.png 18w\" sizes=\"auto, (max-width: 600px) 100vw, 600px\" \/>Reg\u00edstrese en<\/p>","protected":false},"excerpt":{"rendered":"<p>Estimada familia de la Fundaci\u00f3n Comunitaria del Condado de Ventura, Han pasado 20 a\u00f1os desde que la Universidad Estatal de California, Channel Islands (CSUCI) celebr\u00f3 su primer d\u00eda oficial de clases. Es inspirador leer...<\/p>","protected":false},"author":3,"featured_media":16574,"comment_status":"closed","ping_status":"closed","sticky":false,"template":"","format":"standard","meta":{"_acf_changed":false,"give_campaign_id":0,"footnotes":""},"categories":[24],"tags":[],"class_list":["post-16836","post","type-post","status-publish","format-standard","has-post-thumbnail","hentry","category-newsletters"],"acf":[],"_links":{"self":[{"href":"https:\/\/vccf.org\/es\/wp-json\/wp\/v2\/posts\/16836","targetHints":{"allow":["GET"]}}],"collection":[{"href":"https:\/\/vccf.org\/es\/wp-json\/wp\/v2\/posts"}],"about":[{"href":"https:\/\/vccf.org\/es\/wp-json\/wp\/v2\/types\/post"}],"author":[{"embeddable":true,"href":"https:\/\/vccf.org\/es\/wp-json\/wp\/v2\/users\/3"}],"replies":[{"embeddable":true,"href":"https:\/\/vccf.org\/es\/wp-json\/wp\/v2\/comments?post=16836"}],"version-history":[{"count":0,"href":"https:\/\/vccf.org\/es\/wp-json\/wp\/v2\/posts\/16836\/revisions"}],"wp:featuredmedia":[{"embeddable":true,"href":"https:\/\/vccf.org\/es\/wp-json\/wp\/v2\/media\/16574"}],"wp:attachment":[{"href":"https:\/\/vccf.org\/es\/wp-json\/wp\/v2\/media?parent=16836"}],"wp:term":[{"taxonomy":"category","embeddable":true,"href":"https:\/\/vccf.org\/es\/wp-json\/wp\/v2\/categories?post=16836"},{"taxonomy":"post_tag","embeddable":true,"href":"https:\/\/vccf.org\/es\/wp-json\/wp\/v2\/tags?post=16836"}],"curies":[{"name":"wp","href":"https:\/\/api.w.org\/{rel}","templated":true}]}}